{"id":302394,"date":"2025-12-23T00:21:10","date_gmt":"2025-12-23T00:21:10","guid":{"rendered":"https:\/\/www.europesays.com\/es\/302394\/"},"modified":"2025-12-23T00:21:10","modified_gmt":"2025-12-23T00:21:10","slug":"persona-3-reload-mejora-su-framerate-y-recibe-su-primer-descuento-en-nintendo-switch-2","status":"publish","type":"post","link":"https:\/\/www.europesays.com\/es\/302394\/","title":{"rendered":"Persona 3 Reload mejora su framerate y recibe su primer descuento en Nintendo Switch 2"},"content":{"rendered":"<p>Parece que hay novedades de esta edici\u00f3n de <strong>Persona 3 Reload<\/strong>. Hace unos meses nos llegaban palabras sobre\u00a0<a href=\"https:\/\/www.nintenderos.com\/2024\/01\/responsables-de-persona-3-reload-explican-por-que-no-esta-en-nintendo-switch-y-las-posibilidades-de-que-llegue-a-consola\/\" rel=\"nofollow noopener\" target=\"_blank\">por qu\u00e9 no estaba en la consola<\/a>, y ahora por fin\u00a0<a href=\"https:\/\/www.nintenderos.com\/2025\/07\/persona-3-reload-se-confirma-oficialmente-para-nintendo-switch-2\/\" rel=\"nofollow noopener\" target=\"_blank\">se ha anunciado para la sucesora<\/a>: SEGA y Atlus\u00a0<strong>han lanzado Persona 3 Reload a Nintendo Switch 2<\/strong>.<\/p>\n<p>Ahora, tras este esperado anuncio y el lanzamiento de\u00a0<a href=\"https:\/\/www.nintenderos.com\/nintendo-switch-2\/persona-3-reload-recibe-demo-hoy-en-nintendo-switch-2\/\" rel=\"nofollow noopener\" target=\"_blank\">su demo en Switch 2<\/a>, tenemos disponible <strong>una nueva actualizaci\u00f3n<\/strong>, que incluye lo siguiente en <strong>esta versi\u00f3n 1.03<\/strong>:<\/p>\n<ul data-start=\"0\" data-end=\"595\" data-is-last-node=\"\" data-is-only-node=\"\">\n<li data-start=\"107\" data-end=\"221\">\n<p data-start=\"109\" data-end=\"221\"><strong data-start=\"109\" data-end=\"135\" data-is-only-node=\"\">Nuevo Modo Rendimiento<\/strong> (solo disponible en <strong data-start=\"156\" data-end=\"167\">Modo TV<\/strong>), con un objetivo de <strong data-start=\"189\" data-end=\"218\">60 frames por segundo<\/strong>.<\/p>\n<p>Otros contenidos en esta categor\u00eda:\n<\/li>\n<li data-start=\"222\" data-end=\"325\">\n<p data-start=\"224\" data-end=\"325\"><strong data-start=\"224\" data-end=\"275\" data-is-only-node=\"\">Mejora de la estabilidad de la tasa de im\u00e1genes<\/strong> tanto en <strong data-start=\"285\" data-end=\"296\">Modo TV<\/strong> como en <strong data-start=\"305\" data-end=\"322\">Modo port\u00e1til<\/strong>.<\/p>\n<\/li>\n<li data-start=\"326\" data-end=\"432\">\n<p data-start=\"328\" data-end=\"432\"><strong data-start=\"328\" data-end=\"375\" data-is-only-node=\"\">La demo gratuita tambi\u00e9n recibir\u00e1 el parche<\/strong> en los pr\u00f3ximos d\u00edas (fecha exacta a\u00fan por confirmar).<\/p>\n<\/li>\n<li data-start=\"433\" data-end=\"595\" data-is-last-node=\"\">\n<p data-start=\"435\" data-end=\"595\" data-is-last-node=\"\"><strong data-start=\"435\" data-end=\"485\" data-is-only-node=\"\">Primera rebaja de Persona 3 Reload en Switch 2<\/strong>: disponible en Nintendo eShop con un <strong data-start=\"523\" data-end=\"544\">15 % de descuento<\/strong>, por <strong data-start=\"550\" data-end=\"561\">50,99 $ \/ 50,99 \u20ac<\/strong>\u00a0hasta el <strong data-start=\"572\" data-end=\"594\">4 de enero de 2026 en Am\u00e9rica y 31 de diciembre de 2025 en Europa<\/strong>.<\/p>\n<\/li>\n<\/ul>\n<p>\u00bfQu\u00e9 os ha parecido esta informaci\u00f3n? No dud\u00e9is en compartir vuestra opini\u00f3n en los comentarios.<\/p>\n<p><a class=\"external\" href=\"https:\/\/www.gematsu.com\/2025\/12\/persona-3-reload-version-1-03-update-for-switch-2-now-available-improves-frame-rate\" rel=\"nofollow noopener\" target=\"_blank\">V\u00eda<\/a>.<\/p>\n","protected":false},"excerpt":{"rendered":"Parece que hay novedades de esta edici\u00f3n de Persona 3 Reload. Hace unos meses nos llegaban palabras sobre\u00a0por&hellip;\n","protected":false},"author":2,"featured_media":302395,"comment_status":"","ping_status":"","sticky":false,"template":"","format":"standard","meta":{"footnotes":""},"categories":[81],"tags":[119,123,124,25,24,10900,117,121,122,23,118,120],"class_list":{"0":"post-302394","1":"post","2":"type-post","3":"status-publish","4":"format-standard","5":"has-post-thumbnail","7":"category-ciencia-y-tecnologia","8":"tag-ciencia","9":"tag-ciencia-y-tecnologia","10":"tag-cienciaytecnologia","11":"tag-es","12":"tag-espana","13":"tag-persona-3-reload","14":"tag-science","15":"tag-science-and-technology","16":"tag-scienceandtechnology","17":"tag-spain","18":"tag-technology","19":"tag-tecnologia"},"share_on_mastodon":{"url":"https:\/\/pubeurope.com\/@es\/115766027002846344","error":""},"_links":{"self":[{"href":"https:\/\/www.europesays.com\/es\/wp-json\/wp\/v2\/posts\/302394","targetHints":{"allow":["GET"]}}],"collection":[{"href":"https:\/\/www.europesays.com\/es\/wp-json\/wp\/v2\/posts"}],"about":[{"href":"https:\/\/www.europesays.com\/es\/wp-json\/wp\/v2\/types\/post"}],"author":[{"embeddable":true,"href":"https:\/\/www.europesays.com\/es\/wp-json\/wp\/v2\/users\/2"}],"replies":[{"embeddable":true,"href":"https:\/\/www.europesays.com\/es\/wp-json\/wp\/v2\/comments?post=302394"}],"version-history":[{"count":0,"href":"https:\/\/www.europesays.com\/es\/wp-json\/wp\/v2\/posts\/302394\/revisions"}],"wp:featuredmedia":[{"embeddable":true,"href":"https:\/\/www.europesays.com\/es\/wp-json\/wp\/v2\/media\/302395"}],"wp:attachment":[{"href":"https:\/\/www.europesays.com\/es\/wp-json\/wp\/v2\/media?parent=302394"}],"wp:term":[{"taxonomy":"category","embeddable":true,"href":"https:\/\/www.europesays.com\/es\/wp-json\/wp\/v2\/categories?post=302394"},{"taxonomy":"post_tag","embeddable":true,"href":"https:\/\/www.europesays.com\/es\/wp-json\/wp\/v2\/tags?post=302394"}],"curies":[{"name":"wp","href":"https:\/\/api.w.org\/{rel}","templated":true}]}}