{"id":302412,"date":"2025-12-23T00:38:10","date_gmt":"2025-12-23T00:38:10","guid":{"rendered":"https:\/\/www.europesays.com\/es\/302412\/"},"modified":"2025-12-23T00:38:10","modified_gmt":"2025-12-23T00:38:10","slug":"juanpi-se-defiende-en-la-tensa-hoguera-mixta-de-la-isla-de-las-tentaciones-eso-no-son-cuernos","status":"publish","type":"post","link":"https:\/\/www.europesays.com\/es\/302412\/","title":{"rendered":"Juanpi se defiende en la tensa hoguera mixta de &#8216;La isla de las tentaciones&#8217;: \u00abEso no son cuernos\u00bb"},"content":{"rendered":"<p class=\"c-paragraph\">La isla de las tentaciones dio una gran sorpresa a sus participantes durante la noche del lunes. <b>Claudia y Almudena<\/b> fueron citadas para una hoguera nocturna y la sorpresa lleg\u00f3 cuando por el pasillo de las antorchas <b>aparecieron Juanpi y Enrique<\/b>, protagonizando los cuatro la primera <b>hoguera mixta<\/b> de la edici\u00f3n.<\/p>\n<p class=\"c-paragraph\">Nada m\u00e1s ver a Claudia, Juanpi la se\u00f1al\u00f3 sin disimulo:<b> \u00ab\u00a1Una soltera!\u00bb<\/b>. Acto seguido, y sin transici\u00f3n emocional, se arranc\u00f3 a cantar a Lunay y Bad Bunny. Las chicas respondieron con iron\u00eda afinada: \u00ab<b>Vamos a contar mentiras, tralal\u00e1<\/b>\u00ab. La hoguera ya estaba desatada.<\/p>\n<p class=\"c-paragraph\">El intercambio fue directo al cuello. \u00ab<b>Yo no le he puesto los cuernos fuera a mi pareja<\/b>\u00ab, defendi\u00f3 Juanpi. \u00abVerg\u00fcenza te ten\u00eda que dar\u00bb, le solt\u00f3 Almudena acerc\u00e1ndose. Claudia fue a\u00fan m\u00e1s clara: \u00abYo no le he puesto los cuernos a mi pareja y t\u00fa s\u00ed, as\u00ed que c\u00e1llate\u00bb. \u00c9l se cerr\u00f3 en banda: \u00ab\u00bfT\u00fa qu\u00e9 sabes de mi vida?\u00bb.<\/p>\n<p class=\"c-paragraph\">Las im\u00e1genes de Sandra con Andrea tampoco lograron moverle. \u00ab<b>Ya he visto esta pel\u00edcula, ya me da igual<\/b>\u00ab, asegur\u00f3 Juanpi. Desde el otro lado no hubo piedad. \u00abTe vas a hartar de verla\u00bb, advirtieron. Almudena lo resumi\u00f3 sin rodeos: \u00abNi siente, ni padece\u00bb.<\/p>\n<p class=\"c-paragraph\">El momento m\u00e1s comentado lleg\u00f3 con su particular definici\u00f3n de infidelidad. \u00ab<b>Cuernos no eran para m\u00ed\u2026 le cog\u00ed el culo, un besito\u2026<\/b>\u00ab, explic\u00f3 Juanpi. Las cr\u00edticas fueron inmediatas. \u00ab<b>Encima eres tonto<\/b>\u00ab, le gritaron. \u00c9l cerr\u00f3 el debate sin alterarse: \u00abEstoy tranquilo porque yo s\u00e9 lo que he hecho\u00bb.<\/p>\n","protected":false},"excerpt":{"rendered":"La isla de las tentaciones dio una gran sorpresa a sus participantes durante la noche del lunes. Claudia&hellip;\n","protected":false},"author":2,"featured_media":302413,"comment_status":"","ping_status":"","sticky":false,"template":"","format":"standard","meta":{"footnotes":""},"categories":[171],"tags":[5443,146,147,25,24,57725,1078,7745,23,3642,214],"class_list":{"0":"post-302412","1":"post","2":"type-post","3":"status-publish","4":"format-standard","5":"has-post-thumbnail","7":"category-tv","8":"tag-defiende","9":"tag-entertainment","10":"tag-entretenimiento","11":"tag-es","12":"tag-espana","13":"tag-juanpi","14":"tag-primera","15":"tag-se","16":"tag-spain","17":"tag-tensa","18":"tag-tv"},"share_on_mastodon":{"url":"https:\/\/pubeurope.com\/@es\/115766093636348749","error":""},"_links":{"self":[{"href":"https:\/\/www.europesays.com\/es\/wp-json\/wp\/v2\/posts\/302412","targetHints":{"allow":["GET"]}}],"collection":[{"href":"https:\/\/www.europesays.com\/es\/wp-json\/wp\/v2\/posts"}],"about":[{"href":"https:\/\/www.europesays.com\/es\/wp-json\/wp\/v2\/types\/post"}],"author":[{"embeddable":true,"href":"https:\/\/www.europesays.com\/es\/wp-json\/wp\/v2\/users\/2"}],"replies":[{"embeddable":true,"href":"https:\/\/www.europesays.com\/es\/wp-json\/wp\/v2\/comments?post=302412"}],"version-history":[{"count":0,"href":"https:\/\/www.europesays.com\/es\/wp-json\/wp\/v2\/posts\/302412\/revisions"}],"wp:featuredmedia":[{"embeddable":true,"href":"https:\/\/www.europesays.com\/es\/wp-json\/wp\/v2\/media\/302413"}],"wp:attachment":[{"href":"https:\/\/www.europesays.com\/es\/wp-json\/wp\/v2\/media?parent=302412"}],"wp:term":[{"taxonomy":"category","embeddable":true,"href":"https:\/\/www.europesays.com\/es\/wp-json\/wp\/v2\/categories?post=302412"},{"taxonomy":"post_tag","embeddable":true,"href":"https:\/\/www.europesays.com\/es\/wp-json\/wp\/v2\/tags?post=302412"}],"curies":[{"name":"wp","href":"https:\/\/api.w.org\/{rel}","templated":true}]}}