{"id":302429,"date":"2025-12-23T00:48:28","date_gmt":"2025-12-23T00:48:28","guid":{"rendered":"https:\/\/www.europesays.com\/es\/302429\/"},"modified":"2025-12-23T00:48:28","modified_gmt":"2025-12-23T00:48:28","slug":"la-panaderia-btm-rivas-ciudad","status":"publish","type":"post","link":"https:\/\/www.europesays.com\/es\/302429\/","title":{"rendered":"La Panader\u00eda BTM &#8211; Rivas Ciudad"},"content":{"rendered":"<p><strong>S\u00e1bados 28 de febrero. 18.00 a 21.00. La Casa+Grande<\/strong><\/p>\n<p>Dirigido a personas j\u00f3venes de 13 a 35 a\u00f1os<br \/>Actividad gratuita<br \/>Inscripci\u00f3n hasta el 16 de febrero | <strong>Inscr\u00edbete <\/strong>(pr\u00f3ximamente)<\/p>\n<p style=\"text-align: justify\">El concurso de temas de rap de Rivas vuelve con fuerza. La Panader\u00eda es ese espacio en el que podr\u00e1s soltar tus propias barras sobre el escenario y compartir la afici\u00f3n con otras personas j\u00f3venes amantes del rap.<\/p>\n<p style=\"text-align: justify\">En esta nueva edici\u00f3n, se celebrar\u00e1n dos jornadas clasificatorias y una gran final en las Fiestas de Mayo. Las inscripciones ya est\u00e1n abiertas, y las plazas vuelan, as\u00ed que no te lo pienses mucho. La mejor actuaci\u00f3n de cada jornada clasificatoria ser\u00e1 premiada con la grabaci\u00f3n de un tema; tambi\u00e9n se repartir\u00e1n premios econ\u00f3micos para las tres primeras clasificadas tras la final.<\/p>\n<p style=\"text-align: justify\">Si eres joven, te flipa el rap, tienes al menos dos temas escritos y te apetece compartirlos en p\u00fablico, este es tu sitio.<\/p>\n<p>\u00a0<\/p>\n<tr>\n<td style=\"width: 9.43599%\"><a href=\"https:\/\/www.instagram.com\/juventudrivas\/?hl=es\" target=\"_blank\" rel=\"noopener nofollow\"><img loading=\"lazy\" decoding=\"async\" class=\"alignnone wp-image-862600136430\" src=\"https:\/\/www.europesays.com\/es\/wp-content\/uploads\/2025\/12\/instagram.jpg\" alt=\"\" width=\"41\" height=\"41\"  \/><\/a><\/td>\n<td style=\"width: 90.564%\"\/><\/tr>\n<tr>\n<td style=\"width: 9.43599%\"><a href=\"https:\/\/www.facebook.com\/juventud.rivas\" target=\"_blank\" rel=\"noopener nofollow\"><img decoding=\"async\" loading=\"lazy\" class=\"alignnone wp-image-862600136431\" src=\"https:\/\/www.europesays.com\/es\/wp-content\/uploads\/2025\/12\/logo-facebook.png\" alt=\"\" width=\"41\" height=\"41\"  \/><\/a><\/td>\n<td style=\"width: 90.564%\"\/><\/tr>\n<p><strong>\u00bfHablamos?<br \/>\n<\/strong>La Casa+Grande 91 322 23 07 | 622 129 432 (WhatsApp) | <a href=\"https:\/\/www.rivasciudad.es\/evento\/juventud\/2025\/12\/22\/la-panaderia-btm\/862600265776\/mailto:lacasamasgrande@rivasciudad.es\" rel=\"nofollow noopener\" target=\"_blank\">lacasamasgrande@rivasciudad.es<\/a><br \/>\nHorario: mi\u00e9rcoles y jueves 16.00 a 20.00; viernes y s\u00e1bado 16.00 a 21.00<script async src=\"\/\/www.instagram.com\/embed.js\"><\/script><\/p>\n","protected":false},"excerpt":{"rendered":"S\u00e1bados 28 de febrero. 18.00 a 21.00. La Casa+Grande Dirigido a personas j\u00f3venes de 13 a 35 a\u00f1osActividad&hellip;\n","protected":false},"author":2,"featured_media":302430,"comment_status":"","ping_status":"","sticky":false,"template":"","format":"standard","meta":{"footnotes":""},"categories":[5],"tags":[17,18,25,24,13,14,11,19,20,9,10,15,16,23,12,21,22],"class_list":{"0":"post-302429","1":"post","2":"type-post","3":"status-publish","4":"format-standard","5":"has-post-thumbnail","7":"category-titulares","8":"tag-breaking-news","9":"tag-breakingnews","10":"tag-es","11":"tag-espana","12":"tag-featured-news","13":"tag-featurednews","14":"tag-headlines","15":"tag-latest-news","16":"tag-latestnews","17":"tag-news","18":"tag-noticias","19":"tag-noticias-destacadas","20":"tag-noticiasdestacadas","21":"tag-spain","22":"tag-titulares","23":"tag-ultimas-noticias","24":"tag-ultimasnoticias"},"share_on_mastodon":{"url":"https:\/\/pubeurope.com\/@es\/115766133540609124","error":""},"_links":{"self":[{"href":"https:\/\/www.europesays.com\/es\/wp-json\/wp\/v2\/posts\/302429","targetHints":{"allow":["GET"]}}],"collection":[{"href":"https:\/\/www.europesays.com\/es\/wp-json\/wp\/v2\/posts"}],"about":[{"href":"https:\/\/www.europesays.com\/es\/wp-json\/wp\/v2\/types\/post"}],"author":[{"embeddable":true,"href":"https:\/\/www.europesays.com\/es\/wp-json\/wp\/v2\/users\/2"}],"replies":[{"embeddable":true,"href":"https:\/\/www.europesays.com\/es\/wp-json\/wp\/v2\/comments?post=302429"}],"version-history":[{"count":0,"href":"https:\/\/www.europesays.com\/es\/wp-json\/wp\/v2\/posts\/302429\/revisions"}],"wp:featuredmedia":[{"embeddable":true,"href":"https:\/\/www.europesays.com\/es\/wp-json\/wp\/v2\/media\/302430"}],"wp:attachment":[{"href":"https:\/\/www.europesays.com\/es\/wp-json\/wp\/v2\/media?parent=302429"}],"wp:term":[{"taxonomy":"category","embeddable":true,"href":"https:\/\/www.europesays.com\/es\/wp-json\/wp\/v2\/categories?post=302429"},{"taxonomy":"post_tag","embeddable":true,"href":"https:\/\/www.europesays.com\/es\/wp-json\/wp\/v2\/tags?post=302429"}],"curies":[{"name":"wp","href":"https:\/\/api.w.org\/{rel}","templated":true}]}}