{"id":302439,"date":"2025-12-23T00:58:17","date_gmt":"2025-12-23T00:58:17","guid":{"rendered":"https:\/\/www.europesays.com\/es\/302439\/"},"modified":"2025-12-23T00:58:17","modified_gmt":"2025-12-23T00:58:17","slug":"terelu-campos-y-alejandra-rubio-sacan-de-su-familia-a-rocio-carrasco-por-culpa-de-carlo-costanzia","status":"publish","type":"post","link":"https:\/\/www.europesays.com\/es\/302439\/","title":{"rendered":"Terelu Campos y Alejandra Rubio \u00absacan de su familia\u00bb a Roc\u00edo Carrasco \u00abpor culpa\u00bb de Carlo Costanzia"},"content":{"rendered":"<p class=\"paragraph\">El pasado viernes<b> Carlo Costanzia di Costiglione <\/b>se sentaba en el plat\u00f3 de <b>\u00a1De Viernes! <\/b>para responder a las acusaciones de <b>Mar Flores<\/b> y anunciar que va a demandar penalmente a la modelo por acusarle p\u00fablicamente en sus memorias de \u00abmaltratador\u00bb y \u00absecuestrador de ni\u00f1os\u00bb.<\/p>\n<p class=\"paragraph\">Ya lo hizo su madre<b> Terelu Campos<\/b>, que incluso\u00a0se pronunci\u00f3 p\u00fablicamente sobre este tema asegurando que ella se hubiera &#8216;ahorrado&#8217; el cap\u00edtulo en el que habla de lo que sucedi\u00f3 con su hijo, pero este lunes le toc\u00f3 el turno a<b> Alejandra Rubio.<\/b><\/p>\n<p>            <a href=\"#\" title=\"\"><\/p>\n<p>                    <img loading=\"lazy\" decoding=\"async\" data-index=\"\" width=\"140\" height=\"140\" alt=\"Terelu Campos ha sido m\u00e1s sincera que nunca sobre las memorias de Mar Flores\" data-full=\"[object Object]\" data-original=\"[object Object]\" src=\"https:\/\/imagenes.esdiario.com\/files\/related_image\/uploads\/2025\/12\/20\/6946640a4d677.jpeg\" data-full-src=\"https:\/\/www.europesays.com\/es\/wp-content\/uploads\/2025\/12\/6946640a4d677.jpeg\"\/><\/p>\n<p>            <\/a><\/p>\n<p class=\"paragraph\">Visiblemente inc\u00f3moda en el programa Vamos a ver por el complicado papel que le ha tocado asumir en la guerra medi\u00e1tica entre los padres de su novio, <b>Carlo Costanzia, <\/b>termin\u00f3 posicion\u00e1ndose tambi\u00e9n a favor de su suegro.<\/p>\n<p class=\"paragraph\">\u00abSolo veo a un hombre que se est\u00e1 est\u00e1 defendiendo, que est\u00e1 defendiendo su honor y su verdad, porque siendo objetivos no tiene ninguna condena y a la ligera se le han llamado un mont\u00f3n de cosas\u00bb, expres\u00f3 muy seria.<\/p>\n<p>            <a href=\"#\" title=\"\"><\/p>\n<p>                    <img loading=\"lazy\" decoding=\"async\" data-index=\"\" width=\"140\" height=\"140\" alt=\"Carlo Costanzia en el parking de Mediaset.\" data-full=\"[object Object]\" data-original=\"[object Object]\" src=\"https:\/\/imagenes.esdiario.com\/files\/related_image\/uploads\/2025\/12\/19\/6945083649907.png\" data-full-src=\"https:\/\/www.europesays.com\/es\/wp-content\/uploads\/2025\/12\/6945083649907.png\"\/><\/p>\n<p>            <\/a><\/p>\n<p class=\"paragraph\">Lo que ha llamado la atenci\u00f3n a m\u00e1s de uno es que parad\u00f3jicamente cuando Roc\u00edo Carrasco puso en marcha su docuserie Contar la Verdad para Seguir Viva para denunciar p\u00fablicamente a Antonio David Flores a Las Campos no les pareci\u00f3 tan determinante que el padre de Roc\u00edo Flores tampoco hubiera sido nunca condenado por maltrato. En ese momento, todo el Clan de Mar\u00eda Teresa arrop\u00f3 a pies juntillas el relato de su entonces segunda \u00abhermana, hija y t\u00eda\u00bb denunciando la situaci\u00f3n vivida con su exmarido.<\/p>\n<p>Las Campos defienden con Mar Flores lo contrario de lo que defend\u00edan con Roc\u00edo Carrasco<\/p>\n<p class=\"paragraph\">Sin embargo, ahora la situaci\u00f3n ha cambiado radicalmente con respecto a lo que sucedi\u00f3 con Roc\u00edo Carrasco y Alejandra Rubio hasta arremete contra los \u00abperiodistas haters\u00bb que \u00abquieren hacer de algo que no es verdad que sea verdad\u00bb en relaci\u00f3n a su suegro y unos presuntos malos tratos.<\/p>\n<p>            <a href=\"#\" title=\"\"><\/p>\n<p>                    <img loading=\"lazy\" decoding=\"async\" data-index=\"\" width=\"140\" height=\"140\" alt=\"\" data-full=\"[object Object]\" data-original=\"[object Object]\" src=\"https:\/\/imagenes.esdiario.com\/files\/related_image\/uploads\/2024\/06\/22\/6676f24f9d40c.jpeg\" data-full-src=\"https:\/\/www.europesays.com\/es\/wp-content\/uploads\/2025\/12\/6676f24f9d40c.jpeg\"\/><\/p>\n<p>            <\/a><\/p>\n<p class=\"paragraph\">\u00abLo objetivo es que condena no hay y no se le puede llamar a una persona a la ligera una serie de palabras que le afectan en su d\u00eda a d\u00eda\u00bb (por maltratador), sentenci\u00f3, defendiendo que lo que \u00absufre\u00bb su suegro \u00abno lo ve nadie\u00bb. En el caso de Antonio David Flores y sin sentencia alguna por maltrato, Las Campos no ve\u00edan tan clara y cristalina la diferencia. Muy al contrario, la hija de Terelu asegur\u00f3 que \u00abno me permitir\u00eda el lujo de llamar a una persona algo que no lo es. \u00bfPor qu\u00e9 se cree un relato y por qu\u00e9 no otro?\u00bb, pregunt\u00f3 ret\u00f3ricamente para volver a recalcar \u00abno hay ninguna sentencia\u00bb.<\/p>\n","protected":false},"excerpt":{"rendered":"El pasado viernes Carlo Costanzia di Costiglione se sentaba en el plat\u00f3 de \u00a1De Viernes! para responder a&hellip;\n","protected":false},"author":2,"featured_media":302440,"comment_status":"","ping_status":"","sticky":false,"template":"","format":"standard","meta":{"footnotes":""},"categories":[174],"tags":[5617,9893,255,146,147,25,24,256,9892,3157,23,1145],"class_list":{"0":"post-302439","1":"post","2":"type-post","3":"status-publish","4":"format-standard","5":"has-post-thumbnail","7":"category-famosos","8":"tag-alejandra-rubio","9":"tag-carlo-costanzia","10":"tag-celebrities","11":"tag-entertainment","12":"tag-entretenimiento","13":"tag-es","14":"tag-espana","15":"tag-famosos","16":"tag-mar-flores","17":"tag-rocio-carrasco","18":"tag-spain","19":"tag-terelu-campos"},"share_on_mastodon":{"url":"https:\/\/pubeurope.com\/@es\/115766173376970941","error":""},"_links":{"self":[{"href":"https:\/\/www.europesays.com\/es\/wp-json\/wp\/v2\/posts\/302439","targetHints":{"allow":["GET"]}}],"collection":[{"href":"https:\/\/www.europesays.com\/es\/wp-json\/wp\/v2\/posts"}],"about":[{"href":"https:\/\/www.europesays.com\/es\/wp-json\/wp\/v2\/types\/post"}],"author":[{"embeddable":true,"href":"https:\/\/www.europesays.com\/es\/wp-json\/wp\/v2\/users\/2"}],"replies":[{"embeddable":true,"href":"https:\/\/www.europesays.com\/es\/wp-json\/wp\/v2\/comments?post=302439"}],"version-history":[{"count":0,"href":"https:\/\/www.europesays.com\/es\/wp-json\/wp\/v2\/posts\/302439\/revisions"}],"wp:featuredmedia":[{"embeddable":true,"href":"https:\/\/www.europesays.com\/es\/wp-json\/wp\/v2\/media\/302440"}],"wp:attachment":[{"href":"https:\/\/www.europesays.com\/es\/wp-json\/wp\/v2\/media?parent=302439"}],"wp:term":[{"taxonomy":"category","embeddable":true,"href":"https:\/\/www.europesays.com\/es\/wp-json\/wp\/v2\/categories?post=302439"},{"taxonomy":"post_tag","embeddable":true,"href":"https:\/\/www.europesays.com\/es\/wp-json\/wp\/v2\/tags?post=302439"}],"curies":[{"name":"wp","href":"https:\/\/api.w.org\/{rel}","templated":true}]}}