{"id":302451,"date":"2025-12-23T01:07:14","date_gmt":"2025-12-23T01:07:14","guid":{"rendered":"https:\/\/www.europesays.com\/es\/302451\/"},"modified":"2025-12-23T01:07:14","modified_gmt":"2025-12-23T01:07:14","slug":"diseno-retro-de-los-90-en-una-caja-que-soporta-refrigeracion-liquida-y-hasta-una-rtx-5090","status":"publish","type":"post","link":"https:\/\/www.europesays.com\/es\/302451\/","title":{"rendered":"Dise\u00f1o retro de los 90 en una caja que soporta refrigeraci\u00f3n l\u00edquida y hasta una RTX 5090"},"content":{"rendered":"<p>Lo retro vende, y en SilverStone hace un tiempo que han decidido mantener una familia de cajas para ordenador que nos transporta de lleno a los inicios de los primeros PCs dom\u00e9sticos.<\/p>\n<p>Ya os hablamos de la <a href=\"https:\/\/www.geeknetic.es\/Noticia\/36585\/Si-echas-de-meno-el-diseno-de-los-PC-Vintage-la-nueva-caja-SilverStone-FLP03-tiene-hasta-el-boton-de-turbo-y-panel-de-disquetera.html\" rel=\"nofollow noopener\" target=\"_blank\">SilverStone FLP03<\/a>, un modelo que la compa\u00f1\u00eda mostr\u00f3 en su d\u00eda en un evento, y ahora toca el turno de la presentaci\u00f3n oficial de la <strong>SilverStone FLP02,<\/strong> otro modelo que ya hab\u00eda aparecido en eventos y referencias de la compa\u00f1\u00eda, pero que ahora ya forma parte del cat\u00e1logo de la compa\u00f1\u00eda y pronto se podr\u00e1 comprar en todo el mundo.<\/p>\n<p><img decoding=\"async\" onerror=\"this.onerror=null;this.src=\" https:=\"\" class=\"ls0hot\" alt=\"Geeknetic SilverStone FLP02: Dise\u00f1o retro de los 90 en una caja que soporta refrigeraci\u00f3n l\u00edquida y hasta una RTX 5090  1\" src=\"https:\/\/www.europesays.com\/es\/wp-content\/uploads\/2025\/12\/82y-image.png\" width=\"1235\" height=\"1128\" loading=\"lazy\"\/><\/p>\n<p>Si la FLP03 contaba con formato Micro-ATX, la<a href=\"http:\/\/www.silverstonetek.com\/es\/product\/info\/computer-chassis\/flp02\/\" rel=\"nofollow noopener\" target=\"_blank\"> SilverStone FLP02 <\/a>tiene un formato ATX completo con unas medidas de\u00a0232 mm x 494 mm\u00a0x 472 mm,\u00a0y tiene esa est\u00e9tica que nos lleva unos cuantos a\u00f1os atr\u00e1s (ya demasiados), donde los PCs contaban con unidades de Floppy Disk de 5\u00a01\/4&#8243;, con interruptores mucho m\u00e1s b\u00e1sicos y aquella m\u00edtica pantalla de segmentos junto al bot\u00f3n \u00abTurbo\u00bb que aumentaba los MHz de ciertos procesadores.<\/p>\n<p>De hecho, las tapas de las bah\u00edas de 5,25&#8243; del frontal tienen la forma de las bah\u00edas de Floppy Disk de la \u00e9poca.<\/p>\n<p>Que no te enga\u00f1e su aspecto \u00abVintage\u00bb, La SilverStone FLP02 puede albergar gr\u00e1ficas como la RTX 5090 m\u00e1s grande<\/p>\n<p>Pero que no nos enga\u00f1e su aspecto, a pesar de esas l\u00edneas vintage y ese color blanco tirando a ocre (que en los modelos a los que imita terminaba convirti\u00e9ndose en una suerte de color amarillento), la<strong> SilverStone FLP02<\/strong> tiene espacio para componentes de \u00faltima generaci\u00f3n que incluyen tarjetas gr\u00e1ficas de hasta 38,6 cm, es decir, GPUs m\u00e1s grandes que la RTX 5090 m\u00e1s grande del mercado.<\/p>\n<p>De hecho, esta caja permite incluso configuraciones en horizontal de la gr\u00e1fica (sin mucho sentido a nivel est\u00e9tico, ya que la tapa lateral es opaca y no tiene cristal).<\/p>\n<p><img decoding=\"async\" onerror=\"this.onerror=null;this.src=\" https:=\"\" class=\"ls0hot\" alt=\"Geeknetic SilverStone FLP02: Dise\u00f1o retro de los 90 en una caja que soporta refrigeraci\u00f3n l\u00edquida y hasta una RTX 5090  2\" src=\"https:\/\/www.europesays.com\/es\/wp-content\/uploads\/2025\/12\/a51-image.png\" width=\"1234\" height=\"1205\" loading=\"lazy\"\/><\/p>\n<p>Los disipadores de CPU pueden superar los 18 cm de alto (18,2 cm en total), y tenemos en el\u00a0frontal conectividad USB-C 3.1 de 10 Gbps, USB-A 3.0 de 5 Gbps y un minijack de audio combinado. Soporta dos SSD o HDD de 2,5 pulgadas y otros dos HDD de 3,5&#8243;.<\/p>\n<p>Para la refrigeraci\u00f3n, hay espacio para sistemas de refrigeraci\u00f3n l\u00edquida de 360 mm y un total de 6 ventiladores de 120 mm (en la tapa hay espacio incluso para dos de 160 mm). Su precio todav\u00eda es un misterio, pero ya tiene su propia ficha en la versi\u00f3n espa\u00f1ola de la web de SilverStone.<\/p>\n<p><img decoding=\"async\" onerror=\"this.onerror=null;this.src=\" https:=\"\" class=\"ls0hot\" alt=\"Geeknetic SilverStone FLP02: Dise\u00f1o retro de los 90 en una caja que soporta refrigeraci\u00f3n l\u00edquida y hasta una RTX 5090  3\" src=\"https:\/\/www.europesays.com\/es\/wp-content\/uploads\/2025\/12\/9sd-image.png\" width=\"1576\" height=\"1229\" loading=\"lazy\"\/><\/p>\n<p>Especificaciones T\u00e9cnicas de la SilverStone FLP02<\/p>\n<ul>&#13;<\/p>\n<li>Materiales: &#13;\n<ul>&#13;<\/p>\n<li>Chasis: Acero, pl\u00e1stico &#13;\n<\/li>\n<li>Panel lateral izquierdo: No especificado &#13;\n<\/li>\n<li>Panel lateral derecho: No especificado <\/li>\n<\/ul>\n<p>&#13;\n<\/li>\n<li>Formatos soportados: &#13;\n<ul>&#13;<\/p>\n<li>Placas base: SSI-CEB, ATX, Micro-ATX, Mini-ITX &#13;\n<\/li>\n<li>Tipo de PSU: PS2 (ATX) &#13;\n<\/li>\n<li>Longitud m\u00e1xima de la fuente de alimentaci\u00f3n: 250 mm &#13;\n<\/li>\n<li>Altura m\u00e1xima del disipador CPU: 182 mm &#13;\n<\/li>\n<li>Limitaci\u00f3n de GPU: &#13;\n<ul>&#13;<\/p>\n<li>Longitud: 386 mm (sin bah\u00eda frontal combinada 3,5&#8243;\/2,5&#8243;) &#13;\n<\/li>\n<li>Longitud: 279 mm (con bah\u00eda frontal combinada 3,5&#8243;\/2,5&#8243;) &#13;\n<\/li>\n<li>Ancho: 188 mm (sin soporte para GPU) &#13;\n<\/li>\n<li>Ancho: 153 mm (con soporte para GPU) <\/li>\n<\/ul>\n<\/li>\n<\/ul>\n<p>&#13;\n<\/li>\n<li>Ranuras de expansi\u00f3n: &#13;<br \/>\n&#13;\n<\/li>\n<li>Almacenamiento: &#13;\n<ul>&#13;<\/p>\n<li>Bah\u00edas externas: 5,25&#8243; x 3 &#13;\n<\/li>\n<li>Bah\u00edas internas: &#13;\n<ul>&#13;<\/p>\n<li>3,5&#8243; x 2 &#13;\n<\/li>\n<li>2,5&#8243; x 2 &#13;\n<\/li>\n<li>Bah\u00edas combinadas 3,5&#8243; \/ 2,5&#8243; x 2 <\/li>\n<\/ul>\n<\/li>\n<\/ul>\n<p>&#13;\n<\/li>\n<li>Panel frontal: &#13;\n<ul>&#13;<\/p>\n<li>USB: 1x USB Type-C, 2x USB 3.0 &#13;\n<\/li>\n<li>Audio: 1x conector combinado &#13;\n<\/li>\n<li>Botones: &#13;\n<ul>&#13;<\/p>\n<li>Encendido \/ Apagado &#13;\n<\/li>\n<li>Reinicio del sistema &#13;\n<\/li>\n<li>Turbo &#13;\n<\/li>\n<li>Bloqueo de botones de encendido y reinicio <\/li>\n<\/ul>\n<p>&#13;\n<\/li>\n<li>Indicadores LED: &#13;\n<ul>&#13;<\/p>\n<li>Encendido: Verde &#13;\n<\/li>\n<li>Turbo: Naranja &#13;\n<\/li>\n<li>Indicador PWM del ventilador: Verde &#13;\n<\/li>\n<li>Acceso HDD: Rojo <\/li>\n<\/ul>\n<\/li>\n<\/ul>\n<p>&#13;\n<\/li>\n<li>Ventiladores incluidos: &#13;\n<ul>&#13;<\/p>\n<li>Frontal: 2x 120 mm (negros incluidos) &#13;\n<\/li>\n<li>Trasero: 1x 120 mm (negro incluido) <\/li>\n<\/ul>\n<p>&#13;\n<\/li>\n<li>Soporte para ventiladores: &#13;\n<ul>&#13;<\/p>\n<li>Frontal: 120 mm x 2 &#13;\n<\/li>\n<li>Trasero: 120 \/ 140 mm x 1 &#13;\n<\/li>\n<li>Superior (tapa): 120 mm x 3 \/ 140 mm x 2 \/ 160 mm x 2 <\/li>\n<\/ul>\n<p>&#13;\n<\/li>\n<li>Soporte para radiadores: &#13;\n<ul>&#13;<\/p>\n<li>Trasero: 120 mm \/ 140 mm \/ 160 mm &#13;\n<\/li>\n<li>Superior (tapa): 120 mm \/ 140 mm \/ 240 mm \/ 280 mm \/ 360 mm <\/li>\n<\/ul>\n<p>&#13;\n<\/li>\n<li>Dimensiones: &#13;\n<ul>&#13;<\/p>\n<li>Dimensiones de la caja: 232 mm (L) \u00d7 494 mm (A) \u00d7 472 mm (G) <\/li>\n<\/ul>\n<p>&#13;\n<\/li>\n<li>Peso: &#13;\n<\/li>\n<\/ul>\n<p id=\"finarticulo\">Fin del Art\u00edculo. \u00a1Cu\u00e9ntanos algo en los <a href=\"https:\/\/www.geeknetic.es\/Noticia\/36960\/Javascript: hzscroll(\" comentarios=\"\" class=\"comfinlink\" title=\"Comenta este art\u00edculo\" rel=\"nofollow noopener\" target=\"_blank\">Comentarios<\/a>!<\/p>\n","protected":false},"excerpt":{"rendered":"Lo retro vende, y en SilverStone hace un tiempo que han decidido mantener una familia de cajas para&hellip;\n","protected":false},"author":2,"featured_media":302452,"comment_status":"","ping_status":"","sticky":false,"template":"","format":"standard","meta":{"footnotes":""},"categories":[81],"tags":[119,123,124,25,24,117,121,122,23,118,120],"class_list":{"0":"post-302451","1":"post","2":"type-post","3":"status-publish","4":"format-standard","5":"has-post-thumbnail","7":"category-ciencia-y-tecnologia","8":"tag-ciencia","9":"tag-ciencia-y-tecnologia","10":"tag-cienciaytecnologia","11":"tag-es","12":"tag-espana","13":"tag-science","14":"tag-science-and-technology","15":"tag-scienceandtechnology","16":"tag-spain","17":"tag-technology","18":"tag-tecnologia"},"share_on_mastodon":{"url":"https:\/\/pubeurope.com\/@es\/115766208140955606","error":""},"_links":{"self":[{"href":"https:\/\/www.europesays.com\/es\/wp-json\/wp\/v2\/posts\/302451","targetHints":{"allow":["GET"]}}],"collection":[{"href":"https:\/\/www.europesays.com\/es\/wp-json\/wp\/v2\/posts"}],"about":[{"href":"https:\/\/www.europesays.com\/es\/wp-json\/wp\/v2\/types\/post"}],"author":[{"embeddable":true,"href":"https:\/\/www.europesays.com\/es\/wp-json\/wp\/v2\/users\/2"}],"replies":[{"embeddable":true,"href":"https:\/\/www.europesays.com\/es\/wp-json\/wp\/v2\/comments?post=302451"}],"version-history":[{"count":0,"href":"https:\/\/www.europesays.com\/es\/wp-json\/wp\/v2\/posts\/302451\/revisions"}],"wp:featuredmedia":[{"embeddable":true,"href":"https:\/\/www.europesays.com\/es\/wp-json\/wp\/v2\/media\/302452"}],"wp:attachment":[{"href":"https:\/\/www.europesays.com\/es\/wp-json\/wp\/v2\/media?parent=302451"}],"wp:term":[{"taxonomy":"category","embeddable":true,"href":"https:\/\/www.europesays.com\/es\/wp-json\/wp\/v2\/categories?post=302451"},{"taxonomy":"post_tag","embeddable":true,"href":"https:\/\/www.europesays.com\/es\/wp-json\/wp\/v2\/tags?post=302451"}],"curies":[{"name":"wp","href":"https:\/\/api.w.org\/{rel}","templated":true}]}}