{"id":302460,"date":"2025-12-23T01:20:18","date_gmt":"2025-12-23T01:20:18","guid":{"rendered":"https:\/\/www.europesays.com\/es\/302460\/"},"modified":"2025-12-23T01:20:18","modified_gmt":"2025-12-23T01:20:18","slug":"kobi-simmons-con-todo-a-favor-en-el-puesto-de-base-del-baskonia","status":"publish","type":"post","link":"https:\/\/www.europesays.com\/es\/302460\/","title":{"rendered":"Kobi Simmons, con todo a favor en el puesto de base del Baskonia"},"content":{"rendered":"<p>\n        <strong>El <\/strong><a href=\"https:\/\/www.noticiasdealava.eus\/baskonia\/\" title=\"Kosner Baskonia\" class=\"link copy\" rel=\"nofollow noopener\" target=\"_blank\"><strong>Kosner Baskonia<\/strong><\/a><strong> volver\u00e1 a contar con Kobi Simmons a su disposici\u00f3n para visitar al Valencia Basket <\/strong>este martes a partir de las 20.00 horas. El director de juego estadounidense, que se encuentra en el ep\u00edlogo del contrato de dos meses que firm\u00f3 en octubre tras caer lesionado Trent Forrest, <strong>a\u00fan sigue bajo contrato con la entidad del Buesa Arena<\/strong>, por lo que la inc\u00f3gnita respecto a su futuro sigue sin esclarecerse.\n<\/p>\n<p class=\"article-body__text \">\n        El club, como ya ha dejado claro el director deportivo F\u00e9lix Fern\u00e1ndez en sus \u00faltimas comparecencias ante los medios de comunicaci\u00f3n, est\u00e1 contento con su rendimiento, pero la decisi\u00f3n no es f\u00e1cil. Ejecutar la opci\u00f3n de renovar su contrato hasta final de temporada supondr\u00eda<strong> sobrepoblar el puesto de base y contar con cuatro extracomunitarios en n\u00f3mina con \u00e9l, Howard, Forrest y Nowell, lo cual no es lo ideal para competir en la ACB<\/strong>, donde s\u00f3lo se permite convocar a dos.\n<\/p>\n<p>            <a href=\"https:\/\/www.noticiasdealava.eus\/baskonia\/2025\/12\/22\/simmons-kosner-baskonia-valencia-10501164.html\" title=\"Simmons, uno m\u00e1s con el Kosner Baskonia en Valencia\" class=\"new__media\" rel=\"nofollow noopener\" target=\"_blank\"><\/p>\n<p>                <img alt=\"Simmons, uno m\u00e1s con el Kosner Baskonia en Valencia\" data-src=\"https:\/\/www.europesays.com\/es\/wp-content\/uploads\/2025\/12\/7fb218f8-7903-4f83-902c-32e0bbe1e119_16-9-aspect-ratio_default_0_x703y421.jpg\" class=\"lozad\"\/><\/p>\n<p>        <\/a><\/p>\n<p>        <a href=\"https:\/\/www.noticiasdealava.eus\/baskonia\/2025\/12\/22\/simmons-kosner-baskonia-valencia-10501164.html\" title=\"Simmons, uno m\u00e1s con el Kosner Baskonia en Valencia\" class=\"new__headline\" rel=\"nofollow noopener\" target=\"_blank\"><br \/>\n            Simmons, uno m\u00e1s con el Kosner Baskonia en Valencia<br \/>\n        <\/a><\/p>\n<p class=\"article-body__text \">\n        Ese condicionante deja <strong>a\u00fan en el aire la continuidad de Simmons, ya que ser\u00eda una operaci\u00f3n m\u00e1s costosa que mantener en n\u00f3mina a los otros tres extracomunitarios<\/strong>, que s\u00ed que cuentan todos ellos con contrato con el club al menos hasta el final de la presente temporada.\n<\/p>\n<p class=\"article-body__text \">\n        Lo que <strong>s\u00ed que es una certeza es cu\u00e1l es el deseo de Paolo Galbiati<\/strong>. El t\u00e9cnico no quiso responder a qu\u00e9 decisi\u00f3n tomar\u00eda \u00e9l cuando fue cuestionado por ello en su \u00faltima intervenci\u00f3n ante los medios de comunicaci\u00f3n, s\u00f3lo dijo que el club conoc\u00eda sus intenciones. Pues bien, tras los \u00faltimos tres encuentros oficiales, <strong>sus intenciones ya son p\u00fablicas<\/strong>.\n<\/p>\n<p>            <a href=\"https:\/\/www.noticiasdealava.eus\/baskonia\/2025\/12\/16\/paolo-galbiati-club-quiero-kobi-10476995.html\" title=\"Paolo Galbiati: &quot;El club sabe lo que quiero con Kobi Simmons&quot;\" class=\"new__media\" rel=\"nofollow noopener\" target=\"_blank\"><\/p>\n<p>                <img alt=\"Paolo Galbiati: &quot;El club sabe lo que quiero con Kobi Simmons&quot;\" data-src=\"https:\/\/www.europesays.com\/es\/wp-content\/uploads\/2025\/12\/a8dd1df6-5045-413c-9a69-5fe35db86e78_16-9-aspect-ratio_default_0_x1069y298.jpg\" class=\"lozad\"\/><\/p>\n<p>        <\/a><\/p>\n<p>        <a href=\"https:\/\/www.noticiasdealava.eus\/baskonia\/2025\/12\/16\/paolo-galbiati-club-quiero-kobi-10476995.html\" title=\"Paolo Galbiati: &quot;El club sabe lo que quiero con Kobi Simmons&quot;\" class=\"new__headline\" rel=\"nofollow noopener\" target=\"_blank\"><br \/>\n            Paolo Galbiati: \u00abEl club sabe lo que quiero con Kobi Simmons\u00bb<br \/>\n        <\/a><\/p>\n<p class=\"article-body__text \">\n        Desde que Kobi Simmons aterriz\u00f3 en Vitoria-Gasteiz, el preparador italiano ha dejado claro que es un jugador muy de su gusto. <strong>El exterior de Georgia se hizo pronto con las riendas del equipo durante la ausencia por lesi\u00f3n de Forrest y se convirti\u00f3 en el base titular <\/strong>por delante de Nowell. Sus cualidades f\u00edsicas y su talla, por encima de los 1,90 metros, lo convierten en un <strong>defensor s\u00f3lido<\/strong> incluso cuando queda emparejado con jugadores de otras posiciones.\u00a0\n<\/p>\n<p class=\"article-body__text \">\n        A ello, adem\u00e1s, hay que sumarle <strong>el temple que ha demostrado en la direcci\u00f3n de juego y su capacidad para anotar tanto en penetraci\u00f3n como desde el per\u00edmetro<\/strong> cuando recibe con los pies fijos en el suelo. <strong>Nowell tambi\u00e9n ha demostrado talento anotador y creatividad ofensiva, pero sus 1,70 metros de altura<\/strong>, a pesar de su buena actitud, son <strong>una lacra<\/strong> demasiado grande atr\u00e1s y los rivales lo atacan constantemente en el poste siempre que est\u00e1 sobre el parqu\u00e9.\n<\/p>\n<p class=\"article-body__text \">\n        <strong>Hasta el regreso de Forrest, ambos convivieron sobre el parqu\u00e9, pero desde entonces Galbiati ha dejado claras sus intenciones<\/strong>. En el primer partido con los tres directores de juego sanos contra el Real Madrid en Euroliga, Nowell disput\u00f3 s\u00f3lo cuatro minutos y 31 segundos, mientras que en<strong> los siguientes tres se ha quedado fuera de la convocatoria<\/strong>.\n<\/p>\n<p>            <a href=\"https:\/\/www.noticiasdealava.eus\/baskonia\/2025\/12\/22\/joan-penarroya-dirigira-partizan-belgrado-10501830.html\" title=\"Joan Pe\u00f1arroya dirigir\u00e1 al Partizan de Belgrado\" class=\"new__media\" rel=\"nofollow noopener\" target=\"_blank\"><\/p>\n<p>                <img alt=\"Joan Pe\u00f1arroya dirigir\u00e1 al Partizan de Belgrado\" data-src=\"https:\/\/www.europesays.com\/es\/wp-content\/uploads\/2025\/12\/9513dd7e-2fea-4e5e-9a96-f0962be3f1f3_16-9-aspect-ratio_default_0_x1379y786.jpg\" class=\"lozad\"\/><\/p>\n<p>        <\/a><\/p>\n<p>        <a href=\"https:\/\/www.noticiasdealava.eus\/baskonia\/2025\/12\/22\/joan-penarroya-dirigira-partizan-belgrado-10501830.html\" title=\"Joan Pe\u00f1arroya dirigir\u00e1 al Partizan de Belgrado\" class=\"new__headline\" rel=\"nofollow noopener\" target=\"_blank\"><br \/>\n            Joan Pe\u00f1arroya dirigir\u00e1 al Partizan de Belgrado<br \/>\n        <\/a><\/p>\n<p class=\"article-body__text \">\n        Ni siquiera en los dos encuentros de la Euroliga ante el M\u00f3naco y el Barcelona, donde s\u00ed que podr\u00eda haber entrado en la convocatoria por delante de Rafa Villar, con menos incidencia que Nowell hasta entonces, cont\u00f3 Galbiati con \u00e9l. Algo que <strong>se puede interpretar como un mensaje al club dejando claro que no cuenta con Nowell y que necesita a Simmons<\/strong> \u2013incluso en la ACB lo convoc\u00f3 por delante de Forrest para medirse al Unicaja\u2013, pero <strong>tambi\u00e9n admite la interpretaci\u00f3n de que est\u00e1 mostrando a Nowell la puerta de salida<\/strong> para que se plantee llegar a un acuerdo con el club. De lo contrario, el Baskonia tendr\u00eda que abonar todo lo que le queda por cobrar esta temporada.\n<\/p>\n<p class=\"article-body__text \">\n        La <strong>gran actuaci\u00f3n de Simmons contra el Unicaja, duelo en el que fue uno de los tres pilares del equipo junto a Howard y Luwawu-Cabarrot al registrar 18 puntos, 3 asistencias, 4 rebotes y 19 cr\u00e9ditos<\/strong> de valoraci\u00f3n, volvi\u00f3 a demostrar que el club gasteiztarra ha encontrado a un base de primer nivel para la Euroliga. Fue el jugador m\u00e1s utilizado en M\u00e1laga por Galbiati con 34 minutos sobre el parqu\u00e9 y seguro que volver\u00e1 a ser importante en Valencia.\n<\/p>\n<p>            <a href=\"https:\/\/www.noticiasdealava.eus\/baskonia\/2025\/12\/21\/baskonia-fe-inquebrantable-da-campanada-cronica-unicaja-90-93-baskonia-10499641.html\" title=\"Un Baskonia de fe inquebrantable da la campanada en M\u00e1laga\" class=\"new__media\" rel=\"nofollow noopener\" target=\"_blank\"><\/p>\n<p>                <img alt=\"Un Baskonia de fe inquebrantable da la campanada en M\u00e1laga\" data-src=\"https:\/\/www.europesays.com\/es\/wp-content\/uploads\/2025\/12\/b51152f7-e6d1-41db-92f3-067cc89e8dfd_16-9-aspect-ratio_default_0_x1872y1253.jpg\" class=\"lozad\"\/><\/p>\n<p>        <\/a><\/p>\n<p>        <a href=\"https:\/\/www.noticiasdealava.eus\/baskonia\/2025\/12\/21\/baskonia-fe-inquebrantable-da-campanada-cronica-unicaja-90-93-baskonia-10499641.html\" title=\"Un Baskonia de fe inquebrantable da la campanada en M\u00e1laga\" class=\"new__headline\" rel=\"nofollow noopener\" target=\"_blank\"><br \/>\n            Un Baskonia de fe inquebrantable da la campanada en M\u00e1laga<br \/>\n        <\/a><\/p>\n<p class=\"article-body__text \">\n        19 participaciones de 19 posibles, en definitiva, frente a<strong> 13 convocatorias de 19 posibles para Nowell desde la llegada de Simmons y 1 de 4 desde el regreso de Forrest<\/strong>. Las cartas est\u00e1n marcadas para Simmons en el tim\u00f3n, pero la partida acabar\u00e1 cuando el club se pronuncie.\n<\/p>\n<p class=\"article-body__text \">\n        A\u00fan hay temporada por delante y <strong>una cuerda exterior formada por Forrest, Simmons, Howard y Spagnolo sanos y a este nivel puede dar mucho de qu\u00e9 hablar en la Euroliga<\/strong>. En la ACB, eso s\u00ed, uno deber\u00eda seguir qued\u00e1ndose fuera de las convocatorias salvo que el club, en una jugada maestra, le busque un pasaporte a Forrest o Simmons de cara a la pr\u00f3xima ventana FIBA de febrero.<\/p>\n","protected":false},"excerpt":{"rendered":"El Kosner Baskonia volver\u00e1 a contar con Kobi Simmons a su disposici\u00f3n para visitar al Valencia Basket este&hellip;\n","protected":false},"author":2,"featured_media":302461,"comment_status":"","ping_status":"","sticky":false,"template":"","format":"standard","meta":{"footnotes":""},"categories":[269],"tags":[299,298,4714,5940,168,25,24,62853,71688,23,167,26985],"class_list":{"0":"post-302460","1":"post","2":"type-post","3":"status-publish","4":"format-standard","5":"has-post-thumbnail","7":"category-baloncesto","8":"tag-baloncesto","9":"tag-basketball","10":"tag-baskonia","11":"tag-cartas","12":"tag-deportes","13":"tag-es","14":"tag-espana","15":"tag-kosner","16":"tag-marcadas","17":"tag-spain","18":"tag-sports","19":"tag-timon"},"share_on_mastodon":{"url":"https:\/\/pubeurope.com\/@es\/115766258866134161","error":""},"_links":{"self":[{"href":"https:\/\/www.europesays.com\/es\/wp-json\/wp\/v2\/posts\/302460","targetHints":{"allow":["GET"]}}],"collection":[{"href":"https:\/\/www.europesays.com\/es\/wp-json\/wp\/v2\/posts"}],"about":[{"href":"https:\/\/www.europesays.com\/es\/wp-json\/wp\/v2\/types\/post"}],"author":[{"embeddable":true,"href":"https:\/\/www.europesays.com\/es\/wp-json\/wp\/v2\/users\/2"}],"replies":[{"embeddable":true,"href":"https:\/\/www.europesays.com\/es\/wp-json\/wp\/v2\/comments?post=302460"}],"version-history":[{"count":0,"href":"https:\/\/www.europesays.com\/es\/wp-json\/wp\/v2\/posts\/302460\/revisions"}],"wp:featuredmedia":[{"embeddable":true,"href":"https:\/\/www.europesays.com\/es\/wp-json\/wp\/v2\/media\/302461"}],"wp:attachment":[{"href":"https:\/\/www.europesays.com\/es\/wp-json\/wp\/v2\/media?parent=302460"}],"wp:term":[{"taxonomy":"category","embeddable":true,"href":"https:\/\/www.europesays.com\/es\/wp-json\/wp\/v2\/categories?post=302460"},{"taxonomy":"post_tag","embeddable":true,"href":"https:\/\/www.europesays.com\/es\/wp-json\/wp\/v2\/tags?post=302460"}],"curies":[{"name":"wp","href":"https:\/\/api.w.org\/{rel}","templated":true}]}}