{"id":302462,"date":"2025-12-23T01:21:12","date_gmt":"2025-12-23T01:21:12","guid":{"rendered":"https:\/\/www.europesays.com\/es\/302462\/"},"modified":"2025-12-23T01:21:12","modified_gmt":"2025-12-23T01:21:12","slug":"asi-es-el-calendario-de-los-jugadores-beticos-de-marruecos-y-rd-congo-en-la-copa-africa","status":"publish","type":"post","link":"https:\/\/www.europesays.com\/es\/302462\/","title":{"rendered":"As\u00ed es el calendario de los jugadores b\u00e9ticos de Marruecos y RD Congo en la Copa \u00c1frica"},"content":{"rendered":"<p style=\"\">Ya est\u00e1 en marcha una nueva edici\u00f3n de la <strong>Copa \u00c1frica<\/strong>. Tres futbolistas del <strong>Betis<\/strong> han sido convocados para participar en el torneo con sus respectivas selecciones. <strong>Abde y Amrabat<\/strong> se encuentran con Marruecos mientras que <strong>Bakambu<\/strong> est\u00e1 en la convocatoria  &#8230; de la RD Congo. <\/p>\n<p class=\"voc-p\" style=\"\">El torneo comenz\u00f3 este domingo 21 de diciembre precisamente con el triunfo de Marruecos ante Comoras por 2-0. Amrabat fue titular y tuvo los 90 minutos de juego. Por su parte, Abde, suplente de inicio, sustituy\u00f3 a Ounahi pasada la hora de juego.<\/p>\n<p>\nCalendario de la fase de grupos\n<\/p>\n<p class=\"voc-p\" style=\"\">Marruecos &#8211; Comoras (2-0)<\/p>\n<p class=\"voc-p\" style=\"\">Marruecos &#8211; Mali (Viernes 26, 21.00)<\/p>\n<p class=\"voc-p\" style=\"\">Zambia &#8211; Marruecos (Lunes 29, 20.00)<\/p>\n<p class=\"voc-p\" style=\"\">R. D. Congo &#8211; Ben\u00edn (Martes 23, 13.30)<\/p>\n<p class=\"voc-p\" style=\"\">Senegal &#8211; R.D. Congo (S\u00e1bado 27, 16.00)<\/p>\n<p class=\"voc-p\" style=\"\">Botsuana &#8211; R.D. Congo (Martes 30, 20.00)<\/p>\n<p class=\"voc-p\" style=\"\">Se clasifican para la siguiente eliminatoria los dos primeros de cada grupo y los cuatro mejores terceros. <\/p>\n<p class=\"voc-p\" style=\"\">Los <strong>octavos de final<\/strong> de la Copa \u00c1frica est\u00e1n previstos para los d\u00edas 3, 4, 5 y 6 de enero. Los <strong>cuartos de final<\/strong> se repartir\u00e1n entre los d\u00edas 9 y 10 de enero mientras que las <strong>semifinales<\/strong> se disputar\u00e1n el d\u00eda 14. La <strong>final<\/strong> de la Copa \u00c1frica tendr\u00e1 lugar el domingo 18 de enero.<\/p>\n<p>\nVuelta de LaLiga\n<\/p>\n<p class=\"voc-p\" style=\"\">El regreso del Betis a la competici\u00f3n despu\u00e9s del par\u00f3n por la Navidad est\u00e1 previsto para el domingo 4 de enero (16.15) con el partido a domicilio ante el Real Madrid correspondiente a la jornada 18 del campeonato en Primera divisi\u00f3n. <\/p>\n","protected":false},"excerpt":{"rendered":"Ya est\u00e1 en marcha una nueva edici\u00f3n de la Copa \u00c1frica. Tres futbolistas del Betis han sido convocados&hellip;\n","protected":false},"author":2,"featured_media":302463,"comment_status":"","ping_status":"","sticky":false,"template":"","format":"standard","meta":{"footnotes":""},"categories":[268],"tags":[5404,4928,6783,9758,2493,168,25,24,280,282,2713,4485,281,23,167],"class_list":{"0":"post-302462","1":"post","2":"type-post","3":"status-publish","4":"format-standard","5":"has-post-thumbnail","7":"category-futbol","8":"tag-africa","9":"tag-beticos","10":"tag-calendario","11":"tag-congo","12":"tag-copa","13":"tag-deportes","14":"tag-es","15":"tag-espana","16":"tag-football","17":"tag-futbol","18":"tag-jugadores","19":"tag-marruecos","20":"tag-soccer","21":"tag-spain","22":"tag-sports"},"share_on_mastodon":{"url":"https:\/\/pubeurope.com\/@es\/115766262914282644","error":""},"_links":{"self":[{"href":"https:\/\/www.europesays.com\/es\/wp-json\/wp\/v2\/posts\/302462","targetHints":{"allow":["GET"]}}],"collection":[{"href":"https:\/\/www.europesays.com\/es\/wp-json\/wp\/v2\/posts"}],"about":[{"href":"https:\/\/www.europesays.com\/es\/wp-json\/wp\/v2\/types\/post"}],"author":[{"embeddable":true,"href":"https:\/\/www.europesays.com\/es\/wp-json\/wp\/v2\/users\/2"}],"replies":[{"embeddable":true,"href":"https:\/\/www.europesays.com\/es\/wp-json\/wp\/v2\/comments?post=302462"}],"version-history":[{"count":0,"href":"https:\/\/www.europesays.com\/es\/wp-json\/wp\/v2\/posts\/302462\/revisions"}],"wp:featuredmedia":[{"embeddable":true,"href":"https:\/\/www.europesays.com\/es\/wp-json\/wp\/v2\/media\/302463"}],"wp:attachment":[{"href":"https:\/\/www.europesays.com\/es\/wp-json\/wp\/v2\/media?parent=302462"}],"wp:term":[{"taxonomy":"category","embeddable":true,"href":"https:\/\/www.europesays.com\/es\/wp-json\/wp\/v2\/categories?post=302462"},{"taxonomy":"post_tag","embeddable":true,"href":"https:\/\/www.europesays.com\/es\/wp-json\/wp\/v2\/tags?post=302462"}],"curies":[{"name":"wp","href":"https:\/\/api.w.org\/{rel}","templated":true}]}}