{"id":302488,"date":"2025-12-23T01:47:09","date_gmt":"2025-12-23T01:47:09","guid":{"rendered":"https:\/\/www.europesays.com\/es\/302488\/"},"modified":"2025-12-23T01:47:09","modified_gmt":"2025-12-23T01:47:09","slug":"quiero-decirle-a-todas-las-mujeres-que-estan-en-la-misma-situacion-que-yo-que-aguanten","status":"publish","type":"post","link":"https:\/\/www.europesays.com\/es\/302488\/","title":{"rendered":"Quiero decirle a todas las mujeres que est\u00e1n en la misma situaci\u00f3n que yo que aguanten"},"content":{"rendered":"<p data-journey-content=\"true\" data-node-id=\"3\" class=\"css-6wxqfj emevuu60\">Carla Bruni anunciaba en su cuenta de Instagram el fin de una de las etapas m\u00e1s duras de su vida. La modelo de 57 a\u00f1os explicaba a todos sus seguidores que, tras cinco a\u00f1os de tratamiento contra el c\u00e1ncer, por fin terminaba esta etapa en la que ha estado sometida a terapia hormonal. <strong data-node-id=\"3.1\">En el a\u00f1o 2019 contaba que hab\u00eda sido diagnosticada con esta enfermedad <\/strong>y desde entonces ha jugado un papel muy importante a la hora de concienciar a todas las mujeres del mundo para acudir a hacerse las revisiones correspondientes. \u00abTuve suerte de que mi c\u00e1ncer no fuera todav\u00eda agresivo. \u00bfPor qu\u00e9 no lleg\u00f3 a serlo? Porque no tuvo tiempo de crecer. Porque cada a\u00f1o, en la misma fecha, me hago una mamograf\u00eda\u00bb, explicaba.<\/p>\n<p data-journey-content=\"true\" data-node-id=\"6\" class=\"css-6wxqfj emevuu60\">La investigaci\u00f3n y la detecci\u00f3n temprana de un caso con c\u00e1ncer de mama marcan por completo el resultado. La artista ha explicado que durante estos a\u00f1os se ha sometido a <strong data-node-id=\"6.1\">tratamientos de radioterapia, hormonalterapia, y cirug\u00edas <\/strong>\u00abeste es el camino que debemos tomar para curar este tipo de c\u00e1ncer\u00bb <\/p>\n<p data-journey-content=\"true\" data-node-id=\"9\" class=\"css-6wxqfj emevuu60\">Ella misma ha explicado que, despu\u00e9s de haber pasado por esto, est\u00e1 agradecida con la ciencia por el tratamiento. \u00abA pesar de sus efectos secundarios bastante agresivos, protege eficazmente contra la reca\u00edda que es com\u00fan en los a\u00f1os posteriores al diagn\u00f3stico\u00bb.<\/p>\n<p>Carla Bruni anuncia que termina su tratamiento contra el c\u00e1ncer de mama tras cinco a\u00f1os<\/p>\n<p data-journey-content=\"true\" data-node-id=\"13\" class=\"css-6wxqfj emevuu60\">La modelo tambi\u00e9n aprovechaba este post de Instagram para mandar un mensaje a las personas que est\u00e1n viviendo la misma situaci\u00f3n que ella. \u00abQuiero decirle a todas las mujeres que est\u00e1n en la misma situaci\u00f3n que aguanten &#8211; <strong data-node-id=\"13.1\">por supuesto que la terapia hormonal es un tratamiento bastante duro<\/strong> &#8211; pero su efectividad puede salvar tu vida.<br data-node-id=\"13.3\"\/>Quiero decir de nuevo a todas las mujeres que leen este post que no duden en ser proyectadas anualmente si es posible\u00bb<\/p>\n<p><img src=\"https:\/\/www.europesays.com\/es\/wp-content\/uploads\/2025\/12\/1766454429_278_ade596ee-932c-4fd8-997c-ab0e77af060a_1668503088.file\" alt=\"Headshot of Sara Alcoceba\" title=\"Headshot of Sara Alcoceba\" width=\"100%\" height=\"100%\" decoding=\"async\" loading=\"lazy\" class=\"css-o0wq4v ev8dhu53\"\/><\/p>\n<p>Sara Alcoceba es experta en estilo, celebrities y moda. No hay estilismo de famosa que le pase desapercibido y es capaz de bucear en todas las webs de las marcas de moda hasta sacar el outfit completo que han llevado a su \u00faltimo evento. De Zara, Mango o H&amp;M hasta la boutique m\u00e1s rec\u00f3ndita: Sara es especialista en contarte de qu\u00e9 visten las famosas y c\u00f3mo llevar su look.\u00a0<\/p>\n<p>Su gran pasi\u00f3n es cubrir la actualidad en alfombras rojas y eventos de moda. De los Oscars a la Gala Met, pasando por el d\u00eda a d\u00eda que comparten influencers y celebrities en sus redes sociales o los photocalls a los que acuden los royals y la alta sociedad. Siempre tiene un ojo puesto en lo que se cuece en Instagram y TikTok.\u00a0<\/p>\n<p>Sara Alcoceba se gradu\u00f3 en Periodismo en la Universidad Carlos III de Madrid y desde entonces se ha especializado en medios de comunicaci\u00f3n digitales, trabajando en revistas de moda y lifestyle. Pas\u00f3 por Cosmopolitan, HOLA y Vanitatis cubriendo actualidad y belleza, y tuvo una temporada muy fitness escribiendo sobre entrenamientos y nutrici\u00f3n en Women\u2019s Health. \u00a0\u00a0<\/p>\n<p>Con una trayectoria de casi una d\u00e9cada en medios digitales, Sara lleva m\u00e1s de 7 a\u00f1os vinculada a ELLE, donde ahora ha tomado las riendas de la secci\u00f3n de Star Style para contarte todo lo que tienes que saber sobre tus famosas favoritas. \u00a0\u00a0<\/p>\n","protected":false},"excerpt":{"rendered":"Carla Bruni anunciaba en su cuenta de Instagram el fin de una de las etapas m\u00e1s duras de&hellip;\n","protected":false},"author":2,"featured_media":302489,"comment_status":"","ping_status":"","sticky":false,"template":"","format":"standard","meta":{"footnotes":""},"categories":[174],"tags":[255,253,146,147,25,24,256,23],"class_list":{"0":"post-302488","1":"post","2":"type-post","3":"status-publish","4":"format-standard","5":"has-post-thumbnail","7":"category-famosos","8":"tag-celebrities","9":"tag-discover","10":"tag-entertainment","11":"tag-entretenimiento","12":"tag-es","13":"tag-espana","14":"tag-famosos","15":"tag-spain"},"share_on_mastodon":{"url":"https:\/\/pubeurope.com\/@es\/115766365559017769","error":""},"_links":{"self":[{"href":"https:\/\/www.europesays.com\/es\/wp-json\/wp\/v2\/posts\/302488","targetHints":{"allow":["GET"]}}],"collection":[{"href":"https:\/\/www.europesays.com\/es\/wp-json\/wp\/v2\/posts"}],"about":[{"href":"https:\/\/www.europesays.com\/es\/wp-json\/wp\/v2\/types\/post"}],"author":[{"embeddable":true,"href":"https:\/\/www.europesays.com\/es\/wp-json\/wp\/v2\/users\/2"}],"replies":[{"embeddable":true,"href":"https:\/\/www.europesays.com\/es\/wp-json\/wp\/v2\/comments?post=302488"}],"version-history":[{"count":0,"href":"https:\/\/www.europesays.com\/es\/wp-json\/wp\/v2\/posts\/302488\/revisions"}],"wp:featuredmedia":[{"embeddable":true,"href":"https:\/\/www.europesays.com\/es\/wp-json\/wp\/v2\/media\/302489"}],"wp:attachment":[{"href":"https:\/\/www.europesays.com\/es\/wp-json\/wp\/v2\/media?parent=302488"}],"wp:term":[{"taxonomy":"category","embeddable":true,"href":"https:\/\/www.europesays.com\/es\/wp-json\/wp\/v2\/categories?post=302488"},{"taxonomy":"post_tag","embeddable":true,"href":"https:\/\/www.europesays.com\/es\/wp-json\/wp\/v2\/tags?post=302488"}],"curies":[{"name":"wp","href":"https:\/\/api.w.org\/{rel}","templated":true}]}}