{"id":302502,"date":"2025-12-23T01:55:09","date_gmt":"2025-12-23T01:55:09","guid":{"rendered":"https:\/\/www.europesays.com\/es\/302502\/"},"modified":"2025-12-23T01:55:09","modified_gmt":"2025-12-23T01:55:09","slug":"aria-se-estreno-en-tve-como-un-canto-de-amor-a-la-opera-con-muchas-luces-y-alguna-sombra","status":"publish","type":"post","link":"https:\/\/www.europesays.com\/es\/302502\/","title":{"rendered":"&#8216;Aria&#8217; se estren\u00f3 en TVE como un canto de amor a la \u00f3pera, con muchas luces y alguna sombra"},"content":{"rendered":"<p class=\"article-text\">\n        Este lunes, 22 de diciembre, RTVE estren\u00f3 <strong>ARIA, locos por la \u00f3pera,<\/strong> su nuevo talent show &#8211; producido por <strong>Gestmusic (Banijay Iberia)<\/strong>&#8211; para encontrar al mejor cantante de \u00f3pera. Presentado por <strong>Ruth Lorenzo<\/strong>, acompa\u00f1ada de <strong>Juanjo Bona<\/strong> en el backstage, y un jurado formado por la soprano<strong> Isabel Rey<\/strong>, el tenor <strong>Jos\u00e9 Manuel Zapata<\/strong> y la directora de orquesta <strong>Virginia Mart\u00ednez.<\/strong>\n    <\/p>\n<p>    <a href=\"https:\/\/www.eldiario.es\/vertele\/noticias\/rtve-presenta-talent-opera-aria-concreta-papel-juanjo-bona-ruth-lorenzo-jurado_1_12796707.html\" data-mrf-recirculation=\"saber-mas\" data-dl-event=\"saber-mas\" rel=\"nofollow noopener\" target=\"_blank\"><\/p>\n<p class=\"know-more__title\">RTVE presenta el talent de \u00f3pera &#8216;ARIA&#8217;, concreta el papel de Juanjo Bona junto a Ruth Lorenzo y descubre el jurado<\/p>\n<p>            <img decoding=\"async\" class=\"lazy\" loading=\"lazy\" data-src=\"https:\/\/static.eldiario.es\/clip\/c958bfda-d00d-4a04-ae2d-4097db96838d_16-9-aspect-ratio_default_0.jpg\" src=\"data:image\/svg+xml,%3Csvg xmlns=\" http:=\"\" viewbox=\"0 0 880 495\" alt=\"RTVE presenta el talent de \u00f3pera 'ARIA', concreta el papel de Juanjo Bona junto a Ruth Lorenzo y descubre el jurado\"\/><\/p>\n<p>                        <\/a><\/p>\n<p class=\"article-text\">\n        El estreno impact\u00f3 desde los primeros segundos por una puesta en escena espectacular, en la que la<strong> orquesta Franz Schubert Filharmonia<\/strong>, dirigida por Tom\u00e0s Grau, abrazaba a la presentadora mientras bajaba de las escaleras y el p\u00fablico aplaud\u00eda deseoso de disfrutar de las actuaciones.\n    <\/p>\n<p class=\"article-text\">\n        La cantante transmiti\u00f3 tanta ilusi\u00f3n por el nuevo proyecto, como comodidad ante un formato que dej\u00f3 brillar a cada uno de los que pisaron el escenario. Y ese es uno de los grandes aciertos del programa: que <strong>desprende amor por la \u00f3pera<\/strong>. Tanto los concursantes, como los jueces y la orquesta tratan con respeto cada nota que suena.\n    <\/p>\n<p class=\"article-text\">\n        Algo que llega a casa a trav\u00e9s de la pantalla y deja con ganas de profundizar en esta disciplina tan pocas veces vista en TV. Otra de las luces del formato, es la<strong> parte did\u00e1ctica que pone Mario Marzo <\/strong>explicando las historias que hay detr\u00e1s de las grandes arias. Piezas que hemos escuchado infinidad de veces, pero nunca nos hab\u00edamos parado a entenderlas.\n    <\/p>\n<blockquote class=\"twitter-tweet\" data-lang=\"es\"><p><a href=\"https:\/\/twitter.com\/X\/status\/2003214537789702567?ref_src=twsrc%5Etfw\" rel=\"nofollow noopener\" target=\"_blank\"><\/p><\/blockquote>\n<p class=\"article-text\">\n        As\u00ed, el programa incluye al espectador en la historia que cuentan (y cantan) los concursantes. Solo a falta de las letras de la canci\u00f3n en la parte inferior de la pantalla (cual karaoke), con las que el p\u00fablico tambi\u00e9n pudiera cantar en casa para <strong>sentirse cantante de \u00f3pera por una noche. <\/strong>\n    <\/p>\n<p class=\"article-text\">\n        Quiz\u00e1 el <strong>punto m\u00e1s d\u00e9bil del formato sea la figura del jurado secreto<\/strong>, al que solo se le escucha, pero no se ver\u00e1 hasta el final de la edici\u00f3n. Lo que provoca una sensaci\u00f3n de estar hablando con una inteligencia artificial poco c\u00e1lida, dentro de todo un formato tan a flor de piel.\n    <\/p>\n<p>    La primera expulsi\u00f3n de la edici\u00f3n<\/p>\n<p class=\"article-text\">\n        El primer programa present\u00f3 a cinco de sus concursantes: <strong>Esa\u00fa, \u00c1lvaro, Merlyn, Gin\u00e9s y Klaudya<\/strong>, al ritmo del Brindis de La traviata. Cada uno de ellos protagoniz\u00f3 una aria, mostrando su voz y capacidad de interpretaci\u00f3n.\n    <\/p>\n<p class=\"article-text\">\n        Tras mostrar sus ensayos y consejos de la profesora, finalmente hac\u00edan la actuaci\u00f3n que era juzgada por los tres miembros del jurado. As\u00ed, <strong>solo quedaron Gin\u00e9s y Merlyn en la cuerda floja.<\/strong>\n    <\/p>\n<p>    <a href=\"https:\/\/www.eldiario.es\/vertele\/noticias\/bombazo-rtve-campanadas-oreja-gogh-presentara-nuevo-single-uvas-1_1_12863805.html\" data-mrf-recirculation=\"saber-mas-abajo\" data-dl-event=\"saber-mas-abajo\" rel=\"nofollow noopener\" target=\"_blank\"><\/p>\n<p class=\"know-more__title\">El &#8216;bombazo&#8217; de RTVE para las Campanadas: La Oreja de Van Gogh presentar\u00e1 su nuevo single en las uvas de La 1<\/p>\n<p>            <img decoding=\"async\" class=\"lazy\" loading=\"lazy\" data-src=\"https:\/\/static.eldiario.es\/clip\/274c41f5-0668-437a-a6a9-a6d64119cecb_16-9-aspect-ratio_default_0.jpg\" src=\"data:image\/svg+xml,%3Csvg xmlns=\" http:=\"\" viewbox=\"0 0 880 495\" alt=\"El 'bombazo' de RTVE para las Campanadas: La Oreja de Van Gogh presentar\u00e1 su nuevo single en las uvas de La 1\"\/><\/p>\n<p>                        <\/a><\/p>\n<blockquote class=\"twitter-tweet\" data-lang=\"es\"><p><a href=\"https:\/\/twitter.com\/X\/status\/2003228674842411504?ref_src=twsrc%5Etfw\" rel=\"nofollow noopener\" target=\"_blank\"><\/p><\/blockquote>\n<p class=\"article-text\">\n        Para luchar por su continuidad tuvieron que cantar de nuevo su pieza, pero a capela. Tras escucharles, los jueces sentenciaron que fuera <strong>Gin\u00e9s el primer expulsado de la edici\u00f3n. <\/strong>\n    <\/p>\n<p>                                    <script async src=\"https:\/\/platform.twitter.com\/widgets.js\" charset=\"utf-8\"><\/script><\/p>\n","protected":false},"excerpt":{"rendered":"Este lunes, 22 de diciembre, RTVE estren\u00f3 ARIA, locos por la \u00f3pera, su nuevo talent show &#8211; producido&hellip;\n","protected":false},"author":2,"featured_media":302503,"comment_status":"","ping_status":"","sticky":false,"template":"","format":"standard","meta":{"footnotes":""},"categories":[91],"tags":[1733,67444,26544,146,147,25,24,1055,10539,7452,26032,23,3156],"class_list":{"0":"post-302502","1":"post","2":"type-post","3":"status-publish","4":"format-standard","5":"has-post-thumbnail","7":"category-entretenimiento","8":"tag-amor","9":"tag-aria","10":"tag-canto","11":"tag-entertainment","12":"tag-entretenimiento","13":"tag-es","14":"tag-espana","15":"tag-estreno","16":"tag-luces","17":"tag-opera","18":"tag-sombra","19":"tag-spain","20":"tag-tve"},"share_on_mastodon":{"url":"https:\/\/pubeurope.com\/@es\/115766396630156116","error":""},"_links":{"self":[{"href":"https:\/\/www.europesays.com\/es\/wp-json\/wp\/v2\/posts\/302502","targetHints":{"allow":["GET"]}}],"collection":[{"href":"https:\/\/www.europesays.com\/es\/wp-json\/wp\/v2\/posts"}],"about":[{"href":"https:\/\/www.europesays.com\/es\/wp-json\/wp\/v2\/types\/post"}],"author":[{"embeddable":true,"href":"https:\/\/www.europesays.com\/es\/wp-json\/wp\/v2\/users\/2"}],"replies":[{"embeddable":true,"href":"https:\/\/www.europesays.com\/es\/wp-json\/wp\/v2\/comments?post=302502"}],"version-history":[{"count":0,"href":"https:\/\/www.europesays.com\/es\/wp-json\/wp\/v2\/posts\/302502\/revisions"}],"wp:featuredmedia":[{"embeddable":true,"href":"https:\/\/www.europesays.com\/es\/wp-json\/wp\/v2\/media\/302503"}],"wp:attachment":[{"href":"https:\/\/www.europesays.com\/es\/wp-json\/wp\/v2\/media?parent=302502"}],"wp:term":[{"taxonomy":"category","embeddable":true,"href":"https:\/\/www.europesays.com\/es\/wp-json\/wp\/v2\/categories?post=302502"},{"taxonomy":"post_tag","embeddable":true,"href":"https:\/\/www.europesays.com\/es\/wp-json\/wp\/v2\/tags?post=302502"}],"curies":[{"name":"wp","href":"https:\/\/api.w.org\/{rel}","templated":true}]}}