{"id":302508,"date":"2025-12-23T01:58:08","date_gmt":"2025-12-23T01:58:08","guid":{"rendered":"https:\/\/www.europesays.com\/es\/302508\/"},"modified":"2025-12-23T01:58:08","modified_gmt":"2025-12-23T01:58:08","slug":"trump-anuncia-la-construccion-de-un-nuevo-tipo-de-buques-de-guerra-que-llevaran-su-nombre-seran-los-mas-grandes-y-poderosos-de-la-historia-internacional","status":"publish","type":"post","link":"https:\/\/www.europesays.com\/es\/302508\/","title":{"rendered":"Trump anuncia la construcci\u00f3n de un nuevo tipo de buques de guerra que llevar\u00e1n su nombre: \u201cSer\u00e1n los m\u00e1s grandes y poderosos de la historia\u201d | Internacional"},"content":{"rendered":"<p class=\"\">El presidente de Estados Unidos, Donald Trump, convoc\u00f3 este lunes a la prensa en su residencia privada de Mar-a-Lago para anunciar, junto a los secretarios de Defensa (Pete Hegseth), Estado (Marco Rubio) y la Armada (John Phelan), sus planes de ampliar la fuerza naval del pa\u00eds con un nuevo tipo de nav\u00edos bautizados con su nombre: los buques de guerra clase Trump. El plan pasa por construir hasta 25 de ellos (primero, dos; luego, 10, y finalmente el resto en un horizonte indeterminado de a\u00f1os). Y hacerlo en Estados Unidos. Formar\u00e1n lo que el presidente, en otra prueba de su pasi\u00f3n por bautizarlo todo, llam\u00f3 la \u201cFlota Dorada\u201d del Pent\u00e1gono. <\/p>\n<p class=\"\">\u201c\u00bfPor qu\u00e9 no hacemos barcos como los que sol\u00edamos construir? Llevamos desde 1994 sin hacerlo\u201c, dijo durante su intervenci\u00f3n, en la que compar\u00f3 constantemente la fuerza naval de Estados Unidos con la de China. Los buques de la clase Trump ser\u00e1n, prometi\u00f3 \u201dlos m\u00e1s r\u00e1pidos, los m\u00e1s grandes y superar\u00e1n en 100 veces la potencia de cualquier acorazado jam\u00e1s construido en nuestro pa\u00eds y en el mundo\u201c. \u201cInspirar\u00e1n miedo en nuestros enemigos\u201c, a\u00f1adi\u00f3. <\/p>\n<p class=\"\">Phelan afirm\u00f3, por su parte, que estar\u00e1n equipados con \u201cmisiles de crucero con capacidad nuclear\u201d. Como de costumbre, Hegseth aprovech\u00f3 su turno para alabar al jefe: \u201cEsta inversi\u00f3n [en los buques de guerra] es la clase de cosa por la que el pueblo estadounidense estar\u00e1 agradecido a Trump durante d\u00e9cadas, durante siglos\u201d. <\/p>\n<p class=\"\">El presidente, comandante en jefe de Estados Unidos, hizo su anuncio en mitad de la creciente tensi\u00f3n en el Caribe, donde Washington tiene desplegada una fuerza militar sin precedentes con una misi\u00f3n que ha cambiado en los \u00faltimos d\u00edas: de una supuesta guerra contra el narcotr\u00e1fico que ya se ha traducido en algo m\u00e1s de un centenar de asesinatos extrajudiciales de tripulantes de presuntas narcolanchas, a la presi\u00f3n sobre el Gobierno venezolano a base de interceptar petroleros frente a sus costas. <\/p>\n<p class=\"\">Desde su regreso al poder, pronto har\u00e1 un a\u00f1o, Trump ha hecho gala de sus ansias belicistas. En este caso, el movimiento obedece a un an\u00e1lisis que comparten muchos expertos: la fuerza naval est\u00e1 obsoleta, y sus astilleros necesitan una inyecci\u00f3n de eficiencia. Hegseth, veterano de la Guardia Nacional y expresentador de Fox News, se ha erigido en s\u00edmbolo de ese ardor guerrero que el republicano quiere devolver a base de soflamas anti-woke y testosterona a la primera potencia mundial. El anuncio de este lunes participa de esa obsesi\u00f3n.<\/p>\n<p class=\"\">Adem\u00e1s, Trump tiene prisa. Dijo que se reunir\u00e1 con contratistas de defensa la pr\u00f3xima semana en Florida para pedirles rapidez en las entregas, \u201cporque son demasiado lentos\u201d, afirm\u00f3. Tambi\u00e9n avis\u00f3 que est\u00e1 preparado para sancionar a las empresas que \u201cno hagan un buen trabajo\u201d. <\/p>\n<p class=\"\">La Armada ya hab\u00eda anunciado el viernes la puesta en funcionamiento de una nueva clase de fragatas, construidas en Estados Unidos, como parte de esa \u201cFlota Dorada\u201d, que Trump concibe como una manera de contrarrestar a China. Est\u00e1n pensadas para proteger las rutas mar\u00edtimas y para prestar servicio a los buques de mayor tama\u00f1o.<\/p>\n<p>Petroleros interceptados<\/p>\n<p class=\"\">Hasta el momento, han sido al menos tres los cargueros que han protagonizado incidentes en su encuentro en el Caribe con las fuerzas estadounidenses. El primero fue el 10 de diciembre. El Skipper cargaba con 1,9 millones de barriles de crudo. Trump comparti\u00f3 este lunes sus planes ante la pregunta de un reportero que Estados Unidos: \u201cNos quedaremos con ellos. Nos quedaremos tambi\u00e9n con el barco\u201d.<\/p>\n<p class=\"\">La segunda interceptaci\u00f3n lleg\u00f3 el pasado s\u00e1bado. Al d\u00eda siguiente, la Guardia Costera trat\u00f3 de dar el alto a un tercero, que navegaba hacia Venezuela, pero este se neg\u00f3 a ser intervenido y se alej\u00f3 de la zona. Este lunes al final de la tarde (hora de Washington) las autoridades estadounidenses a\u00fan no hab\u00edan renunciado a darle caza, seg\u00fan confirm\u00f3 Trump, que tambi\u00e9n dijo que no la Guardia Costera no hab\u00eda desistido en su misi\u00f3n. <\/p>\n<p class=\"\">El petrolero en cuesti\u00f3n es un buque incluido en la lista de embarcaciones sancionadas por Estados Unidos por sus presuntos v\u00ednculos con el r\u00e9gimen iran\u00ed. Se llama Bella 1, tiene bandera paname\u00f1a, y formaba parte desde 2024 de los sancionados por Estados Unidos, seg\u00fan consta en <a href=\"https:\/\/sanctionssearch.ofac.treas.gov\/Details.aspx?id=49248\" rel=\"nofollow noopener\" title=\"https:\/\/sanctionssearch.ofac.treas.gov\/Details.aspx?id=49248\" target=\"_blank\">los documentos oficiales de Oficina de Control de Activos Extranjeros (OFAC son sus siglas<\/a> en ingl\u00e9s). Fue construido en 2002 y es propiedad de una empresa llamada Louis Marine Shipholding Enterprises. El Departamento del Tesoro lo sancion\u00f3 por sus v\u00ednculos con Ir\u00e1n y por \u201chaber participado en el transporte il\u00edcito de petr\u00f3leo y otras mercanc\u00edas\u201d para financiar actividades terroristas, <a href=\"https:\/\/home.treasury.gov\/news\/press-releases\/jy2399#:~:text=ADDITIONAL%20ILLICIT%20SHIPMENTS,Enterprises%20S.A.%20has%20an%20interest.\" rel=\"nofollow noopener\" title=\"https:\/\/home.treasury.gov\/news\/press-releases\/jy2399#:~:text=ADDITIONAL%20ILLICIT%20SHIPMENTS,Enterprises%20S.A.%20has%20an%20interest.\" target=\"_blank\">siempre seg\u00fan Washington.<\/a><\/p>\n<p class=\"\">El presidente de Estados Unidos anunci\u00f3 la semana pasada un \u201cbloqueo total y completo\u201d de todos los petroleros sancionados por Washington que intenten entrar o salir de Venezuela. Con ese anuncio, el republicano despej\u00f3 las pocas dudas que pod\u00edan quedar sobre el <a href=\"https:\/\/elpais.com\/america\/2025-12-17\/trump-ordena-el-bloqueo-total-de-los-petroleros-sancionados-que-entren-y-salgan-de-venezuela.html\" rel=\"nofollow noopener\" title=\"https:\/\/elpais.com\/america\/2025-12-17\/trump-ordena-el-bloqueo-total-de-los-petroleros-sancionados-que-entren-y-salgan-de-venezuela.html\" target=\"_blank\">inter\u00e9s de Washington en el petr\u00f3leo<\/a> venezolano como parte de la ofensiva contra el Gobierno de Nicolas Maduro, mandatario que la Administraci\u00f3n de Trump quiere ver caer. <\/p>\n<p class=\"\">Cuando le preguntaron si espera que la presi\u00f3n ejercida sobre Venezuela conduzca a ese fin, el presidente de Estados Unidos dijo. \u201cNo puedo asegurarlo; depende de \u00e9l, de lo que quiera hacer. Creo que ser\u00eda inteligente por su parte hacerlo. Pero, de nuevo, ya lo veremos\u201d. \u201cSi se pone chulo, ser\u00e1 la \u00faltima vez que lo haga\u201d, sentenci\u00f3.<\/p>\n","protected":false},"excerpt":{"rendered":"El presidente de Estados Unidos, Donald Trump, convoc\u00f3 este lunes a la prensa en su residencia privada de&hellip;\n","protected":false},"author":2,"featured_media":302509,"comment_status":"","ping_status":"","sticky":false,"template":"","format":"standard","meta":{"footnotes":""},"categories":[42],"tags":[889,17,18,4329,352,629,13,14,11,61,62,63,64,19,20,9,2556,10,15,16,17918,952,12,21,22,2558,65,66,67],"class_list":{"0":"post-302508","1":"post","2":"type-post","3":"status-publish","4":"format-standard","5":"has-post-thumbnail","7":"category-internacional","8":"tag-america","9":"tag-breaking-news","10":"tag-breakingnews","11":"tag-casa-blanca","12":"tag-donald-trump","13":"tag-estados-unidos","14":"tag-featured-news","15":"tag-featurednews","16":"tag-headlines","17":"tag-internacional","18":"tag-international","19":"tag-international-news","20":"tag-internationalnews","21":"tag-latest-news","22":"tag-latestnews","23":"tag-news","24":"tag-norteamerica","25":"tag-noticias","26":"tag-noticias-destacadas","27":"tag-noticiasdestacadas","28":"tag-partido-republicano-ee-uu","29":"tag-politica","30":"tag-titulares","31":"tag-ultimas-noticias","32":"tag-ultimasnoticias","33":"tag-washington-d-c","34":"tag-world","35":"tag-world-news","36":"tag-worldnews"},"share_on_mastodon":{"url":"","error":"Validation failed: Text character limit of 500 exceeded"},"_links":{"self":[{"href":"https:\/\/www.europesays.com\/es\/wp-json\/wp\/v2\/posts\/302508","targetHints":{"allow":["GET"]}}],"collection":[{"href":"https:\/\/www.europesays.com\/es\/wp-json\/wp\/v2\/posts"}],"about":[{"href":"https:\/\/www.europesays.com\/es\/wp-json\/wp\/v2\/types\/post"}],"author":[{"embeddable":true,"href":"https:\/\/www.europesays.com\/es\/wp-json\/wp\/v2\/users\/2"}],"replies":[{"embeddable":true,"href":"https:\/\/www.europesays.com\/es\/wp-json\/wp\/v2\/comments?post=302508"}],"version-history":[{"count":0,"href":"https:\/\/www.europesays.com\/es\/wp-json\/wp\/v2\/posts\/302508\/revisions"}],"wp:featuredmedia":[{"embeddable":true,"href":"https:\/\/www.europesays.com\/es\/wp-json\/wp\/v2\/media\/302509"}],"wp:attachment":[{"href":"https:\/\/www.europesays.com\/es\/wp-json\/wp\/v2\/media?parent=302508"}],"wp:term":[{"taxonomy":"category","embeddable":true,"href":"https:\/\/www.europesays.com\/es\/wp-json\/wp\/v2\/categories?post=302508"},{"taxonomy":"post_tag","embeddable":true,"href":"https:\/\/www.europesays.com\/es\/wp-json\/wp\/v2\/tags?post=302508"}],"curies":[{"name":"wp","href":"https:\/\/api.w.org\/{rel}","templated":true}]}}