{"id":302514,"date":"2025-12-23T02:09:11","date_gmt":"2025-12-23T02:09:11","guid":{"rendered":"https:\/\/www.europesays.com\/es\/302514\/"},"modified":"2025-12-23T02:09:11","modified_gmt":"2025-12-23T02:09:11","slug":"el-unicaja-prepara-un-gran-ambiente-para-recibir-al-joventut-en-el-carpena","status":"publish","type":"post","link":"https:\/\/www.europesays.com\/es\/302514\/","title":{"rendered":"El Unicaja prepara un gran ambiente para recibir al Joventut en el Carpena"},"content":{"rendered":"<p class=\"ft-text\"><a class=\"ft-link ft-link--decoration\" href=\"https:\/\/www.laopiniondemalaga.es\/unicaja\/2025\/12\/21\/unicaja-baskonia-feliz-cronica-liga-endesa-125025108.html\" rel=\"nofollow noopener\" target=\"_blank\">La derrota del domingo contra el Baskonia<\/a> ha complicado el camino liguero del <a class=\"ft-link ft-link--decoration\" href=\"https:\/\/www.laopiniondemalaga.es\/unicaja\/\" rel=\"nofollow noopener\" target=\"_blank\">Unicaja<\/a> rumbo a la pr\u00f3xima Copa del Rey de Valencia 2026. <strong>Con un balance de 7-4 en la clasificaci\u00f3n, las cuentas siguen saliendo, pero es cierto que el margen de error ha quedado minimizado<\/strong>. Con un partido especialmente duro a la vista, el pr\u00f3ximo domingo, en la pista del l\u00edder, Real Madrid, la cita de la siguiente jornada de la <a class=\"ft-link ft-link--decoration\" href=\"https:\/\/www.laopiniondemalaga.es\/deportes\/baloncesto\/acb\/clasificacion-liga.html\" rel=\"nofollow noopener\" target=\"_blank\">Liga Endesa<\/a>, contra el Joventut, en el Carpena, se convierte en una \u00abfinal\u00edsima\u00bb para lograr el billete para la cita del pr\u00f3ximo mes de febrero en el Roig Arena.<\/p>\n<p>Objetivo: llenar al Carpena<\/p>\n<p class=\"ft-text\">De cara a ese partido contra los catalanes, del martes 30 de diciembre (19:00 horas), el club de Los Guindos ya se ha puesto manos a la obra para el <strong>objetivo de llenar el Carpena y convertir el Palacio en una caldera<\/strong> que ayude a los de Ibon Navarro a ganar a la Penya, que llegar\u00e1 liderada en la pista por Ricky Rubio.<\/p>\n<p>\u00daltimo partido de 2025<\/p>\n<p class=\"ft-text\"><a class=\"ft-link ft-link--decoration\" href=\"https:\/\/www.laopiniondemalaga.es\/unicaja\/2025\/12\/18\/unicaja-siete-victorias-consecutivas-liga-bcl-124932234.html\" rel=\"nofollow noopener\" target=\"_blank\">Hay mucho en juego en ese \u00faltimo partido del a\u00f1o para el Unicaja<\/a>. Precisamente por eso, apenas quedan entradas disponibles. Por este motivo, el club de Los Guindos ha comunicado este lunes que<strong> si por cualquier circunstancia alg\u00fan abonado no puede asistir, tiene la opci\u00f3n de poner su entrada a la venta desde su perfil web<\/strong> y ayudar a que el Carpena est\u00e9 lleno.<\/p>\n<p>\u00bfC\u00f3mo vender la entrada?<\/p>\n<p class=\"ft-text\">Seg\u00fan explica el club en su comunicado: \u00abSe trata de una gesti\u00f3n muy sencilla y que, adem\u00e1s, <strong>en el caso de que la localidad se venda, el abonado recibir\u00e1 una compensaci\u00f3n econ\u00f3mica<\/strong> en su monedero virtual.<strong> <\/strong>Para hacerlo, de forma c\u00f3moda y sencilla, solo hay que identificarse como abonado, elegir el partido, en este caso el Joventut de Badalona, pinchar en Gestionar y despu\u00e9s en \u00abPoner entrada a la venta\u00bb. Al completar esta acci\u00f3n, el asiento quedar\u00e1 libre para que pueda comprarlo otro aficionado y, en caso de que se venda, <strong>se recibir\u00e1 en el monedero virtual del abonado el 50% de la cantidad que paguen por el asiento para que lo gaste en entradas, productos de la tienda&#8230;. <\/strong>El dinero se ingresar\u00e1 en el monedero virtual despu\u00e9s de la finalizaci\u00f3n del evento. Una vez vendida es un proceso irreversible y su asiento no estar\u00e1 disponible en su abono para el partido frente al Joventut de Badalona\u00bb.<\/p>\n<p class=\"ft-text\">Cualquier iniciativa vale con tal de conseguir que el Carpena vista sus mejores galas y el Unicaja pueda ganar un partido que le acerque a ese objetivo de <a class=\"ft-link ft-link--decoration\" href=\"https:\/\/www.laopiniondemalaga.es\/unicaja\/2025\/02\/16\/unicaja-real-madrid-final-copa-del-rey-114366712.html\" rel=\"nofollow noopener\" target=\"_blank\">poder defender en Valencia su vigente t\u00edtulo copera ganado en Las palmas la pasada temporada.<\/a><\/p>\n","protected":false},"excerpt":{"rendered":"La derrota del domingo contra el Baskonia ha complicado el camino liguero del Unicaja rumbo a la pr\u00f3xima&hellip;\n","protected":false},"author":2,"featured_media":302515,"comment_status":"","ping_status":"","sticky":false,"template":"","format":"standard","meta":{"footnotes":""},"categories":[269],"tags":[299,298,6841,168,25,24,1058,4079,17825,61182,2615,23,167,2246,235],"class_list":{"0":"post-302514","1":"post","2":"type-post","3":"status-publish","4":"format-standard","5":"has-post-thumbnail","7":"category-baloncesto","8":"tag-baloncesto","9":"tag-basketball","10":"tag-carpena","11":"tag-deportes","12":"tag-es","13":"tag-espana","14":"tag-final","15":"tag-joventut","16":"tag-llenar","17":"tag-los-guindos","18":"tag-quiere","19":"tag-spain","20":"tag-sports","21":"tag-unicaja","22":"tag-valencia"},"share_on_mastodon":{"url":"https:\/\/pubeurope.com\/@es\/115766451549887048","error":""},"_links":{"self":[{"href":"https:\/\/www.europesays.com\/es\/wp-json\/wp\/v2\/posts\/302514","targetHints":{"allow":["GET"]}}],"collection":[{"href":"https:\/\/www.europesays.com\/es\/wp-json\/wp\/v2\/posts"}],"about":[{"href":"https:\/\/www.europesays.com\/es\/wp-json\/wp\/v2\/types\/post"}],"author":[{"embeddable":true,"href":"https:\/\/www.europesays.com\/es\/wp-json\/wp\/v2\/users\/2"}],"replies":[{"embeddable":true,"href":"https:\/\/www.europesays.com\/es\/wp-json\/wp\/v2\/comments?post=302514"}],"version-history":[{"count":0,"href":"https:\/\/www.europesays.com\/es\/wp-json\/wp\/v2\/posts\/302514\/revisions"}],"wp:featuredmedia":[{"embeddable":true,"href":"https:\/\/www.europesays.com\/es\/wp-json\/wp\/v2\/media\/302515"}],"wp:attachment":[{"href":"https:\/\/www.europesays.com\/es\/wp-json\/wp\/v2\/media?parent=302514"}],"wp:term":[{"taxonomy":"category","embeddable":true,"href":"https:\/\/www.europesays.com\/es\/wp-json\/wp\/v2\/categories?post=302514"},{"taxonomy":"post_tag","embeddable":true,"href":"https:\/\/www.europesays.com\/es\/wp-json\/wp\/v2\/tags?post=302514"}],"curies":[{"name":"wp","href":"https:\/\/api.w.org\/{rel}","templated":true}]}}