{"id":302553,"date":"2025-12-23T02:44:23","date_gmt":"2025-12-23T02:44:23","guid":{"rendered":"https:\/\/www.europesays.com\/es\/302553\/"},"modified":"2025-12-23T02:44:23","modified_gmt":"2025-12-23T02:44:23","slug":"identifican-el-origen-de-genes-responsables-de-la-resistencia-a-los-antibioticos","status":"publish","type":"post","link":"https:\/\/www.europesays.com\/es\/302553\/","title":{"rendered":"Identifican el origen de genes responsables de la resistencia a los antibi\u00f3ticos"},"content":{"rendered":"<p class=\"mostrar_fragmento\">La resistencia a los antimicrobianos (RAM), la capacidad de las bacterias para resistir los antibi\u00f3ticos, constituye una grave amenaza para la salud mundial, causando m\u00e1s de 1,27 millones de muertes al a\u00f1o. Si bien los hospitales y las cl\u00ednicas suelen considerarse los principales campos de batalla contra dicha resistencia, investigadores &#8230;            &#13;\n        <\/p>\n<p> &#13;<br \/>\n&#13;<br \/>\n&#13;<br \/>\n&#13;<\/p>\n<p>La resistencia a los antimicrobianos (RAM), la capacidad de las bacterias para resistir los antibi\u00f3ticos, constituye una <strong>grave amenaza para la salud mundial, causando m\u00e1s de 1,27 millones de muertes al a\u00f1o.<\/strong> Si bien los hospitales y las cl\u00ednicas suelen considerarse los principales campos de batalla contra dicha resistencia, investigadores del Departamento de Ingenier\u00eda Civil de la Universidad de Hong Kong (HKU) (China)\u00a0sugieren un <strong>importante v\u00ednculo entre el microbioma del suelo\u00a0 y la propagaci\u00f3n de la RAM<\/strong>, partiendo de que\u00a0el suelo es un reservorio de genes de resistencia a los antibi\u00f3ticos.<\/p>\n<p>El trabajo, dirigido por el profesor<strong> Tong Zhang,\u00a0<\/strong>del Laboratorio de Ingenier\u00eda de Microbioma Ambiental y Biotecnolog\u00eda de la HKU en el Departamento de Ingenier\u00eda Civil, en colaboraci\u00f3n con el profesor Lizhong Zhu y el profesor Baolan Hu de la Universidad de Zhejiang, sostiene que el suelo puede actuar como fuente de genes de resistencia a los antibi\u00f3ticos (ARG), que son el material gen\u00e9tico que hace que las bacterias sean resistentes a los antibi\u00f3ticos.<\/p>\n<p>En base a los conocimientos sobre la materia se sabe que los <strong>ARG se encuentran de forma natural en suelos de todo el mundo<\/strong>; desde fosas oce\u00e1nicas m\u00e1s profundas, hasta naturaleza virgen y en sedimentos de 30.000 a\u00f1os de antig\u00fcedad. Sin embargo, la principal preocupaci\u00f3n es que no todos los ARG representan un riesgo para la salud; <strong>solo aquellos vinculados a la actividad humana lo son.<\/strong><\/p>\n<p>Para el estudio, publicado en &#8216;Nature&#8217;, el equipo investigador analiz\u00f3\u00a0casi 4.000 conjuntos de datos gen\u00e9ticos de diferentes entornos, como suelo, heces y aguas residuales, y examin\u00f3 m\u00e1s de 8.000 cepas de\u00a0Escherichia coli, que,\u00a0al ser\u00a0uno de los pat\u00f3genos portadores de ARG m\u00e1s importantes en el suelo, se seleccion\u00f3 como representante de los pat\u00f3genos procariotas.<\/p>\n<p> &#13;<br \/>\n&#13;<br \/>\n&#13;<\/p>\n<p><strong>Riesgo en aumento<\/strong><\/p>\n<p>Uno de los hallazgos clave obtenido es que <strong>el riesgo que representan los ARG del suelo ha aumentado de forma constante entre 2008 y 2021<\/strong>. Este aumento est\u00e1 estrechamente relacionado con la creciente similitud entre los patrones de resistencia bacteriana del suelo y los humanos, impulsada por la transferencia de genes de resistencia entre bacterias.<\/p>\n<p>Si bien el suelo es actualmente un sumidero de ARG humanos, dada su naturaleza y las m\u00faltiples formas en que los seres humanos interact\u00faan con \u00e9l, es necesario prevenir y mitigar la posibilidad de que se convierta en una fuente de ARG en humanos. \u00abNuestros hallazgos proporcionan evidencia s\u00f3lida de que las bacterias del suelo est\u00e1n cada vez m\u00e1s vinculadas a la resistencia que observamos en los humanos. Esto pone de relieve la necesidad de integrar la vigilancia ambiental en el marco de Una Salud para controlar eficazmente la propagaci\u00f3n de la RAM\u00bb, se\u00f1al\u00f3, al respecto,\u00a0el <strong>Dr. Yuxiang Zhao<\/strong>, investigador postdoctoral del Departamento de Ingenier\u00eda Civil de la HKU.<\/p>\n<p>&#13;<br \/>\n            SEGUIR LEYENDO&#13;\n        <\/p>\n","protected":false},"excerpt":{"rendered":"La resistencia a los antimicrobianos (RAM), la capacidad de las bacterias para resistir los antibi\u00f3ticos, constituye una grave&hellip;\n","protected":false},"author":2,"featured_media":302554,"comment_status":"","ping_status":"","sticky":false,"template":"","format":"standard","meta":{"footnotes":""},"categories":[92],"tags":[71718,20231,2215,71714,43226,16853,21854,29148,15644,58985,21611,71715,20170,2474,10897,2125,25,24,3347,1634,165,4084,4296,10289,71717,660,4724,4809,5074,3338,52205,10004,789,64214,13398,4297,32232,8828,166,8643,23,17838,71716,3230,1079],"class_list":{"0":"post-302553","1":"post","2":"type-post","3":"status-publish","4":"format-standard","5":"has-post-thumbnail","7":"category-salud","8":"tag-alimentarias","9":"tag-ambientales","10":"tag-antibioticos","11":"tag-antimicrobianos","12":"tag-anuales","13":"tag-arg","14":"tag-bacterias","15":"tag-cada","16":"tag-cadenas","17":"tag-cierto","18":"tag-conocimiento","19":"tag-constituyendo","20":"tag-contacto","21":"tag-critico","22":"tag-desafio","23":"tag-directo","24":"tag-es","25":"tag-espana","26":"tag-genes","27":"tag-hay","28":"tag-health","29":"tag-humana","30":"tag-humano","31":"tag-identifican","32":"tag-indirecto","33":"tag-llegar","34":"tag-millones","35":"tag-muertes","36":"tag-organismo","37":"tag-origen","38":"tag-originaron","39":"tag-partir","40":"tag-puede","41":"tag-ram","42":"tag-resistencia","43":"tag-responsable","44":"tag-responsables","45":"tag-sabe","46":"tag-salud","47":"tag-ser","48":"tag-spain","49":"tag-tambien","50":"tag-transfirieren","51":"tag-traves","52":"tag-vez"},"share_on_mastodon":{"url":"","error":"Validation failed: Text character limit of 500 exceeded"},"_links":{"self":[{"href":"https:\/\/www.europesays.com\/es\/wp-json\/wp\/v2\/posts\/302553","targetHints":{"allow":["GET"]}}],"collection":[{"href":"https:\/\/www.europesays.com\/es\/wp-json\/wp\/v2\/posts"}],"about":[{"href":"https:\/\/www.europesays.com\/es\/wp-json\/wp\/v2\/types\/post"}],"author":[{"embeddable":true,"href":"https:\/\/www.europesays.com\/es\/wp-json\/wp\/v2\/users\/2"}],"replies":[{"embeddable":true,"href":"https:\/\/www.europesays.com\/es\/wp-json\/wp\/v2\/comments?post=302553"}],"version-history":[{"count":0,"href":"https:\/\/www.europesays.com\/es\/wp-json\/wp\/v2\/posts\/302553\/revisions"}],"wp:featuredmedia":[{"embeddable":true,"href":"https:\/\/www.europesays.com\/es\/wp-json\/wp\/v2\/media\/302554"}],"wp:attachment":[{"href":"https:\/\/www.europesays.com\/es\/wp-json\/wp\/v2\/media?parent=302553"}],"wp:term":[{"taxonomy":"category","embeddable":true,"href":"https:\/\/www.europesays.com\/es\/wp-json\/wp\/v2\/categories?post=302553"},{"taxonomy":"post_tag","embeddable":true,"href":"https:\/\/www.europesays.com\/es\/wp-json\/wp\/v2\/tags?post=302553"}],"curies":[{"name":"wp","href":"https:\/\/api.w.org\/{rel}","templated":true}]}}