{"id":302577,"date":"2025-12-23T03:06:35","date_gmt":"2025-12-23T03:06:35","guid":{"rendered":"https:\/\/www.europesays.com\/es\/302577\/"},"modified":"2025-12-23T03:06:35","modified_gmt":"2025-12-23T03:06:35","slug":"el-tararguilla-escala-a-la-zona-noble-de-la-tabla-tras-batir-al-xerez-b-5-2","status":"publish","type":"post","link":"https:\/\/www.europesays.com\/es\/302577\/","title":{"rendered":"El Tararguilla escala a la zona noble de la tabla tras batir al Xerez B (5-2)"},"content":{"rendered":"<p>El Taraguilla ha cumplido buena parte de los objetivos de esta primera vuelta de temporada. En la \u00faltima contienda, este domingo en el Hermanos Garc\u00eda Mota, ha salido airoso, y con creces, ante el Xerez Deportivo FC \u201cB\u201d.<\/p>\n<p>Bajo el arbitraje de Araujo Mart\u00edn, la contienda comenz\u00f3 con un gol tempranero de penalti que transform\u00f3 Samu en el 5&#8242; y otra pena m\u00e1xima m\u00e1s que marc\u00f3 Alberto Espinosa. El 2-1 lleg\u00f3 en el 35&#8242; de la mano del jerezano Torres.<\/p>\n<p>Ya en la segunda parte, Rafa de la Linde lograba, de nuevo a ra\u00edz de una pena m\u00e1xima el tercero para el conjunto local en el 56&#8242;; Musta el cuarto en el 70 y Michael en el 77&#8242;. El Xerez no quer\u00eda irse del vac\u00edo; logr\u00f3 poner su segundo tanto en el marcador ya en el tiempo de a\u00f1adido, fue obra de Garc\u00e9s en el 92&#8242;.<\/p>\n<p>La AD Taraguilla se mete as\u00ed entre los cinco primeros con 24 puntos, en la mitad de temporada, cuyos encuentros de la segunda vuelta se iniciar\u00e1n el 11 de enero. Durante esa contienda dominical se mide a domicilio del Trebujena CF, que va 9\u00ba con 20 puntos.<\/p>\n<p>\u00a0<\/p>\n<p>Foto: archivo<\/p>\n","protected":false},"excerpt":{"rendered":"El Taraguilla ha cumplido buena parte de los objetivos de esta primera vuelta de temporada. En la \u00faltima&hellip;\n","protected":false},"author":2,"featured_media":302578,"comment_status":"","ping_status":"","sticky":false,"template":"","format":"standard","meta":{"footnotes":""},"categories":[93],"tags":[1250,2193,2191,168,25,24,2190,2186,2189,2185,2187,23,167,2192,2188],"class_list":{"0":"post-302577","1":"post","2":"type-post","3":"status-publish","4":"format-standard","5":"has-post-thumbnail","7":"category-deportes","8":"tag-ayuntamiento","9":"tag-cadiz","10":"tag-campamento","11":"tag-deportes","12":"tag-es","13":"tag-espana","14":"tag-guadiaro","15":"tag-roque","16":"tag-san-enrique","17":"tag-san-roque","18":"tag-soto-grande","19":"tag-spain","20":"tag-sports","21":"tag-taraguilla","22":"tag-torreguadiaro"},"share_on_mastodon":{"url":"https:\/\/pubeurope.com\/@es\/115766675661267606","error":""},"_links":{"self":[{"href":"https:\/\/www.europesays.com\/es\/wp-json\/wp\/v2\/posts\/302577","targetHints":{"allow":["GET"]}}],"collection":[{"href":"https:\/\/www.europesays.com\/es\/wp-json\/wp\/v2\/posts"}],"about":[{"href":"https:\/\/www.europesays.com\/es\/wp-json\/wp\/v2\/types\/post"}],"author":[{"embeddable":true,"href":"https:\/\/www.europesays.com\/es\/wp-json\/wp\/v2\/users\/2"}],"replies":[{"embeddable":true,"href":"https:\/\/www.europesays.com\/es\/wp-json\/wp\/v2\/comments?post=302577"}],"version-history":[{"count":0,"href":"https:\/\/www.europesays.com\/es\/wp-json\/wp\/v2\/posts\/302577\/revisions"}],"wp:featuredmedia":[{"embeddable":true,"href":"https:\/\/www.europesays.com\/es\/wp-json\/wp\/v2\/media\/302578"}],"wp:attachment":[{"href":"https:\/\/www.europesays.com\/es\/wp-json\/wp\/v2\/media?parent=302577"}],"wp:term":[{"taxonomy":"category","embeddable":true,"href":"https:\/\/www.europesays.com\/es\/wp-json\/wp\/v2\/categories?post=302577"},{"taxonomy":"post_tag","embeddable":true,"href":"https:\/\/www.europesays.com\/es\/wp-json\/wp\/v2\/tags?post=302577"}],"curies":[{"name":"wp","href":"https:\/\/api.w.org\/{rel}","templated":true}]}}