{"id":302629,"date":"2025-12-23T04:06:20","date_gmt":"2025-12-23T04:06:20","guid":{"rendered":"https:\/\/www.europesays.com\/es\/302629\/"},"modified":"2025-12-23T04:06:20","modified_gmt":"2025-12-23T04:06:20","slug":"los-ere-de-telefonica-tienen-un-coste-de-2-500-millones-para-5-500-salidas-expansion","status":"publish","type":"post","link":"https:\/\/www.europesays.com\/es\/302629\/","title":{"rendered":"Los ERE de Telef\u00f3nica tienen un coste de 2.500 millones para 5.500 salidas &#8211; Expansi\u00f3n"},"content":{"rendered":"<ol>\n<li><a href=\"https:\/\/news.google.com\/rss\/articles\/CBMijwFBVV95cUxNOGYxbml1YU1RT1YxQk56VmRrRlNwNzRnU0MzV0dOMExrLXlUaHBMTXZudlVzVEx6cUhzdFJMRHl4Vk1JQlI4dFlzZldoRkIwVW5LTWlMU1U5MWRDb1pJRi16VFVTWlZuYWs5ZEZUeXdIZVREU1hBX3dsYldjWnJkb1E5SWlDVktBNS03RzRCNNIBjwFBVV95cUxQZVdocW1VanIxcF80eUMyTjJXcElzbV82UUU0OEdGTXF0ZlBhUk1HaTJvZDhkSVUtekNjRVNJbV9BeXVJYkR5T0VyenpBUkhDV0czRDlUY2ZudmlUSS1OdG15ek5tRTl6UVowZzBsWmc0RWV6WFp2M1NEX3hNdzRNTlFhaVI5ejI0clZnMGstQQ?oc=5\" target=\"_blank\" rel=\"nofollow noopener\">Los ERE de Telef\u00f3nica tienen un coste de 2.500 millones para 5.500 salidas<\/a>&nbsp;&nbsp;Expansi\u00f3n<\/li>\n<li><a href=\"https:\/\/news.google.com\/rss\/articles\/CBMiywFBVV95cUxOOXFacGJYVVBVaDhDdGdqcEd3elRRT0RPR2IxLWhyaXBya2JVSVVsTUVyamYzRXJKbGlMdUttaDBlUWpkaEFSazgyNFA5ZE1kV19uQVN3TmtFRWVfT0dWX2pFQlNjeFk0Tzh1X0JSS3l1NmZlY3YwRTdmQjV3SEptTFRhblJvUzN3VW5TUV9wQjZpWUJ1Q1B5eTRXNUhHNF9qekVQcVV5OEJobGVsSjR3MmdjU21CeV8zRWZQQVdYYy04T3FkZjhjM0stWQ?oc=5\" target=\"_blank\" rel=\"nofollow noopener\">Telef\u00f3nica firma con los sindicatos el ERE, que tendr\u00e1 un coste de 2.500 millones para 5.500 salidas<\/a>&nbsp;&nbsp;EL PA\u00cdS<\/li>\n<li><a href=\"https:\/\/news.google.com\/rss\/articles\/CBMi4wFBVV95cUxNaXlnX0FwTm1WT0pSU09odUhRUWlfVnktS2ZwdGVLcE5fQnhUNTV2TnU2RXNON0cwSGlxX0N6TDdRaHpzaXhDRG1zRV83NThFN1NwMVVxTEUzeExnekFzOEREYVgxcU5WT0RNcXVjRHVLdWFCcHliTEtuN2FFTDVSNXhMazJ4cVVrQ3hURUFDbWxObUs5a1Y0T3pQOERlSU1lOU1vLVlrbVoxaFl0NllXLWx4OUFidHZTT1k0WWRnekIxa1BBQmlDaThGV20xeDlfSXFFTnVHYktzaFY0NGR4b0xzOA?oc=5\" target=\"_blank\" rel=\"nofollow noopener\">Telef\u00f3nica, Masorange y Vodafone tiran de ERE para tratar de ganar competitividad<\/a>&nbsp;&nbsp;La Voz de Galicia<\/li>\n<li><a href=\"https:\/\/news.google.com\/rss\/articles\/CBMizgFBVV95cUxQaTlLV196ZlFPLUZlNnQ5MUxzWTJvTHUzTmlMak11NlhSaUhYekRna3VENmxOSk41TWV2LVhjUkx6MTJtRXNOMHpFVlNJblNWQ1J4TmZtTG55RmxxUDVicHI5NWdXbDRGQ3N4MV83emh6WTdOdFhXOVliTUk4ekpCOGM4Y1d3Zkl6Ukl1S2FsME9Tc3VPaHlkZjIyT0F6VUdVZHFfQjFzdGVaQ0tvRUF5OXh2ekUxVW5jYVI5UTVDYTV0bXE0cGNHYjl0U01lUQ?oc=5\" target=\"_blank\" rel=\"nofollow noopener\">Telef\u00f3nica firma los ERE con una \u00faltima rebaja de despidos: el ajuste definitivo ser\u00e1 de 4.525 empleados<\/a>&nbsp;&nbsp;elDiario.es<\/li>\n<li><a href=\"https:\/\/news.google.com\/rss\/articles\/CBMiiAFBVV95cUxQMVpOVTM3VjY1UDduY05KTlI3clkyYUtjLUYzcklKNlJEZUxiYmc1TmdYc2R3N21IYnVKRDZnVDBlVE1lei1LamZoSHVxYWRsM1dzdGZhRVVJQmlJYm9uNUZfdkhRWVpTU0t5NEE5dWhxNkhPQzRhMmgxNUtCWW9DNTFyRlFRalI20gGIAUFVX3lxTE5iVExnNk95c1U2YzZYcWtXTlNEVTB1V0RvQUlqaUZ5bU5FNzB0a2dXb2FRUlhnQXZTX2t5Q1UyYlhhaG5SUkpMZWFFZGkzQlFQeXVXaXdlVExSbGFhZDNiUTh3N2FrWHJtODlLdTY1R29WZUdqYnhKeW5Bb29La3Q5Ukl5T0pXSk0?oc=5\" target=\"_blank\" rel=\"nofollow noopener\">Telef\u00f3nica cifra en 2.500 millones el coste del ERE, unos 450.000 euros por trabajador<\/a>&nbsp;&nbsp;El Mundo<\/li>\n<\/ol>\n","protected":false},"excerpt":{"rendered":"Los ERE de Telef\u00f3nica tienen un coste de 2.500 millones para 5.500 salidas&nbsp;&nbsp;Expansi\u00f3n Telef\u00f3nica firma con los sindicatos&hellip;\n","protected":false},"author":2,"featured_media":302630,"comment_status":"","ping_status":"","sticky":false,"template":"","format":"standard","meta":{"footnotes":""},"categories":[80],"tags":[82,95,94,2308,10853,25,24,23],"class_list":{"0":"post-302629","1":"post","2":"type-post","3":"status-publish","4":"format-standard","5":"has-post-thumbnail","7":"category-economia","8":"tag-business","9":"tag-economia","10":"tag-economy","11":"tag-empresas","12":"tag-empresas-tecnologia","13":"tag-es","14":"tag-espana","15":"tag-spain"},"share_on_mastodon":{"url":"https:\/\/pubeurope.com\/@es\/115766911641692791","error":""},"_links":{"self":[{"href":"https:\/\/www.europesays.com\/es\/wp-json\/wp\/v2\/posts\/302629","targetHints":{"allow":["GET"]}}],"collection":[{"href":"https:\/\/www.europesays.com\/es\/wp-json\/wp\/v2\/posts"}],"about":[{"href":"https:\/\/www.europesays.com\/es\/wp-json\/wp\/v2\/types\/post"}],"author":[{"embeddable":true,"href":"https:\/\/www.europesays.com\/es\/wp-json\/wp\/v2\/users\/2"}],"replies":[{"embeddable":true,"href":"https:\/\/www.europesays.com\/es\/wp-json\/wp\/v2\/comments?post=302629"}],"version-history":[{"count":0,"href":"https:\/\/www.europesays.com\/es\/wp-json\/wp\/v2\/posts\/302629\/revisions"}],"wp:featuredmedia":[{"embeddable":true,"href":"https:\/\/www.europesays.com\/es\/wp-json\/wp\/v2\/media\/302630"}],"wp:attachment":[{"href":"https:\/\/www.europesays.com\/es\/wp-json\/wp\/v2\/media?parent=302629"}],"wp:term":[{"taxonomy":"category","embeddable":true,"href":"https:\/\/www.europesays.com\/es\/wp-json\/wp\/v2\/categories?post=302629"},{"taxonomy":"post_tag","embeddable":true,"href":"https:\/\/www.europesays.com\/es\/wp-json\/wp\/v2\/tags?post=302629"}],"curies":[{"name":"wp","href":"https:\/\/api.w.org\/{rel}","templated":true}]}}