{"id":302644,"date":"2025-12-23T04:29:10","date_gmt":"2025-12-23T04:29:10","guid":{"rendered":"https:\/\/www.europesays.com\/es\/302644\/"},"modified":"2025-12-23T04:29:10","modified_gmt":"2025-12-23T04:29:10","slug":"las-mejores-peliculas-para-ver-con-ninos-en-el-cine-estas-navidades-expansion","status":"publish","type":"post","link":"https:\/\/www.europesays.com\/es\/302644\/","title":{"rendered":"Las mejores pel\u00edculas para ver con ni\u00f1os en el cine estas Navidades &#8211; Expansi\u00f3n"},"content":{"rendered":"<ol>\n<li><a href=\"https:\/\/news.google.com\/rss\/articles\/CBMimAFBVV95cUxNYVM4M0xzaWlGS041VHBOZEIwbXhhSzVNTUtnVE9MYmF5UGRreXNLQkxrTi1PejR1SExGZ2lHNzk1QS1uYUZQZHd3Z1lZbTFwdFBIdlJxUHg2czBjNHI0THdCbW12TmozckVlSm5mVzJFc1p2SlFTNHUxdXFhc1hLMmlvemE0RTByRk9CcGlwbVRYV3hVaWtSUtIBmAFBVV95cUxNZ3hKSEJoVzlVWkw0LTBqUVBlaHlqQ0RNVTNHUnJtMlVTbW1XeFpPcjNEUUtQYnpodmFyNjlKWnhTSzJha3lmcm9nVF9jc0pMVzZ3VDRVMmZPN2tkVkJTMmhGZTdZNElNZ18zYnRxU1phVzdidXZXMnJCQU1qRUY4enJ4eWZTVC0zblRSM1QwZ3RIX1luMTM4Rw?oc=5\" target=\"_blank\" rel=\"nofollow noopener\">Las mejores pel\u00edculas para ver con ni\u00f1os en el cine estas Navidades<\/a>&nbsp;&nbsp;Expansi\u00f3n<\/li>\n<li><a href=\"https:\/\/news.google.com\/rss\/articles\/CBMijAFBVV95cUxONnp1RzZPR2U1RzY4dHYxNC1xckFuQUo1cGx0ZC1SMk9JOTVWNDM2NFVVM3pNTW1zbmpBUEpkMk1LRWF0a2ZmTC1CN1FJVEpjbFIyN0RNcTBTZkxMWnJLc1hKb2pzUE9zQXhoalBJY2ZPazlxcnFQREJZYlNrbjYzQ1RvZWwxR3hCck8zcw?oc=5\" target=\"_blank\" rel=\"nofollow noopener\">20 pel\u00edculas (y alguna serie) para ver en Navidad<\/a>&nbsp;&nbsp;omnesmag.com<\/li>\n<li><a href=\"https:\/\/news.google.com\/rss\/articles\/CBMikAFBVV95cUxPdHpia3FwTndweVZ2bzY2TS0tUm1HZHU0MUFRaEtkOElhZ1JjZDBjRFdHU01Ia21wYlRhUTZINm02cThYS0ZVVl81bWY5d1lVZW4zY0NUQUFibVNSSmlobTNDb2VKM1JXQ3NNaFVrd2tjZEdwN1JqOUYtTkVkdlpTU1M3M1BWNmkwdGNuN3Z2T0c?oc=5\" target=\"_blank\" rel=\"nofollow noopener\">Unas navidades de pel\u00edcula<\/a>&nbsp;&nbsp;Las Provincias<\/li>\n<li><a href=\"https:\/\/news.google.com\/rss\/articles\/CBMivwFBVV95cUxOZy1pRGdyM3NDU3ZRNXVOX3c5VklvcmVmQnNLa09aQmFyTHMyeFBDcG5sX2xJNF9CVHRHYXNNMEFEOFcyczVWU3hDT2poYmFIUWVBYWw0TXF4UktETUlBLVMtaUdmOUs0dVk2SXpvUVdvVzVyamRYajl5QXhZbE92WDE3cEFMZXhhWHpBZDExcHJ3NzRuTGFIMWlrUTZiektURHhsZDNnMnZXQWp6ZnVQR3RxbVZuVlRXbkpXTHZVNNIBxAFBVV95cUxON0NIdnZ0OHZOWFdKYy03QU5iaVNkRmktM2Y0bGsxNkpyLUdSWlEwLXAzMGtUQVJUMllrWXpPZjl1RnJ3OEpnakVEakVhdzVGWHE5a0NrbG9XZ216VWZfbmdTYnZmU3RJclNpT2Z0ZDZLenpONW5jSTRyZW0wNEZvR0ZHUmJXUjVYdUxaQ2hCVmNPb2x2dTBWczNTVXlxM0Y0SnM4OGV1cDZHZXRfTzJLTE9JTXFSU2Mta29jN3hZd1dYU0wz?oc=5\" target=\"_blank\" rel=\"nofollow noopener\">Pel\u00edculas navide\u00f1as: c\u00f3mo el cine convirti\u00f3 la Navidad en una tradici\u00f3n eterna<\/a>&nbsp;&nbsp;OkDiario<\/li>\n<li><a href=\"https:\/\/news.google.com\/rss\/articles\/CBMidkFVX3lxTE1iRFNBWXZnM0VDckxwM3FPVTl6RW1iVG5WNGRqaEcwang2T3NPSlBVMDhNek9DeDJiSk91dC1VTjFFcFBBS2x3TUxwNW5yUzdIeEVwMzB2X2FqbmdHeDQ0RE5ONmhWbHBhTXU3dXo2UnY5TlpvN1E?oc=5\" target=\"_blank\" rel=\"nofollow noopener\">Los favoritos de los fans impulsan el esp\u00edritu festivo de las visualizaciones<\/a>&nbsp;&nbsp;Nielsen<\/li>\n<\/ol>\n","protected":false},"excerpt":{"rendered":"Las mejores pel\u00edculas para ver con ni\u00f1os en el cine estas Navidades&nbsp;&nbsp;Expansi\u00f3n 20 pel\u00edculas (y alguna serie) para&hellip;\n","protected":false},"author":2,"featured_media":302645,"comment_status":"","ping_status":"","sticky":false,"template":"","format":"standard","meta":{"footnotes":""},"categories":[169],"tags":[177,209,146,147,25,24,176,11170,11169,175,23],"class_list":{"0":"post-302644","1":"post","2":"type-post","3":"status-publish","4":"format-standard","5":"has-post-thumbnail","7":"category-cine","8":"tag-cine","9":"tag-cultura","10":"tag-entertainment","11":"tag-entretenimiento","12":"tag-es","13":"tag-espana","14":"tag-film","15":"tag-fuera-de-serie","16":"tag-fueradeserie-cultura","17":"tag-movies","18":"tag-spain"},"share_on_mastodon":{"url":"","error":""},"_links":{"self":[{"href":"https:\/\/www.europesays.com\/es\/wp-json\/wp\/v2\/posts\/302644","targetHints":{"allow":["GET"]}}],"collection":[{"href":"https:\/\/www.europesays.com\/es\/wp-json\/wp\/v2\/posts"}],"about":[{"href":"https:\/\/www.europesays.com\/es\/wp-json\/wp\/v2\/types\/post"}],"author":[{"embeddable":true,"href":"https:\/\/www.europesays.com\/es\/wp-json\/wp\/v2\/users\/2"}],"replies":[{"embeddable":true,"href":"https:\/\/www.europesays.com\/es\/wp-json\/wp\/v2\/comments?post=302644"}],"version-history":[{"count":0,"href":"https:\/\/www.europesays.com\/es\/wp-json\/wp\/v2\/posts\/302644\/revisions"}],"wp:featuredmedia":[{"embeddable":true,"href":"https:\/\/www.europesays.com\/es\/wp-json\/wp\/v2\/media\/302645"}],"wp:attachment":[{"href":"https:\/\/www.europesays.com\/es\/wp-json\/wp\/v2\/media?parent=302644"}],"wp:term":[{"taxonomy":"category","embeddable":true,"href":"https:\/\/www.europesays.com\/es\/wp-json\/wp\/v2\/categories?post=302644"},{"taxonomy":"post_tag","embeddable":true,"href":"https:\/\/www.europesays.com\/es\/wp-json\/wp\/v2\/tags?post=302644"}],"curies":[{"name":"wp","href":"https:\/\/api.w.org\/{rel}","templated":true}]}}