{"id":302654,"date":"2025-12-23T04:34:17","date_gmt":"2025-12-23T04:34:17","guid":{"rendered":"https:\/\/www.europesays.com\/es\/302654\/"},"modified":"2025-12-23T04:34:17","modified_gmt":"2025-12-23T04:34:17","slug":"infografia-sobre-la-alimentacion-electronica-de-precision-en-cerdas-articulos","status":"publish","type":"post","link":"https:\/\/www.europesays.com\/es\/302654\/","title":{"rendered":"Infograf\u00eda sobre la alimentaci\u00f3n electr\u00f3nica de precisi\u00f3n en cerdas &#8211; Art\u00edculos"},"content":{"rendered":"<p>Basada en la recogida autom\u00e1tica y frecuente de datos y en la dosificaci\u00f3n de precisi\u00f3n individualizada, esta estrategia permite suministrar los nutrientes adecuados, al animal adecuado y en el momento adecuado.<\/p>\n<p>&#13;<br \/>\n&#13;<\/p>\n<p>La infograf\u00eda que acompa\u00f1a a este art\u00edculo resume de forma visual los principales beneficios observados en diversos estudios recientes y que est\u00e1n bien descritos en el art\u00edculo \u00ab<a href=\"https:\/\/www.3tres3.com\/articulos\/alimentacion-de-precision-en-cerdas-lactantes_52206\/\" target=\"_blank\" rel=\"nofollow noopener\">Alimentaci\u00f3n de precisi\u00f3n en cerdas lactantes: el camino hacia la sostenibilidad y la eficiencia<\/a>\u00bb que publicamos hace unos meses.<\/p>\n<p><img loading=\"lazy\" decoding=\"async\" width=\"300\" height=\"300\" src=\"https:\/\/www.europesays.com\/es\/wp-content\/uploads\/2025\/09\/imb5.png\"\/>&#13;<br \/>\n&#13;<\/p>\n<p>En estos trabajos desarrollados <strong>en condiciones comerciales<\/strong>, el uso de dosificadores electr\u00f3nicos durante la lactancia ha demostrado reducir de forma notable el <strong>desperdicio de alimento<\/strong> sin comprometer la <strong>fertilidad<\/strong> ni la <strong>prolificidad<\/strong> posterior de las cerdas. Estos ahorros se traducen no solo en una mejora econ\u00f3mica directa, sino tambi\u00e9n en un <strong>menor impacto ambiental<\/strong> gracias a la reducci\u00f3n de la excreci\u00f3n de nitr\u00f3geno y f\u00f3sforo.<br \/>&#13;<br \/>\nLos beneficios productivos tambi\u00e9n son claros: las cerdas alimentadas con sistemas electr\u00f3nicos <strong>pierden menos peso<\/strong>, <strong>mantienen mejor su condici\u00f3n corporal<\/strong> y <strong>destetan lechones m\u00e1s pesados<\/strong>, que posteriormente muestran un <strong>crecimiento superior<\/strong>, mejorando la <strong>conversi\u00f3n<\/strong> y la <strong>calidad de la canal<\/strong>, adem\u00e1s de producir mejoras en el <strong>bienestar<\/strong> de las cerdas.<\/p>\n<p>&#13;<br \/>\n&#13;<\/p>\n<p>En conjunto, la alimentaci\u00f3n electr\u00f3nica de precisi\u00f3n representa un avance decisivo hacia un modelo productivo m\u00e1s eficiente, competitivo y respetuoso con el bienestar animal. La tecnolog\u00eda no solo optimiza el uso de recursos, sino que permite producir m\u00e1s y mejor, beneficiando a las cerdas, a sus lechones y a la sostenibilidad de las granjas.<\/p>\n<p>&#13;<br \/>\n&#13;<br \/>\n<img decoding=\"async\" alt=\"\" src=\"https:\/\/www.europesays.com\/es\/wp-content\/uploads\/2025\/12\/beneficios-de-la-alimentacion-electronica_318255.jpg\"\/> &#13;<\/p>\n","protected":false},"excerpt":{"rendered":"Basada en la recogida autom\u00e1tica y frecuente de datos y en la dosificaci\u00f3n de precisi\u00f3n individualizada, esta estrategia&hellip;\n","protected":false},"author":2,"featured_media":302655,"comment_status":"","ping_status":"","sticky":false,"template":"","format":"standard","meta":{"footnotes":""},"categories":[80],"tags":[82,95,94,25,24,23],"class_list":{"0":"post-302654","1":"post","2":"type-post","3":"status-publish","4":"format-standard","5":"has-post-thumbnail","7":"category-economia","8":"tag-business","9":"tag-economia","10":"tag-economy","11":"tag-es","12":"tag-espana","13":"tag-spain"},"share_on_mastodon":{"url":"https:\/\/pubeurope.com\/@es\/115767022633329594","error":""},"_links":{"self":[{"href":"https:\/\/www.europesays.com\/es\/wp-json\/wp\/v2\/posts\/302654","targetHints":{"allow":["GET"]}}],"collection":[{"href":"https:\/\/www.europesays.com\/es\/wp-json\/wp\/v2\/posts"}],"about":[{"href":"https:\/\/www.europesays.com\/es\/wp-json\/wp\/v2\/types\/post"}],"author":[{"embeddable":true,"href":"https:\/\/www.europesays.com\/es\/wp-json\/wp\/v2\/users\/2"}],"replies":[{"embeddable":true,"href":"https:\/\/www.europesays.com\/es\/wp-json\/wp\/v2\/comments?post=302654"}],"version-history":[{"count":0,"href":"https:\/\/www.europesays.com\/es\/wp-json\/wp\/v2\/posts\/302654\/revisions"}],"wp:featuredmedia":[{"embeddable":true,"href":"https:\/\/www.europesays.com\/es\/wp-json\/wp\/v2\/media\/302655"}],"wp:attachment":[{"href":"https:\/\/www.europesays.com\/es\/wp-json\/wp\/v2\/media?parent=302654"}],"wp:term":[{"taxonomy":"category","embeddable":true,"href":"https:\/\/www.europesays.com\/es\/wp-json\/wp\/v2\/categories?post=302654"},{"taxonomy":"post_tag","embeddable":true,"href":"https:\/\/www.europesays.com\/es\/wp-json\/wp\/v2\/tags?post=302654"}],"curies":[{"name":"wp","href":"https:\/\/api.w.org\/{rel}","templated":true}]}}