{"id":302658,"date":"2025-12-23T04:40:38","date_gmt":"2025-12-23T04:40:38","guid":{"rendered":"https:\/\/www.europesays.com\/es\/302658\/"},"modified":"2025-12-23T04:40:38","modified_gmt":"2025-12-23T04:40:38","slug":"las-plataformas-superan-por-primera-vez-el-50-de-mensajes-retirados-de-las-principales-redes-sociales-por-contenido-racista-y-xenofobo","status":"publish","type":"post","link":"https:\/\/www.europesays.com\/es\/302658\/","title":{"rendered":"Las plataformas superan por primera vez el 50% de mensajes retirados de las principales redes sociales por contenido racista y xen\u00f3fobo"},"content":{"rendered":"<p>El Observatorio Espa\u00f1ol del Racismo y la Xenofobia (OBERAXE), dependiente de la Secretar\u00eda de Estado de Migraciones del Ministerio de Inclusi\u00f3n, Seguridad Social y Migraciones, ha publicado los datos de monitorizaci\u00f3n del discurso de odio en redes sociales a trav\u00e9s del sistema FARO durante el mes de noviembre.<\/p>\n<p>El informe registra un total de 39.054 mensajes de car\u00e1cter racista y xen\u00f3fobo, cifra que eleva a 779.198 los contenidos con estas caracter\u00edsticas detectados en los primeros once meses de 2025.<\/p>\n<p>Durante este periodo, el 51% de los contenidos de odio detectados fueron retirados por las plataformas, lo que representa un incremento de 9 puntos porcentuales respecto al mes anterior y la mejor tasa de retirada del a\u00f1o por delante del mes de julio donde las cifras se dispararon con los acontecimientos de Torre Pacheco.<\/p>\n<p>Diferencias significativas entre plataformas<\/p>\n<p>La retirada de contenidos racistas y xen\u00f3fobos muestra notables diferencias seg\u00fan la plataforma. TikTok lidera la eliminaci\u00f3n de contenidos, con una tasa del 79%, seguida de X, que alcanza el 65%, registrando un avance especialmente destacado frente al 4% de retirada observado en octubre.<\/p>\n<p>Facebook elimin\u00f3 el 59% de los contenidos notificados, mientras que YouTube retir\u00f3 el 28%. Instagram presenta la tasa m\u00e1s baja, con un 25% de contenidos eliminados.<\/p>\n<p>Crece la hostilidad hacia personas del norte de \u00c1frica<\/p>\n<p>En noviembre, la hostilidad se concentra en el grupo diana de personas del norte de \u00c1frica, registrando una tasa del 76%, lo que representa un incremento de 16 puntos porcentuales respecto al mes anterior.<\/p>\n<p>Asimismo, se observa una tendencia decreciente en la hostilidad referida al colectivo de personas musulmanas, de 17 puntos porcentuales con respecto al mes de octubre, concentrando el 18% de los mensajes de discurso de odio.<\/p>\n<p>Aumenta el tipo de contenido que deshumaniza<\/p>\n<p>Seg\u00fan se desprende del an\u00e1lisis que OBERAXE realiza a trav\u00e9s de la monitorizaci\u00f3n del Sistema FARO (Filtrado y An\u00e1lisis de Odio en Redes Sociales), durante el mes de noviembre los mensajes que deshumanizan a las personas migrantes aumentaron de manera destacada respecto a octubre, alcanzando el 69% del total, 24 puntos porcentuales m\u00e1s que los datos del mes anterior. Estos datos consolidan este tipo de mensajes como los m\u00e1s comunes, por lo que el Observatorio advierte del riesgo de normalizaci\u00f3n de estas conductas hostiles hacia estas personas en el entorno digital, lo que promueve la polarizaci\u00f3n asociada a la misma, generando consecuencias que act\u00faan en detrimento de la convivencia social.<\/p>\n<p>Los contenidos que incitan a la expulsi\u00f3n de personas migrantes se mantienen respecto al mes anterior. La monitorizaci\u00f3n de noviembre muestra solo un descenso de un punto porcentual sobre octubre, situando en un 13% este tipo de contenidos respecto al total de mensajes monitorizados.<\/p>\n<p>Por el contrario, los datos del bolet\u00edn apuntan a que los contenidos que presentan al grupo como amenaza disminuyeron considerablemente, pasando del 30% en octubre al 13% en noviembre.<\/p>\n<p>La inseguridad ciudadana, principal detonante del discurso de odio<\/p>\n<p>Los contenidos relativos a la inseguridad ciudadana alcanzaron el 74% del total, lo que implica un aumento significativo de 36 puntos porcentuales respecto al mes anterior, asociado a una mayor presencia en redes de sucesos vinculados a la misma.<\/p>\n<p>Durante el pasado mes, una parte significativa de los mensajes sobre inseguridad ciudadana que ven a los grupos diana como una amenaza y los deshumanizan, se centraron en la publicaci\u00f3n de datos sobre la nacionalidad de las personas detenidas por la polic\u00eda del Pa\u00eds Vasco. Asimismo, en el marco de varios altercados callejeros ocurridos en distintas localidades, se registraron numerosos mensajes de discurso de odio, deshumanizantes y xen\u00f3fobos.<\/p>\n<p>El \u00e1mbito econ\u00f3mico supone un 12% de los episodios que suscitan el discurso de odio en redes sociales. A ra\u00edz del anuncio por parte del Gobierno de la aportaci\u00f3n de 46 millones de euros a la Autoridad Nacional Palestina, se detectaron contenidos que pon\u00edan en duda el uso de recursos p\u00fablicos y relacionaron esta noticia con la idea de que las personas inmigrantes, y especialmente los ni\u00f1os, ni\u00f1as y adolescentes no acompa\u00f1ados son los principales beneficiarios de ayudas p\u00fablicas.<\/p>\n<p>Respecto al \u00e1mbito deportivo, representa el 6% del contenido total. Lamine Yamal volvi\u00f3 a ser objetivo de mensajes de discurso de odio. En esta ocasi\u00f3n, las tensiones surgidas entre la Real Federaci\u00f3n Espa\u00f1ola de F\u00fatbol y el F\u00fatbol Club Barcelona, derivadas de la baja de \u00faltima hora del jugador en la convocatoria de la Selecci\u00f3n Espa\u00f1ola, generaron una oleada de contenidos ofensivos y discriminatorios, incluyendo mensajes que lo comparan con animales por su origen norteafricano, de manera deshumanizante y racista.<\/p>\n","protected":false},"excerpt":{"rendered":"El Observatorio Espa\u00f1ol del Racismo y la Xenofobia (OBERAXE), dependiente de la Secretar\u00eda de Estado de Migraciones del&hellip;\n","protected":false},"author":2,"featured_media":302659,"comment_status":"","ping_status":"","sticky":false,"template":"","format":"standard","meta":{"footnotes":""},"categories":[8],"tags":[517,17,18,25,24,13,14,11,17322,19,20,9,10,15,16,2330,29767,23,12,21,22],"class_list":{"0":"post-302658","1":"post","2":"type-post","3":"status-publish","4":"format-standard","5":"has-post-thumbnail","7":"category-espana","8":"tag-actualidad","9":"tag-breaking-news","10":"tag-breakingnews","11":"tag-es","12":"tag-espana","13":"tag-featured-news","14":"tag-featurednews","15":"tag-headlines","16":"tag-inclusion","17":"tag-latest-news","18":"tag-latestnews","19":"tag-news","20":"tag-noticias","21":"tag-noticias-destacadas","22":"tag-noticiasdestacadas","23":"tag-prensa","24":"tag-seguridad-social-y-migraciones","25":"tag-spain","26":"tag-titulares","27":"tag-ultimas-noticias","28":"tag-ultimasnoticias"},"share_on_mastodon":{"url":"https:\/\/pubeurope.com\/@es\/115767045477285462","error":""},"_links":{"self":[{"href":"https:\/\/www.europesays.com\/es\/wp-json\/wp\/v2\/posts\/302658","targetHints":{"allow":["GET"]}}],"collection":[{"href":"https:\/\/www.europesays.com\/es\/wp-json\/wp\/v2\/posts"}],"about":[{"href":"https:\/\/www.europesays.com\/es\/wp-json\/wp\/v2\/types\/post"}],"author":[{"embeddable":true,"href":"https:\/\/www.europesays.com\/es\/wp-json\/wp\/v2\/users\/2"}],"replies":[{"embeddable":true,"href":"https:\/\/www.europesays.com\/es\/wp-json\/wp\/v2\/comments?post=302658"}],"version-history":[{"count":0,"href":"https:\/\/www.europesays.com\/es\/wp-json\/wp\/v2\/posts\/302658\/revisions"}],"wp:featuredmedia":[{"embeddable":true,"href":"https:\/\/www.europesays.com\/es\/wp-json\/wp\/v2\/media\/302659"}],"wp:attachment":[{"href":"https:\/\/www.europesays.com\/es\/wp-json\/wp\/v2\/media?parent=302658"}],"wp:term":[{"taxonomy":"category","embeddable":true,"href":"https:\/\/www.europesays.com\/es\/wp-json\/wp\/v2\/categories?post=302658"},{"taxonomy":"post_tag","embeddable":true,"href":"https:\/\/www.europesays.com\/es\/wp-json\/wp\/v2\/tags?post=302658"}],"curies":[{"name":"wp","href":"https:\/\/api.w.org\/{rel}","templated":true}]}}