{"id":302669,"date":"2025-12-23T04:54:13","date_gmt":"2025-12-23T04:54:13","guid":{"rendered":"https:\/\/www.europesays.com\/es\/302669\/"},"modified":"2025-12-23T04:54:13","modified_gmt":"2025-12-23T04:54:13","slug":"no-siempre-hay-que-hacer-lo-que-el-espectador-quiere-ver","status":"publish","type":"post","link":"https:\/\/www.europesays.com\/es\/302669\/","title":{"rendered":"\u00abNo siempre hay que hacer lo que el espectador quiere ver\u00bb"},"content":{"rendered":"<p style=\"\">\u00abLas noches ya son de cada uno, pero las tardes a\u00fan son de la tele\u00bb. Quien habla es Josep Cister, la mente pensante de algunos de los grandes \u00e9xitos de las series televisivas. Es el creador de &#8216;La Promesa&#8217;, de Bamb\u00fa producciones, que se  &#8230; ha convertido en <a href=\"https:\/\/www.abc.es\/play\/series\/noticias\/manual-crear-serie-diaria-exito-20240301184844-nt.html\" target=\"_self\" data-voc-vtm-id=\"in-text-traffic\" title=\"una de las ficciones diarias de la tarde m\u00e1s vistas de los \u00faltimos tiempos en La 1\" rel=\"nofollow noopener\">una de las ficciones diarias de la tarde m\u00e1s vistas de los \u00faltimos tiempos en La 1<\/a>. Aunque cuando pens\u00f3 esta serie jam\u00e1s imagin\u00f3 el recorrido que iba a tener, desde un premio Emmy hasta convertirse en una cita ineludible para los espectadores. \u00ab<strong>Cuando arrancas una serie, obviamente lo haces con la ilusi\u00f3n de que dure el mayor tiempo posible, pero sabes que eso pasa pocas veces, que no siempre ocurre, que la serie funcione<\/strong>\u00bb. Arrancaron en una Televisi\u00f3n Espa\u00f1ola que no es la televisi\u00f3n de ahora, y reconoce que asum\u00edan esta responsabilidad con \u00abcautela y con precauci\u00f3n\u00bb. \u00abNunca te llegas a imaginar cu\u00e1ntos cap\u00edtulos vas a hacer, porque no sabes muy bien c\u00f3mo vas a ir manejando la historia ni si la tele y los espectadores te van a seguir queriendo en la parrilla\u00bb, confiesa. <\/p>\n<p class=\"voc-p\" style=\"\">Este mi\u00e9rcoles emiten un <a href=\"https:\/\/www.abc.es\/play\/series\/noticias\/ramon-campos-productor-promesa-diciembre-2024-llegamos-20240203100000-nt.html\" target=\"_self\" data-voc-vtm-id=\"in-text-traffic\" title=\"cap\u00edtulo especial para arrancar la quinta temporada,\" data-mrf-link=\"www.abc.es\" rel=\"nofollow noopener\">cap\u00edtulo especial para arrancar la quinta temporada,<\/a> marcada por la locura que comete \u00c1ngela justo antes de casarse con el capit\u00e1n Lorenzo de la Mata. \u00abEso va a desencadenar el arranque de la temporada, con un Curro adem\u00e1s muy afectado por todo lo que ha pasado con \u00c1ngela y muy dispuesto a recuperar su lugar, el que \u00e9l siente que le han quitado desde que falleci\u00f3 su hermana Jana. Con un Manuel muy dispuesto tambi\u00e9n a enfrentarse a Leocadia con la ayuda de su padre, porque no entiende la influencia y el poder que ha cogido Leocadia dentro del palacio de &#8216;La Promesa&#8217;, y una Mar\u00eda Fern\u00e1ndez que va a vivir un embarazo un poco de v\u00e9rtigo\u00bb, confiesa Cister. <\/p>\n<p class=\"voc-p\" style=\"\">Mantener la tensi\u00f3n en cada uno de los cap\u00edtulos sin quemar al mismo tiempo muchos cartuchos de las tramas es un arte que Cister y su equipo parecen tener controlado. \u00abEs la pregunta m\u00e1s dif\u00edcil. <strong>Se hace un poco entre el sentido com\u00fan y el oficio, pero tambi\u00e9n te dir\u00e9 que cuando escribo las tramas lo hago muchas veces como espectador, pensando en si yo fuera espectador, qu\u00e9 me gustar\u00eda ver y qu\u00e9 no me gustar\u00eda ver.<\/strong> Y a partir de ah\u00ed decido, porque no siempre lo que le gustar\u00eda ver al espectador es lo que tienes que hacer. S\u00e9 que esto que digo es s\u00faper impopular y que la gente se me echa encima y todo el mundo me dice cosas horribles, pero es la realidad, porque eso tambi\u00e9n es la vida: no siempre nos pasa lo que queremos que nos pase\u00bb, asegura el creador. <\/p>\n<p><img decoding=\"async\" loading=\"lazy\" src=\"https:\/\/www.europesays.com\/es\/wp-content\/uploads\/2025\/12\/secuencia-U00448172822eWI-758x470@diario_abc.jpg\" class=\"voc-d-c-combo-3__img\" width=\"758\" height=\"470\" alt=\"Imagen principal - Arriba, el equipo de 'La Promesa'. Izquierda y derecha, dos escenas de 'La Promesa'\"\/><\/p>\n<p><img decoding=\"async\" loading=\"lazy\" src=\"https:\/\/www.europesays.com\/es\/wp-content\/uploads\/2025\/12\/promesa_20251222173958-U87132276663bZY-464x329@diario_abc.jpg\" class=\"voc-d-c-combo-3__img\" width=\"464\" height=\"329\" alt=\"Imagen secundaria 1 - Arriba, el equipo de 'La Promesa'. Izquierda y derecha, dos escenas de 'La Promesa'\"\/><\/p>\n<p><img decoding=\"async\" loading=\"lazy\" src=\"https:\/\/www.europesays.com\/es\/wp-content\/uploads\/2025\/12\/promise-U38072503643gxt-278x329@diario_abc.jpg\" class=\"voc-d-c-combo-3__img\" width=\"278\" height=\"329\" alt=\"Imagen secundaria 2 - Arriba, el equipo de 'La Promesa'. Izquierda y derecha, dos escenas de 'La Promesa'\"\/><\/p>\n<p>Arriba, el equipo de &#8216;La Promesa&#8217;. Izquierda y derecha, dos escenas de &#8216;La Promesa&#8217;<br \/>\nBamb\u00fa producciones<\/p>\n<p class=\"voc-p\" style=\"\">Para el equipo, dosificar la informaci\u00f3n es lo m\u00e1s importante. \u00abE<a href=\"https:\/\/www.abc.es\/play\/series\/noticias\/marcos-orengo-feliciano-promesa-desvela-accidente-pleno-20240201173216-nt.html\" target=\"_self\" data-voc-vtm-id=\"in-text-traffic\" title=\"n la vida no sale todo perfecto, la vida nos dosifica la informaci\u00f3n y nos va dando las cosas con esfuerzo\" data-mrf-link=\"www.abc.es\" rel=\"nofollow noopener\">n la vida no sale todo perfecto, la vida nos dosifica la informaci\u00f3n y nos va dando las cosas con esfuerzo<\/a>, y aun as\u00ed, incluso aunque te esfuerces y lo intentes, muchas veces no es suficiente. Entonces yo creo que ah\u00ed est\u00e1 el equilibrio\u00bb, explica. <\/p>\n<p>\nFamilia y calidad\n<\/p>\n<p class=\"voc-p\" style=\"\">Es dif\u00edcil incluso para Cister identificar las claves del \u00e9xito de su serie. Si existiera una f\u00f3rmula concreta, su funci\u00f3n terminar\u00eda, pero lo cierto es que su trabajo es una mezcla entre trabajo, documentaci\u00f3n y algo de suerte. \u00ab<strong>El ingrediente principal es la familia<\/strong>. Todos tenemos una familia y aqu\u00ed hay un juego de dos tipos de familias, que tambi\u00e9n lo tenemos todos en nuestra vida: la familia de sangre, la que nos toca, con la que no siempre estamos de acuerdo, y luego la familia que t\u00fa eliges, que son tus amigos, <a href=\"https:\/\/www.abc.es\/play\/series\/noticias\/actor-promesa-anuncia-inminente-cambio-horario-serie-20240211175118-nt.html\" target=\"_self\" data-voc-vtm-id=\"in-text-traffic\" title=\"que en &#039;La Promesa&#039; ser\u00eda la parte del servicio\" data-mrf-link=\"www.abc.es\" rel=\"nofollow noopener\">que en &#8216;La Promesa&#8217; ser\u00eda la parte del servicio<\/a>. Todos tenemos encontronazos con nuestros hermanos, con nuestros padres, con nuestras parejas en alg\u00fan momento. &#8216;La Promesa&#8217; no deja de ser un poco lo que es la vida, el devenir de la propia vida\u00bb, asegura. <\/p>\n<p class=\"voc-p\" style=\"\">Si algo caracteriza a las series diarias de la tarde es que ha habido un salto de calidad en ellas. La diferencia entre las ficciones de &#8216;prime time&#8217; y las de la tarde estaba marcada y, sin embargo, con el paso del tiempo la franja vespertina ha comenzado a crecer en espectadores gracias, en parte, a esta mejora, desde los guiones hasta los decorados y las tramas, llegando incluso a saltar en ocasiones al prime time. \u00ab<a href=\"https:\/\/www.abc.es\/play\/series\/noticias\/josep-cister-rubio-creador-promesa-valle-salvaje-20240917162554-nt.html\" target=\"_self\" data-voc-vtm-id=\"in-text-traffic\" title=\"Esa fue una intenci\u00f3n clara desde el principio\" data-mrf-link=\"www.abc.es\" rel=\"nofollow noopener\">Esa fue una intenci\u00f3n clara desde el principio<\/a>. No nos hemos encontrado con una serie de mayor calidad por casualidad, sino que ha sido una voluntad decidida por parte m\u00eda, de Ram\u00f3n Campos y de Televisi\u00f3n Espa\u00f1ola. <strong>Creo que las series diarias ahora son el prime time de las cadenas. Las noches ya son de cada uno, pero las tardes a\u00fan son de la tele.<\/strong> Las diarias se han convertido en el producto estrella, generan fidelizaci\u00f3n. Hicimos ese experimento con &#8216;Dos vidas&#8217; y en &#8216;La Promesa&#8217; y &#8216;Valle Salvaje&#8217; es la culminaci\u00f3n. De hecho, en Estados Unidos creen que nuestro producto es de prime time y no entienden que se emita por la tarde cinco d\u00edas a la semana\u00bb, explica.<\/p>\n","protected":false},"excerpt":{"rendered":"\u00abLas noches ya son de cada uno, pero las tardes a\u00fan son de la tele\u00bb. Quien habla es&hellip;\n","protected":false},"author":2,"featured_media":302670,"comment_status":"","ping_status":"","sticky":false,"template":"","format":"standard","meta":{"footnotes":""},"categories":[171],"tags":[6365,2517,146,147,25,24,33139,4518,7376,2615,5153,369,23,214,809],"class_list":{"0":"post-302669","1":"post","2":"type-post","3":"status-publish","4":"format-standard","5":"has-post-thumbnail","7":"category-tv","8":"tag-claves","9":"tag-creador","10":"tag-entertainment","11":"tag-entretenimiento","12":"tag-es","13":"tag-espana","14":"tag-espectador","15":"tag-exito","16":"tag-promesa","17":"tag-quiere","18":"tag-segun","19":"tag-siempre","20":"tag-spain","21":"tag-tv","22":"tag-ver"},"share_on_mastodon":{"url":"https:\/\/pubeurope.com\/@es\/115767100776283323","error":""},"_links":{"self":[{"href":"https:\/\/www.europesays.com\/es\/wp-json\/wp\/v2\/posts\/302669","targetHints":{"allow":["GET"]}}],"collection":[{"href":"https:\/\/www.europesays.com\/es\/wp-json\/wp\/v2\/posts"}],"about":[{"href":"https:\/\/www.europesays.com\/es\/wp-json\/wp\/v2\/types\/post"}],"author":[{"embeddable":true,"href":"https:\/\/www.europesays.com\/es\/wp-json\/wp\/v2\/users\/2"}],"replies":[{"embeddable":true,"href":"https:\/\/www.europesays.com\/es\/wp-json\/wp\/v2\/comments?post=302669"}],"version-history":[{"count":0,"href":"https:\/\/www.europesays.com\/es\/wp-json\/wp\/v2\/posts\/302669\/revisions"}],"wp:featuredmedia":[{"embeddable":true,"href":"https:\/\/www.europesays.com\/es\/wp-json\/wp\/v2\/media\/302670"}],"wp:attachment":[{"href":"https:\/\/www.europesays.com\/es\/wp-json\/wp\/v2\/media?parent=302669"}],"wp:term":[{"taxonomy":"category","embeddable":true,"href":"https:\/\/www.europesays.com\/es\/wp-json\/wp\/v2\/categories?post=302669"},{"taxonomy":"post_tag","embeddable":true,"href":"https:\/\/www.europesays.com\/es\/wp-json\/wp\/v2\/tags?post=302669"}],"curies":[{"name":"wp","href":"https:\/\/api.w.org\/{rel}","templated":true}]}}