{"id":302677,"date":"2025-12-23T04:58:15","date_gmt":"2025-12-23T04:58:15","guid":{"rendered":"https:\/\/www.europesays.com\/es\/302677\/"},"modified":"2025-12-23T04:58:15","modified_gmt":"2025-12-23T04:58:15","slug":"hospitales-colapsados-con-enfermeras-saturadas-porque-las-consejerias-no-han-hecho-sus-deberes-2","status":"publish","type":"post","link":"https:\/\/www.europesays.com\/es\/302677\/","title":{"rendered":"Hospitales \u201ccolapsados\u201d con enfermeras \u201csaturadas \u201cporque las consejer\u00edas \u201cno han hecho sus deberes\u201d"},"content":{"rendered":"<p>La gran mayor\u00eda de hospitales est\u00e1n sufriendo ya, con mayor o menor gravedad, <strong>situaciones de saturaci\u00f3n y colapso<\/strong>, al no haber hecho \u201csus deberes\u201d las correspondientes consejer\u00edas de Sanidad y no haber reforzado las plantillas enfermeras, entre otras actuaciones.<\/p>\n<p>Desde SATSE resaltamos que la <strong>incidencia entre la poblaci\u00f3n de la Gripe A, fundamentalmente, junto a la COVID-19 y el virus respiratorio sincitial (VRS<\/strong>), entre otros, ha llegado ya a niveles muy elevados, como era previsible, mientras que las administraciones competentes de evitar que esto provocase situaciones de colapso y saturaci\u00f3n en los hospitales y centros de salud no han puesto en marcha planes de contingencia eficaces.<\/p>\n<p>Las situaciones que, lamentablemente, se sufren todos los a\u00f1os, como <strong>pacientes en los pasillos, faltas de camas, salas de espera saturadas y demoras de muchas horas<\/strong>, se est\u00e1n volviendo a repetir en el conjunto del Estado, como ya hemos denunciado en hospitales de Madrid, Comunidad Valenciana, Catalu\u00f1a, Navarra, Cantabria y Andaluc\u00eda, entre otros.<\/p>\n<p>          M\u00e1s casos<\/p>\n<p>Incidimos, adem\u00e1s, en el hecho de que el aumento de las hospitalizaciones se centra especialmente en personas vulnerables, como los mayores de 65 a\u00f1os, y que es previsible que los casos se incrementen con motivo de las fiestas navide\u00f1as debido al <strong>aumento de la interacci\u00f3n social por las visitas y encuentros familiares.<\/strong><\/p>\n<p>\u201cSimilares problemas a a\u00f1os anteriores e <strong>id\u00e9ntica falta de una planificaci\u00f3n adecuada de recursos <\/strong>por parte del conjunto de las consejer\u00edas de Sanidad que, una vez m\u00e1s, optan por dejar \u2018capear el temporal\u2019 a los profesionales que trabajan en las Urgencias de los hospitales, adem\u00e1s de en otros servicios de estos centros sanitarios\u201d, apuntan desde el Sindicato.<\/p>\n<p>          Primaria \u201csaturada\u201d<\/p>\n<p>La situaci\u00f3n tambi\u00e9n es preocupante en los centros de salud, donde <strong>las agendas se encuentran \u201csaturadas\u201d<\/strong> y las esperas para ser atendidos son de hasta 10 d\u00edas, lo que lleva a las personas a acudir a los servicios de Urgencias.<\/p>\n<p>Se da el agravante, adem\u00e1s, de que, en algunas autonom\u00edas, se<strong> cierran los centros de salud por las tardes.<\/strong><\/p>\n<p><a href=\"https:\/\/www.satse.es\/notas-prensa\/-\/v\/85301\/plan-invierno-2025\" rel=\"nofollow noopener\" target=\"_blank\">SATSE demand\u00f3 el pasado mes de octubre<\/a> al conjunto de administraciones sanitarias que desarrollasen planes de actuaciones eficaces, pero ha constatado que en muchas autonom\u00edas no lo han hecho, mientras que en las que s\u00ed han asegurado implementar actuaciones de refuerzo de plantillas en los hospitales y centros de salud, se est\u00e1 viendo que son \u201cinsuficientes\u201d.<\/p>\n<p>Por ello, insistimos en la urgente necesidad de que <strong>las consejer\u00edas de Sanidad dejen de \u201cmirar hacia otro lado\u201d <\/strong>y acometan las actuaciones necesarias para que las semanas que a\u00fan quedan de bajas temperaturas no lleven a un mayor colapso y saturaci\u00f3n a los hospitales y centros de salud.<br \/>\u00a0<\/p>\n","protected":false},"excerpt":{"rendered":"La gran mayor\u00eda de hospitales est\u00e1n sufriendo ya, con mayor o menor gravedad, situaciones de saturaci\u00f3n y colapso,&hellip;\n","protected":false},"author":2,"featured_media":302604,"comment_status":"","ping_status":"","sticky":false,"template":"","format":"standard","meta":{"footnotes":""},"categories":[92],"tags":[36270,5401,25,24,165,4451,9416,1817,166,23],"class_list":{"0":"post-302677","1":"post","2":"type-post","3":"status-publish","4":"format-standard","5":"has-post-thumbnail","7":"category-salud","8":"tag-condiciones-laborales","9":"tag-enfermeria","10":"tag-es","11":"tag-espana","12":"tag-health","13":"tag-jornada-laboral","14":"tag-laboral","15":"tag-pacientes","16":"tag-salud","17":"tag-spain"},"share_on_mastodon":{"url":"https:\/\/pubeurope.com\/@es\/115767116257637358","error":""},"_links":{"self":[{"href":"https:\/\/www.europesays.com\/es\/wp-json\/wp\/v2\/posts\/302677","targetHints":{"allow":["GET"]}}],"collection":[{"href":"https:\/\/www.europesays.com\/es\/wp-json\/wp\/v2\/posts"}],"about":[{"href":"https:\/\/www.europesays.com\/es\/wp-json\/wp\/v2\/types\/post"}],"author":[{"embeddable":true,"href":"https:\/\/www.europesays.com\/es\/wp-json\/wp\/v2\/users\/2"}],"replies":[{"embeddable":true,"href":"https:\/\/www.europesays.com\/es\/wp-json\/wp\/v2\/comments?post=302677"}],"version-history":[{"count":0,"href":"https:\/\/www.europesays.com\/es\/wp-json\/wp\/v2\/posts\/302677\/revisions"}],"wp:featuredmedia":[{"embeddable":true,"href":"https:\/\/www.europesays.com\/es\/wp-json\/wp\/v2\/media\/302604"}],"wp:attachment":[{"href":"https:\/\/www.europesays.com\/es\/wp-json\/wp\/v2\/media?parent=302677"}],"wp:term":[{"taxonomy":"category","embeddable":true,"href":"https:\/\/www.europesays.com\/es\/wp-json\/wp\/v2\/categories?post=302677"},{"taxonomy":"post_tag","embeddable":true,"href":"https:\/\/www.europesays.com\/es\/wp-json\/wp\/v2\/tags?post=302677"}],"curies":[{"name":"wp","href":"https:\/\/api.w.org\/{rel}","templated":true}]}}