{"id":302684,"date":"2025-12-23T05:02:07","date_gmt":"2025-12-23T05:02:07","guid":{"rendered":"https:\/\/www.europesays.com\/es\/302684\/"},"modified":"2025-12-23T05:02:07","modified_gmt":"2025-12-23T05:02:07","slug":"de-belem-a-montevideo-los-aportes-de-la-ciencia-para-la-sostenibilidad-en-iberoamerica-iberoamerica-democracia","status":"publish","type":"post","link":"https:\/\/www.europesays.com\/es\/302684\/","title":{"rendered":"De Bel\u00e9m a Montevideo: los aportes de la ciencia para la sostenibilidad en Iberoam\u00e9rica | Iberoam\u00e9rica democracia"},"content":{"rendered":"<p class=\"\">El pasado mes de noviembre, mientras m\u00e1s de medio mill\u00f3n de personas de todo el mundo se daban cita en Bel\u00e9m do Par\u00e1 para continuar <a href=\"https:\/\/elpais.com\/clima-y-medio-ambiente\/2025-11-10\/arranca-la-cumbre-del-clima-en-tiempos-de-fractura-global-es-el-momento-de-imponer-una-nueva-derrota-a-los-negacionistas.html\" target=\"_self\" rel=\"nofollow noopener\" title=\"https:\/\/elpais.com\/clima-y-medio-ambiente\/2025-11-10\/arranca-la-cumbre-del-clima-en-tiempos-de-fractura-global-es-el-momento-de-imponer-una-nueva-derrota-a-los-negacionistas.html\">las discusiones en torno al cambio clim\u00e1tico<\/a>, a 5000 kil\u00f3metros al sur (en Montevideo) cuatrocientos acad\u00e9micos, investigadores y expertos debat\u00edan sobre la mejor manera de medir el aporte de la ciencia a este objetivo.<\/p>\n<p class=\"\">En el coraz\u00f3n de la Amazon\u00eda <a href=\"https:\/\/elpais.com\/america-futura\/2025-12-10\/america-latina-redefine-su-rol-en-la-gobernanza-climatica-global.html\" target=\"_self\" rel=\"nofollow noopener\" title=\"https:\/\/elpais.com\/america-futura\/2025-12-10\/america-latina-redefine-su-rol-en-la-gobernanza-climatica-global.html\">se celebr\u00f3 durante doce d\u00edas la COP30<\/a>, la cual ha tenido un rotundo \u00e9xito de asistencia y participaci\u00f3n. Por su parte, la capital uruguaya acogi\u00f3 el 25 y 26 de noviembre el XII Congreso Iberoamericano de Indicadores de Ciencia y Tecnolog\u00eda. Las dos citas fueron auspiciadas por la Organizaci\u00f3n de Estados Iberoamericanos para la Educaci\u00f3n, la Ciencia y la Cultura (OEI), y, aunque las dimensiones de una y otra no tienen comparaci\u00f3n, para una organizaci\u00f3n que tiene como lema \u201chacer que la cooperaci\u00f3n suceda\u201d han sido igualmente importantes. <\/p>\n<p class=\"\">En ambas convocamos a expertos, cient\u00edficos, acad\u00e9micos y responsables pol\u00edticos para, entre todos, discutir soluciones pr\u00e1cticas que permitan <a href=\"https:\/\/elpais.com\/america-futura\/2025-11-28\/la-necesidad-de-una-transicion-energetica-justa-en-el-centro-del-debate-global.html\" target=\"_self\" rel=\"nofollow noopener\" title=\"https:\/\/elpais.com\/america-futura\/2025-11-28\/la-necesidad-de-una-transicion-energetica-justa-en-el-centro-del-debate-global.html\">avanzar en materia de sostenibilidad<\/a>. En una regi\u00f3n de escasos recursos y otros muchos graves desaf\u00edos, es imprescindible que dichas discusiones sean realmente informadas. Para ello son necesarios instrumentos que midan el impacto real de las innovaciones o desarrollos en los que trabajan nuestros cient\u00edficos en <a href=\"https:\/\/elpais.com\/videos\/2025-11-23\/resumen-y-claves-de-la-cop30-los-combustibles-fosiles-ausentes-en-una-declaracion-con-pequenos-avances.html?autoplay=1\" target=\"_self\" rel=\"nofollow noopener\" title=\"https:\/\/elpais.com\/videos\/2025-11-23\/resumen-y-claves-de-la-cop30-los-combustibles-fosiles-ausentes-en-una-declaracion-con-pequenos-avances.html?autoplay=1\">la lucha contra el cambio clim\u00e1tico<\/a> y la mitigaci\u00f3n de sus efectos nocivos.<\/p>\n<p class=\"\">Esta informaci\u00f3n es relevante, en primer lugar, para los propios cient\u00edficos, quienes pueden orientar as\u00ed su investigaci\u00f3n hacia aquellas \u00e1reas en las que se est\u00e1n obteniendo resultados m\u00e1s promisorios. Entendidos estos \u00faltimos en sentido amplio, sin limitarnos al \u00edndice de impacto que est\u00e1n teniendo las publicaciones sobre el tema. <\/p>\n<p class=\"\">Desde la OEI trabajamos para promover entre nuestros investigadores una ciencia con impacto social: los animamos a que piensen de qu\u00e9 modo el nuevo conocimiento que est\u00e1n generando puede tener una aplicaci\u00f3n pr\u00e1ctica, sea cual sea el \u00e1mbito de dicho conocimiento. En la mayor\u00eda de los pa\u00edses iberoamericanos, la carrera acad\u00e9mica e investigadora no reconoce m\u00e9ritos en lo que podr\u00edamos calificar como \u201ctransferencia social\u201d. Sin embargo, nuestros cient\u00edficos demuestran un gran compromiso con su entorno m\u00e1s cercano y un genuino deseo de <a href=\"https:\/\/elpais.com\/planeta-futuro\/2025-11-19\/cop30-una-transicion-climatica-justa-para-acabar-con-el-hambre-y-la-pobreza.html\" target=\"_self\" rel=\"nofollow noopener\" title=\"https:\/\/elpais.com\/planeta-futuro\/2025-11-19\/cop30-una-transicion-climatica-justa-para-acabar-con-el-hambre-y-la-pobreza.html\">contribuir al desarrollo y la mejora de la calidad de vida<\/a> de sus conciudadanos. <\/p>\n<p class=\"\">Los indicadores de impacto o resultado son fundamentales, adem\u00e1s, para los tomadores de decisiones. Cuando naci\u00f3, en 1994, la Red Iberoamericana de Indicadores de Ciencia y Tecnolog\u00eda (RICYT), encargada de la organizaci\u00f3n del Congreso en Uruguay, este objetivo de informar a los responsables de los sistemas de Ciencia, Tecnolog\u00eda e Innovaci\u00f3n (CTI) era m\u00e1s un deseo que una realidad. Sin embargo, en las m\u00e1s de tres d\u00e9cadas que han pasado desde entonces, esto ha cambiado, y la informaci\u00f3n elaborada por las oficinas de estad\u00edstica de los ministerios nacionales con competencias en ciencias ahora es un insumo fundamental, con el que trabajan las unidades administrativas encargadas de la elaboraci\u00f3n de pol\u00edticas p\u00fablicas de I+D+i. <\/p>\n<p class=\"\">Los miembros de estas oficinas estad\u00edsticas de los distintos pa\u00edses se re\u00fanen todos los a\u00f1os presencialmente en el marco de la RICYT, que es coordinada por la OEI a trav\u00e9s de su Observatorio Iberoamericano para la Ciencia, la Tecnolog\u00eda y la Sociedad (OCTS). Este Observatorio hace posible que, gracias a las discusiones en el seno de la RICYT, haya indicadores consensuados a nivel regional, es decir, que la informaci\u00f3n que estos nos arrojan sobre nuestros sistemas cient\u00edficos sea comparable entre s\u00ed. <\/p>\n<p class=\"\">El encuentro de Montevideo ten\u00eda como objetivo definir nuevos indicadores que nos permitieran medir el aporte de la ciencia a la sostenibilidad. Por tanto, era aconsejable que la reuni\u00f3n de la RICYT fuera complementada con el XII Congreso, para que la definici\u00f3n de estos nuevos indicadores fuera fruto de un amplio debate, en el que participaran tambi\u00e9n expertos y acad\u00e9micos.<\/p>\n<p class=\"\">Este trabajo tan t\u00e9cnico, incluso gris, es, sin embargo, fundamental para la buena salud de las democracias iberoamericanas, pues <a href=\"https:\/\/elpais.com\/america-futura\/2025-12-02\/la-geopolitica-de-las-negociaciones-climaticas.html\" target=\"_self\" rel=\"nofollow noopener\" title=\"https:\/\/elpais.com\/america-futura\/2025-12-02\/la-geopolitica-de-las-negociaciones-climaticas.html\">sirve a los responsables pol\u00edticos en su proceso de toma de decisiones<\/a>. En los \u00faltimos a\u00f1os, sobre todo a partir de la pandemia, en varios pa\u00edses iberoamericanos se han articulado sistemas m\u00e1s o menos institucionalizados de asesoramiento cient\u00edfico a legisladores y responsables pol\u00edticos. <\/p>\n<p class=\"\">En <a href=\"https:\/\/oei.int\/wp-content\/uploads\/2020\/11\/papeles-del-observatorio-17.pdf\" target=\"_self\" rel=\"nofollow noopener\" title=\"https:\/\/oei.int\/wp-content\/uploads\/2020\/11\/papeles-del-observatorio-17.pdf\">una publicaci\u00f3n de la OEI de 2020<\/a> se documentaban las experiencias de Espa\u00f1a, M\u00e9xico, Argentina y Chile (OCTS, 2020) y tambi\u00e9n se advert\u00eda que la toma de decisiones no les corresponde a los investigadores, pues esta depende de otros factores (las tradiciones sociales, las creencias populares, etc.) y no s\u00f3lo de la evidencia cient\u00edfica. Adem\u00e1s, se\u00f1alaba que en muchos casos ni siquiera es concluyente, pues los cient\u00edficos informan tanto sobre lo que se conoce como de aquello que a\u00fan es desconocido, por lo que no siempre est\u00e1n en disposici\u00f3n de ofrecer al responsable pol\u00edtico evidencia sobre todos los aspectos del tema a decidir; sin contar que, aun en ese caso, este debe tener en cuenta otros insumos que pueden ser determinantes en que esa decisi\u00f3n sea acorde al inter\u00e9s p\u00fablico.<\/p>\n<p class=\"\">Para finalizar, quisiera se\u00f1alar tambi\u00e9n que el destinatario \u00faltimo de todos estos datos que generamos en la OEI a partir de la coordinaci\u00f3n de la RICYT, as\u00ed como de la Red Iberoamericana de Indicadores de Educaci\u00f3n Superior (Red IndicES), es la ciudadan\u00eda, que cada vez demanda m\u00e1s informaci\u00f3n rigurosa y procedente de fuentes fiables, quiz\u00e1s como reacci\u00f3n a <a href=\"https:\/\/elpais.com\/clima-y-medio-ambiente\/2025-11-17\/seis-claves-de-la-cumbre-del-clima-de-brasil-de-como-alejarse-de-los-combustibles-fosiles-a-la-desinformacion.html\" target=\"_self\" rel=\"nofollow noopener\" title=\"https:\/\/elpais.com\/clima-y-medio-ambiente\/2025-11-17\/seis-claves-de-la-cumbre-del-clima-de-brasil-de-como-alejarse-de-los-combustibles-fosiles-a-la-desinformacion.html\">la infodemia y la desinformaci\u00f3n que padecemos<\/a>, y con el prop\u00f3sito de desarmar posiciones maniqueas que s\u00f3lo conducen a la polarizaci\u00f3n.<\/p>\n<p class=\"\">El cambio clim\u00e1tico y la sostenibilidad son, de hecho, dos de los asuntos que m\u00e1s controversias generan en el debate p\u00fablico y pol\u00edtico. Por este motivo el reciente congreso en Montevideo ha sido <a href=\"https:\/\/elpais.com\/america\/2025-11-21\/brasil-abraza-a-indigenas-y-activistas-en-la-cop30-mientras-los-paises-encogen-las-delegaciones-de-negociadores.html\" target=\"_self\" rel=\"nofollow noopener\" title=\"https:\/\/elpais.com\/america\/2025-11-21\/brasil-abraza-a-indigenas-y-activistas-en-la-cop30-mientras-los-paises-encogen-las-delegaciones-de-negociadores.html\">una cita tan relevante como la propia COP<\/a>: porque nos permite ofrecer algo de luz, la que proviene de la raz\u00f3n, en temas complejos y multidimensionales de gran impacto en nuestra regi\u00f3n. <\/p>\n","protected":false},"excerpt":{"rendered":"El pasado mes de noviembre, mientras m\u00e1s de medio mill\u00f3n de personas de todo el mundo se daban&hellip;\n","protected":false},"author":2,"featured_media":302685,"comment_status":"","ping_status":"","sticky":false,"template":"","format":"standard","meta":{"footnotes":""},"categories":[42],"tags":[889,3216,17,18,1295,119,11745,12226,13,14,11,61,62,63,64,19,20,1804,6688,9,10,15,16,1670,12,21,22,65,66,67],"class_list":{"0":"post-302684","1":"post","2":"type-post","3":"status-publish","4":"format-standard","5":"has-post-thumbnail","7":"category-internacional","8":"tag-america","9":"tag-brasil","10":"tag-breaking-news","11":"tag-breakingnews","12":"tag-cambio-climatico","13":"tag-ciencia","14":"tag-desarrollo-sostenible","15":"tag-emergencia-climatica","16":"tag-featured-news","17":"tag-featurednews","18":"tag-headlines","19":"tag-internacional","20":"tag-international","21":"tag-international-news","22":"tag-internationalnews","23":"tag-latest-news","24":"tag-latestnews","25":"tag-latinoamerica","26":"tag-medio-ambiente","27":"tag-news","28":"tag-noticias","29":"tag-noticias-destacadas","30":"tag-noticiasdestacadas","31":"tag-politicos","32":"tag-titulares","33":"tag-ultimas-noticias","34":"tag-ultimasnoticias","35":"tag-world","36":"tag-world-news","37":"tag-worldnews"},"share_on_mastodon":{"url":"","error":""},"_links":{"self":[{"href":"https:\/\/www.europesays.com\/es\/wp-json\/wp\/v2\/posts\/302684","targetHints":{"allow":["GET"]}}],"collection":[{"href":"https:\/\/www.europesays.com\/es\/wp-json\/wp\/v2\/posts"}],"about":[{"href":"https:\/\/www.europesays.com\/es\/wp-json\/wp\/v2\/types\/post"}],"author":[{"embeddable":true,"href":"https:\/\/www.europesays.com\/es\/wp-json\/wp\/v2\/users\/2"}],"replies":[{"embeddable":true,"href":"https:\/\/www.europesays.com\/es\/wp-json\/wp\/v2\/comments?post=302684"}],"version-history":[{"count":0,"href":"https:\/\/www.europesays.com\/es\/wp-json\/wp\/v2\/posts\/302684\/revisions"}],"wp:featuredmedia":[{"embeddable":true,"href":"https:\/\/www.europesays.com\/es\/wp-json\/wp\/v2\/media\/302685"}],"wp:attachment":[{"href":"https:\/\/www.europesays.com\/es\/wp-json\/wp\/v2\/media?parent=302684"}],"wp:term":[{"taxonomy":"category","embeddable":true,"href":"https:\/\/www.europesays.com\/es\/wp-json\/wp\/v2\/categories?post=302684"},{"taxonomy":"post_tag","embeddable":true,"href":"https:\/\/www.europesays.com\/es\/wp-json\/wp\/v2\/tags?post=302684"}],"curies":[{"name":"wp","href":"https:\/\/api.w.org\/{rel}","templated":true}]}}