{"id":302694,"date":"2025-12-23T05:18:13","date_gmt":"2025-12-23T05:18:13","guid":{"rendered":"https:\/\/www.europesays.com\/es\/302694\/"},"modified":"2025-12-23T05:18:13","modified_gmt":"2025-12-23T05:18:13","slug":"sheila-devil-reaparece-junto-a-su-madre-tras-su-ingreso-en-un-hospital-de-madrid","status":"publish","type":"post","link":"https:\/\/www.europesays.com\/es\/302694\/","title":{"rendered":"Sheila Devil reaparece junto a su madre tras su ingreso en un hospital de Madrid"},"content":{"rendered":"<p style=\"\">Despu\u00e9s de semanas sin dar se\u00f1ales p\u00fablicas, Sheila Devil reaparec\u00eda en redes sociales junto a su madre, Lourdes Ornelas. Una fotograf\u00eda que, en cuesti\u00f3n de minutos, activ\u00f3 todas las alarmas y despert\u00f3 una oleada de interpretaciones: \u00bfhab\u00eda recibido el alta hospitalaria?, \u00bfestaba mejor?, \u00bfse hab\u00eda  &#8230; producido una reconciliaci\u00f3n definitiva entre madre e hija? <\/p>\n<p class=\"voc-p\" style=\"\">Seg\u00fan ha revelado &#8216;LOOK&#8217;, Sheila contin\u00faa ingresada en el Hospital Puerta de Hierro de Madrid. Su estado es estable, pero los m\u00e9dicos consideran que todav\u00eda no es el momento de concederle el alta. El seguimiento es constante y la evoluci\u00f3n, aunque controlada, requiere cautela.<\/p>\n<p>\nUna imagen que dice mucho\u2026 pero no lo dice todo\n<\/p>\n<p class=\"voc-p\" style=\"\">En la instant\u00e1nea compartida en Instagram, Sheila aparece con peluca y abrigo oscuro, acompa\u00f1ada por Lourdes Ornelas, vestida tambi\u00e9n de negro. El entorno, sobrio y neutro, sugiere que la fotograf\u00eda fue tomada en el interior del propio centro hospitalario. No hay localizaci\u00f3n expl\u00edcita ni referencias temporales. Solo madre e hija, juntas.<\/p>\n<p class=\"voc-p\" style=\"\">Ese gesto ha sido interpretado por muchos como un punto de inflexi\u00f3n. Y no es casual. Desde la muerte de Camilo Sesto, la relaci\u00f3n entre Sheila y su madre ha atravesado etapas de enorme tensi\u00f3n, marcadas por las adicciones, la incomunicaci\u00f3n y episodios de profundo distanciamiento emocional.<\/p>\n<p class=\"voc-p\" style=\"\">Aun as\u00ed, hay una constante que nunca ha cambiado: Lourdes no se ha separado de su hija. Desde que se conoci\u00f3 su ingreso, el pasado 4 de diciembre, ha sido vista entrando y saliendo del hospital a diario, sin faltar ni un solo d\u00eda.<\/p>\n<p>\nUn contexto personal fr\u00e1gil\n<\/p>\n<p class=\"voc-p\" style=\"\">La p\u00e9rdida de Camilo Sesto supuso un antes y un despu\u00e9s en la vida de su \u00fanica hija y heredera. El impacto emocional, unido al acceso repentino a una gran fortuna, la empuj\u00f3 a entornos y compa\u00f1\u00edas que deterioraron tanto su salud como su estabilidad econ\u00f3mica y personal.<\/p>\n<p class=\"voc-p\" style=\"\">En los \u00faltimos a\u00f1os, Sheila ha sido ingresada en varias ocasiones y su estado ha mantenido en vilo tanto a su entorno m\u00e1s cercano como a quienes siguen su historia desde la distancia. En octubre de 2024, Lourdes Ornelas lleg\u00f3 a sentarse en un plat\u00f3 para expresar p\u00fablicamente su preocupaci\u00f3n, reconociendo que la comunicaci\u00f3n entre ambas era pr\u00e1cticamente inexistente, aunque insistiendo en que estaba disponible \u00ablas 24 horas\u00bb para ayudarla.<\/p>\n<p class=\"voc-p\" style=\"\">Meses despu\u00e9s, la propia Sheila lleg\u00f3 a declarar que <strong>no quer\u00eda saber nada de su madre<\/strong>, evidenciando una ruptura emocional que parec\u00eda irreparable.<\/p>\n<p>\nPrudencia y realidad\n<\/p>\n<p class=\"voc-p\" style=\"\">Pese a la ilusi\u00f3n generada, las fuentes consultadas insisten en la necesidad de mantener la prudencia. Sheila no ha sido dada de alta y el proceso de recuperaci\u00f3n contin\u00faa. La fotograf\u00eda no responde a una mejora definitiva, sino a un momento concreto dentro de un camino largo y complejo.<\/p>\n<p class=\"voc-p\" style=\"\">Lo que s\u00ed parece claro es que Lourdes Ornelas sigue siendo el principal apoyo de su hija. Silenciosa, constante y firme. En v\u00edsperas de fechas especialmente sensibles como la Navidad, ese gesto compartido cobra un significado mayor.<\/p>\n<p class=\"voc-p\" style=\"\">No es una historia cerrada. Es, quiz\u00e1, un par\u00e9ntesis. Uno en el que madre e hija vuelven a aparecer juntas, recordando que, incluso en los escenarios m\u00e1s fr\u00e1giles, el v\u00ednculo permanece.<\/p>\n","protected":false},"excerpt":{"rendered":"Despu\u00e9s de semanas sin dar se\u00f1ales p\u00fablicas, Sheila Devil reaparec\u00eda en redes sociales junto a su madre, Lourdes&hellip;\n","protected":false},"author":2,"featured_media":302695,"comment_status":"","ping_status":"","sticky":false,"template":"","format":"standard","meta":{"footnotes":""},"categories":[174],"tags":[255,48634,146,147,25,24,256,3345,9036,2326,3354,205,6495,25614,23,575],"class_list":{"0":"post-302694","1":"post","2":"type-post","3":"status-publish","4":"format-standard","5":"has-post-thumbnail","7":"category-famosos","8":"tag-celebrities","9":"tag-devil","10":"tag-entertainment","11":"tag-entretenimiento","12":"tag-es","13":"tag-espana","14":"tag-famosos","15":"tag-hospital","16":"tag-ingreso","17":"tag-junto","18":"tag-madre","19":"tag-madrid","20":"tag-reaparece","21":"tag-sheila","22":"tag-spain","23":"tag-tras"},"share_on_mastodon":{"url":"https:\/\/pubeurope.com\/@es\/115767194626902134","error":""},"_links":{"self":[{"href":"https:\/\/www.europesays.com\/es\/wp-json\/wp\/v2\/posts\/302694","targetHints":{"allow":["GET"]}}],"collection":[{"href":"https:\/\/www.europesays.com\/es\/wp-json\/wp\/v2\/posts"}],"about":[{"href":"https:\/\/www.europesays.com\/es\/wp-json\/wp\/v2\/types\/post"}],"author":[{"embeddable":true,"href":"https:\/\/www.europesays.com\/es\/wp-json\/wp\/v2\/users\/2"}],"replies":[{"embeddable":true,"href":"https:\/\/www.europesays.com\/es\/wp-json\/wp\/v2\/comments?post=302694"}],"version-history":[{"count":0,"href":"https:\/\/www.europesays.com\/es\/wp-json\/wp\/v2\/posts\/302694\/revisions"}],"wp:featuredmedia":[{"embeddable":true,"href":"https:\/\/www.europesays.com\/es\/wp-json\/wp\/v2\/media\/302695"}],"wp:attachment":[{"href":"https:\/\/www.europesays.com\/es\/wp-json\/wp\/v2\/media?parent=302694"}],"wp:term":[{"taxonomy":"category","embeddable":true,"href":"https:\/\/www.europesays.com\/es\/wp-json\/wp\/v2\/categories?post=302694"},{"taxonomy":"post_tag","embeddable":true,"href":"https:\/\/www.europesays.com\/es\/wp-json\/wp\/v2\/tags?post=302694"}],"curies":[{"name":"wp","href":"https:\/\/api.w.org\/{rel}","templated":true}]}}