{"id":302710,"date":"2025-12-23T05:28:22","date_gmt":"2025-12-23T05:28:22","guid":{"rendered":"https:\/\/www.europesays.com\/es\/302710\/"},"modified":"2025-12-23T05:28:22","modified_gmt":"2025-12-23T05:28:22","slug":"gvc-gaesco-apuesta-por-dia-y-la-cambia-por-ebro-foods-en-su-lista-de-valores-preferidos","status":"publish","type":"post","link":"https:\/\/www.europesays.com\/es\/302710\/","title":{"rendered":"GVC Gaesco apuesta por Dia y la cambia por Ebro Foods en su lista de valores preferidos"},"content":{"rendered":"<p>    <img fetchpriority=\"high\" decoding=\"async\" src=\"data:image\/gif;base64,R0lGODlhAQABAIAAAAAAAP\/\/\/ywAAAAAAQABAAACAUwAOw==\" alt=\"GVC Gaesco apuesta por Dia y la cambia por Ebro Foods en su lista de valores preferidos\" loading=\"eager\" height=\"551\" width=\"760\" class=\"yf-lglytj loader\"\/> GVC Gaesco apuesta por Dia y la cambia por Ebro Foods en su lista de valores preferidos      <\/p>\n<p class=\"yf-7hmkaz\"><strong>GVC Gaesco<\/strong> ha actualizado su lista de valores preferidos en Espa\u00f1a de tal manera que, en el \u00faltimo comp\u00e1s del a\u00f1o, ha dado salida a <a class=\"link \" href=\"https:\/\/www.estrategiasdeinversion.com\/cotizaciones\/indices\/mercado-continuo\/ebro-foods\" rel=\"nofollow noopener\" target=\"_blank\" data-ylk=\"slk:Ebro Foods;elm:context_link;itc:0;sec:content-canvas\">Ebro Foods<\/a> para apostar por la cadena de supermercados <a class=\"link \" href=\"https:\/\/www.estrategiasdeinversion.com\/cotizaciones\/indices\/mercado-continuo\/dia\" rel=\"nofollow noopener\" target=\"_blank\" data-ylk=\"slk:DIA;elm:context_link;itc:0;sec:content-canvas\">DIA<\/a>.<\/p>\n<p class=\"yf-7hmkaz\">\u00abExcluimos a Ebro Foods solo por rotaci\u00f3n, ya que llevaba en la lista varios meses y el valor nos sigue gustando\u00bb, ha apostillado la firma en un comunicado, en tanto que sobre Dia ha circunscrito que han iniciado la cobertura sobre la misma con una visi\u00f3n positiva a pesar de que la acci\u00f3n acumula una \u00abimportante revalorizaci\u00f3n\u00bb en 2025.<\/p>\n<p class=\"yf-7hmkaz\">Seg\u00fan los datos del mercado consultados por Europa Press, Dia atesora en el c\u00f3mputo del ejercicio una subida acumulada de un 142% y su acci\u00f3n cotiza en los 37 euros, si bien GVC Gaesco ha considerado que la compa\u00f1\u00eda tiene potencial alcista hasta los 43,8 euros.<\/p>\n<p class=\"yf-7hmkaz\">A la hora de argumentar su apuesta, desde la firma han englobado que Dia ha superado su proceso de reestructuraci\u00f3n y que se encuentra \u00abbien posicionada\u00bb para implantar su estrategia de crecimiento.<\/p>\n<p class=\"yf-7hmkaz\">Es una empresa, seg\u00fan han apostillado, con una estructura geogr\u00e1fica m\u00e1s simple (solo dos pa\u00edses) y operativamente m\u00e1s sencilla (un solo formato).<\/p>\n<p class=\"yf-7hmkaz\">Adem\u00e1s, han apuntalado que se ha redefinido su propuesta de valor con una oferta balanceada entre la marca propia de alta calidad y las marcas l\u00edderes, una renovada red de tiendas y un modelo de franquicia escalable y rentable: \u00abAsimismo, se ha reducido su estructura organizativa adecu\u00e1ndola a la nueva realidad, con unos ahorros anuales del 5%\u00bb, han enlazado.<\/p>\n<p class=\"yf-7hmkaz\">As\u00ed las cosas, el listado nacional de valores de referencia para la entidad ha quedado compuesto por Puig, Acerinox, Cellnex, Sabadell, Dia, Naturgy, Global Dominion, Enag\u00e1s, Colonial, FCC, Sacyr y T\u00e9cnicas Reunidas.<\/p>\n<p class=\"yf-7hmkaz\">En la cartera europea, GVC Gaesco ha salido de GTT, Rubis y Sanofi para dar entrada a la francesa Renault, la energ\u00e9tica portuguesa Galp y la empresa italiana de loter\u00edas y juegos Lottomatica.<\/p>\n<p class=\"yf-7hmkaz\">\u00abPensamos que el tiempo extra que ha conseguido la industria del autom\u00f3vil europea para las exigencias de emisiones, les dar\u00e1 una oportunidad de ajustar sus estructuras y productos a los cambios sectoriales\u00bb, han sostenido en relaci\u00f3n a la apuesta por Renault, a la que un potencial de un 32%, hasta los 47 euros por acci\u00f3n.<\/p>\n<p class=\"yf-7hmkaz\">De su lado, la visi\u00f3n optimista sobre Galp se cimenta, a juicio de la entidad, en la solidez del modelo integrado, la visibilidad de los flujos de caja y la opcionalidad estrat\u00e9gica asociada a los proyectos de crecimiento; por todo ello, le han otorgado a la misma un recorrido al alza de un 31%.<\/p>\n<p class=\"yf-7hmkaz\">Por su parte, la posici\u00f3n en Lottom\u00e1tica se ha llevado a cabo bajo la premisa de su potencial de crecimiento en todas las l\u00edneas de negocio, su estatus como \u00abl\u00edder indiscutible en el mercado m\u00e1s grande de Europa\u00bb y un entorno sectorial favorable junto a la capacidad de crecer de manera inorg\u00e1nica.<\/p>\n<p class=\"yf-7hmkaz\">As\u00ed, esperan que la compa\u00f1\u00eda se revalorice un 22%, hasta los 27 euros.<\/p>\n<p class=\"yf-7hmkaz\">La selecci\u00f3n de valores europeos de GVC Gaesco ha quedado concentrada en Lottomatica, Azimut, Galp, Eiffage, Reply, Renault, Michelin, De Longhi, AB Inbev, Schneider y Saipem.<\/p>\n<p class=\"yf-7hmkaz\">Todo ello, seg\u00fan la entidad, en un contexto de cierre de ejercicio en el que siguen viendo un entorno positivo para la renta variable, con las coordenadas macroecon\u00f3micas \u00abm\u00e1s o menos controladas\u00bb y con el apoyo de la buena evoluci\u00f3n de los resultados.<\/p>\n<p class=\"yf-7hmkaz\">Con la mira en 2026, GVC Gaesco ha proyectado que la variable de los tipos de inter\u00e9s perder\u00e1 algo de protagonismo en detrimento de las variables microecon\u00f3micas, toda vez que en relaci\u00f3n al Banco Central Europeo (BCE) no esperan movimientos relevantes y que la Reserva Federal (Fed) efectuar\u00eda dos recortes a lo largo del a\u00f1o.<\/p>\n<p class=\"yf-7hmkaz\">\u00abEn resumen, parece que en 2026 el entorno de crecimiento, inflaci\u00f3n y tipos, parte de unos niveles cercanos a la zona neutral, con lo que ser\u00e1n otras variables microecon\u00f3micas las que marcar\u00e1n el ritmo del mercado, sobre todo resultados &#8211;en los que hay que ver si se materializan m\u00e1s efectos de los aranceles y si estos siguen pudi\u00e9ndose trasladar sin problemas a los precios de venta&#8211;\u00ab, han remachado.<\/p>\n","protected":false},"excerpt":{"rendered":"GVC Gaesco apuesta por Dia y la cambia por Ebro Foods en su lista de valores preferidos GVC&hellip;\n","protected":false},"author":2,"featured_media":302711,"comment_status":"","ping_status":"","sticky":false,"template":"","format":"standard","meta":{"footnotes":""},"categories":[80],"tags":[82,71742,95,94,25,24,71743,71741,27621,71740,23],"class_list":{"0":"post-302710","1":"post","2":"type-post","3":"status-publish","4":"format-standard","5":"has-post-thumbnail","7":"category-economia","8":"tag-business","9":"tag-ebro-foods","10":"tag-economia","11":"tag-economy","12":"tag-es","13":"tag-espana","14":"tag-gvc","15":"tag-gvc-gaesco","16":"tag-la-apuesta","17":"tag-lista-de-valores","18":"tag-spain"},"share_on_mastodon":{"url":"https:\/\/pubeurope.com\/@es\/115767233995366424","error":""},"_links":{"self":[{"href":"https:\/\/www.europesays.com\/es\/wp-json\/wp\/v2\/posts\/302710","targetHints":{"allow":["GET"]}}],"collection":[{"href":"https:\/\/www.europesays.com\/es\/wp-json\/wp\/v2\/posts"}],"about":[{"href":"https:\/\/www.europesays.com\/es\/wp-json\/wp\/v2\/types\/post"}],"author":[{"embeddable":true,"href":"https:\/\/www.europesays.com\/es\/wp-json\/wp\/v2\/users\/2"}],"replies":[{"embeddable":true,"href":"https:\/\/www.europesays.com\/es\/wp-json\/wp\/v2\/comments?post=302710"}],"version-history":[{"count":0,"href":"https:\/\/www.europesays.com\/es\/wp-json\/wp\/v2\/posts\/302710\/revisions"}],"wp:featuredmedia":[{"embeddable":true,"href":"https:\/\/www.europesays.com\/es\/wp-json\/wp\/v2\/media\/302711"}],"wp:attachment":[{"href":"https:\/\/www.europesays.com\/es\/wp-json\/wp\/v2\/media?parent=302710"}],"wp:term":[{"taxonomy":"category","embeddable":true,"href":"https:\/\/www.europesays.com\/es\/wp-json\/wp\/v2\/categories?post=302710"},{"taxonomy":"post_tag","embeddable":true,"href":"https:\/\/www.europesays.com\/es\/wp-json\/wp\/v2\/tags?post=302710"}],"curies":[{"name":"wp","href":"https:\/\/api.w.org\/{rel}","templated":true}]}}