{"id":302712,"date":"2025-12-23T05:29:09","date_gmt":"2025-12-23T05:29:09","guid":{"rendered":"https:\/\/www.europesays.com\/es\/302712\/"},"modified":"2025-12-23T05:29:09","modified_gmt":"2025-12-23T05:29:09","slug":"casa-blanca-rechaza-peticion-de-obispos-catolicos-de-pausar-operaciones-de-inmigracion-en-navidad","status":"publish","type":"post","link":"https:\/\/www.europesays.com\/es\/302712\/","title":{"rendered":"Casa Blanca rechaza petici\u00f3n de obispos cat\u00f3licos de pausar operaciones de inmigraci\u00f3n en Navidad"},"content":{"rendered":"\n<p>NUEVA YORK\u00a0\u2014\u00a0Los obispos cat\u00f3licos de Florida apelaron el lunes al presidente Donald Trump para que detenga las redadas migratorias durante las fiestas navide\u00f1as. En respuesta, la Casa Blanca dijo que todo seguir\u00eda como de costumbre.<\/p>\n<p>La apelaci\u00f3n fue emitida por el arzobispo de Miami, Thomas Wenski, y firmada por otros siete miembros de la Conferencia de Obispos Cat\u00f3licos de Florida.<\/p>\n<p>\u201cLa frontera ha sido asegurada. El trabajo inicial de identificar y remover criminales peligrosos se ha logrado en gran medida\u201d, escribi\u00f3 Wenski. \u201cEn este punto, el enfoque de m\u00e1xima aplicaci\u00f3n de tratar a los inmigrantes irregulares en masa significa que ahora muchas de estas operaciones de arresto inevitablemente atrapan a personas que no son criminales, sino que est\u00e1n aqu\u00ed s\u00f3lo para trabajar\u201d.<\/p>\n<p>\u201cUn clima de miedo y ansiedad est\u00e1 infectando no s\u00f3lo al migrante irregular, sino tambi\u00e9n a los miembros de familias y vecinos que est\u00e1n legalmente en el pa\u00eds\u201d, a\u00f1adi\u00f3.<\/p>\n<p>\u201cDado que estos efectos son parte de las operaciones de aplicaci\u00f3n de la ley, solicitamos que el gobierno pause las actividades de aprehensi\u00f3n y redadas durante la temporada navide\u00f1a. Tal pausa mostrar\u00eda un respeto decente por la humanidad de estas familias\u201d.<\/p>\n<p>Respondiendo por correo electr\u00f3nico, la portavoz de la Casa Blanca Abigail Jackson no mencion\u00f3 la temporada navide\u00f1a en su respuesta de dos oraciones.<\/p>\n<p>\u201cEl presidente Trump fue elegido por su promesa al pueblo estadounidense de deportar a los inmigrantes ilegales criminales. Y est\u00e1 cumpliendo esa promesa\u201d, escribi\u00f3 Jackson.<\/p>\n<p>Wenski es un abierto defensor del trato humano para los migrantes. En septiembre, por ejemplo, se sum\u00f3 a otros l\u00edderes cat\u00f3licos en un panel en la Universidad de Georgetown para criticar las pol\u00edticas del gobierno de Trump por separar familias, incitar al miedo y trastornar la vida eclesi\u00e1stica.<\/p>\n<p>Wenski destac\u00f3 las contribuciones de los inmigrantes a la econom\u00eda del pa\u00eds.<\/p>\n<p>\u201cSi preguntas a la gente en la agricultura, preguntas en la industria de servicios, preguntas a la gente en el cuidado de la salud, preguntas a la gente en el campo de la construcci\u00f3n, te dir\u00e1n que algunos de sus mejores trabajadores son inmigrantes\u201d, se\u00f1al\u00f3 Wenski. \u201cLa aplicaci\u00f3n siempre va a ser parte de cualquier pol\u00edtica de inmigraci\u00f3n, pero tenemos que racionalizarla y humanizarla\u201d.<\/p>\n<p>Wenski se uni\u00f3 al ministerio \u201cKnights on Bikes (Caballeros en moto)\u201d, una iniciativa liderada por los Caballeros de Col\u00f3n que llama la atenci\u00f3n sobre las necesidades espirituales de las personas detenidas en c\u00e1rceles para inmigrantes, incluida la de los Everglades de Florida apodada \u201cAlcatraz de los Caimanes\u201d. Record\u00f3 haber rezado un rosario con los motociclistas bajo el calor abrasador afuera de sus muros. D\u00edas despu\u00e9s, obtuvo permiso para celebrar misa dentro de la instalaci\u00f3n.<\/p>\n<p>\u201cEl hecho de que invitemos a estos detenidos a rezar, incluso en esta situaci\u00f3n tan deshumanizante, es una forma de enfatizar e invocar su dignidad\u201d, indic\u00f3. ___<\/p>\n<p>La cobertura de religi\u00f3n de The Associated Press recibe apoyo a trav\u00e9s de la colaboraci\u00f3n de AP con The Conversation US, con financiamiento de Lilly Endowment Inc. La AP es la \u00fanica responsable de este contenido. ___<\/p>\n<p>Esta historia fue traducida del ingl\u00e9s por un editor de AP con la ayuda de una herramienta de inteligencia artificial generativa.<\/p>\n","protected":false},"excerpt":{"rendered":"NUEVA YORK\u00a0\u2014\u00a0Los obispos cat\u00f3licos de Florida apelaron el lunes al presidente Donald Trump para que detenga las redadas&hellip;\n","protected":false},"author":2,"featured_media":302713,"comment_status":"","ping_status":"","sticky":false,"template":"","format":"standard","meta":{"footnotes":""},"categories":[42],"tags":[12991,17,18,4329,45732,24645,367,13,14,421,260,11,16549,61,62,63,64,19,20,71745,61015,9,10,15,16,35960,2885,9464,1152,71744,12,21,22,65,66,67],"class_list":{"0":"post-302712","1":"post","2":"type-post","3":"status-publish","4":"format-standard","5":"has-post-thumbnail","7":"category-internacional","8":"tag-ap","9":"tag-breaking-news","10":"tag-breakingnews","11":"tag-casa-blanca","12":"tag-catolico","13":"tag-criminal","14":"tag-familia","15":"tag-featured-news","16":"tag-featurednews","17":"tag-florida","18":"tag-gente","19":"tag-headlines","20":"tag-inmigrante","21":"tag-internacional","22":"tag-international","23":"tag-international-news","24":"tag-internationalnews","25":"tag-latest-news","26":"tag-latestnews","27":"tag-maximo-aplicacion","28":"tag-navideno","29":"tag-news","30":"tag-noticias","31":"tag-noticias-destacadas","32":"tag-noticiasdestacadas","33":"tag-obispo","34":"tag-operacion","35":"tag-pregunta","36":"tag-temporada","37":"tag-thomas-wenski","38":"tag-titulares","39":"tag-ultimas-noticias","40":"tag-ultimasnoticias","41":"tag-world","42":"tag-world-news","43":"tag-worldnews"},"share_on_mastodon":{"url":"","error":"Validation failed: Text character limit of 500 exceeded"},"_links":{"self":[{"href":"https:\/\/www.europesays.com\/es\/wp-json\/wp\/v2\/posts\/302712","targetHints":{"allow":["GET"]}}],"collection":[{"href":"https:\/\/www.europesays.com\/es\/wp-json\/wp\/v2\/posts"}],"about":[{"href":"https:\/\/www.europesays.com\/es\/wp-json\/wp\/v2\/types\/post"}],"author":[{"embeddable":true,"href":"https:\/\/www.europesays.com\/es\/wp-json\/wp\/v2\/users\/2"}],"replies":[{"embeddable":true,"href":"https:\/\/www.europesays.com\/es\/wp-json\/wp\/v2\/comments?post=302712"}],"version-history":[{"count":0,"href":"https:\/\/www.europesays.com\/es\/wp-json\/wp\/v2\/posts\/302712\/revisions"}],"wp:featuredmedia":[{"embeddable":true,"href":"https:\/\/www.europesays.com\/es\/wp-json\/wp\/v2\/media\/302713"}],"wp:attachment":[{"href":"https:\/\/www.europesays.com\/es\/wp-json\/wp\/v2\/media?parent=302712"}],"wp:term":[{"taxonomy":"category","embeddable":true,"href":"https:\/\/www.europesays.com\/es\/wp-json\/wp\/v2\/categories?post=302712"},{"taxonomy":"post_tag","embeddable":true,"href":"https:\/\/www.europesays.com\/es\/wp-json\/wp\/v2\/tags?post=302712"}],"curies":[{"name":"wp","href":"https:\/\/api.w.org\/{rel}","templated":true}]}}