{"id":302714,"date":"2025-12-23T05:30:26","date_gmt":"2025-12-23T05:30:26","guid":{"rendered":"https:\/\/www.europesays.com\/es\/302714\/"},"modified":"2025-12-23T05:30:26","modified_gmt":"2025-12-23T05:30:26","slug":"milagros-tolon-la-nueva-ministra-de-educacion-visito-a-la-macarena-en-san-gil","status":"publish","type":"post","link":"https:\/\/www.europesays.com\/es\/302714\/","title":{"rendered":"Milagros Tol\u00f3n, la nueva ministra de Educaci\u00f3n, visit\u00f3 a la Macarena en San Gil"},"content":{"rendered":"<p>22\/12\/2025<br \/>\n<br \/><strong><br \/>\nActualizado a las 19:23h.<br \/>\n<\/strong><\/p>\n<p class=\"voc-p\" style=\"\"><strong>Milagros Tol\u00f3n,<\/strong> nueva ministra de Educaci\u00f3n del Gobierno de Espa\u00f1a, que tom\u00f3 el relevo de Pilar Alegr\u00eda, <strong>ha visitado a la Macarena durante su besamanos en la parroquia de San Gil<\/strong>, con motivo de la conmemoraci\u00f3n del primer centenario de este culto.<\/p>\n<blockquote class=\"twitter-tweet\" data-width=\"550\">\n<p lang=\"es\" dir=\"ltr\">La delegada del Gobierno de Espa\u00f1a en Castilla-La Mancha, Milagros Tol\u00f3n, visit\u00f3 ayer a la Virgen de la Esperanza en su Devoto Besamanos.<\/p>\n<p>Pedimos a la Sant\u00edsima Virgen que la gu\u00ede e ilumine en todas sus decisiones.<a href=\"https:\/\/twitter.com\/hashtag\/100BesamanosEsperanza?src=hash&amp;ref_src=twsrc%5Etfw\" rel=\"nofollow noopener\" target=\"_blank\">#100BesamanosEsperanza<\/a> <a href=\"https:\/\/t.co\/Tl0EgKbGFO\" rel=\"nofollow\">pic.twitter.com\/Tl0EgKbGFO<\/a><\/p>\n<p>\u2014 Hermandad de la Macarena (@Hdad_Macarena) <a href=\"https:\/\/twitter.com\/Hdad_Macarena\/status\/2001985306418143452?ref_src=twsrc%5Etfw\" rel=\"nofollow noopener\" target=\"_blank\">December 19, 2025<\/a><\/p><\/blockquote>\n<p class=\"voc-p\" style=\"\"><strong>La <\/strong> &#8230; <strong>que fuera delegada del Gobierno de Espa\u00f1a en Castilla-La Mancha hasta este lunes visit\u00f3 a la Macarena en la tarde del 19 de diciembre.<\/strong> Es licenciada en Geograf\u00eda e Historia por la Universidad Complutense de Madrid, ha sido profesora de Educaci\u00f3n de Adultos y est\u00e1 diplomada en Magisterio por la Universidad de Castilla-La Mancha.<strong> Fue diputada de las Cortes entre 2011 y 2015 y alcaldesa de Toledo,<\/strong> su ciudad natal, entre 2015 y 2023, <strong>cargo que compagin\u00f3 con el de vicepresidenta segunda de la Federaci\u00f3n Espa\u00f1ola de Municipios y Provincias<\/strong> entre 2019 y 2023. Adem\u00e1s, ha sido <strong>secretaria ejecutiva de Econom\u00eda de las Ciudades en la Comisi\u00f3n Ejecutiva Federal del PSOE<\/strong>, bajo la secretar\u00eda general de Pedro S\u00e1nchez, y presidenta del Comit\u00e9 Federal, m\u00e1ximo \u00f3rgano de direcci\u00f3n del partido entre congresos.<\/p>\n<p class=\"voc-p\" style=\"\">Hace unos a\u00f1os, visit\u00f3 a la Macarena con Juan Espadas, es rociera de la hermandad de Toledo y acompa\u00f1\u00f3 a los rocieros de la capital de Castilla La Mancha en la romer\u00eda de 2022.<\/p>\n<p>\nArt\u00edculo solo para suscriptores\n<\/p>\n<p>Reportar un error<\/p>\n<p><script async src=\"https:\/\/platform.twitter.com\/widgets.js\" charset=\"utf-8\"><\/script><\/p>\n","protected":false},"excerpt":{"rendered":"22\/12\/2025 Actualizado a las 19:23h. Milagros Tol\u00f3n, nueva ministra de Educaci\u00f3n del Gobierno de Espa\u00f1a, que tom\u00f3 el&hellip;\n","protected":false},"author":2,"featured_media":302715,"comment_status":"","ping_status":"","sticky":false,"template":"","format":"standard","meta":{"footnotes":""},"categories":[8],"tags":[17,18,2026,25,24,13,14,1510,11,19,20,60,32766,1740,9,10,15,16,795,2228,23,12,51039,21,22,20051],"class_list":{"0":"post-302714","1":"post","2":"type-post","3":"status-publish","4":"format-standard","5":"has-post-thumbnail","7":"category-espana","8":"tag-breaking-news","9":"tag-breakingnews","10":"tag-educacion","11":"tag-es","12":"tag-espana","13":"tag-featured-news","14":"tag-featurednews","15":"tag-gil","16":"tag-headlines","17":"tag-latest-news","18":"tag-latestnews","19":"tag-macarena","20":"tag-milagros","21":"tag-ministra","22":"tag-news","23":"tag-noticias","24":"tag-noticias-destacadas","25":"tag-noticiasdestacadas","26":"tag-nueva","27":"tag-san","28":"tag-spain","29":"tag-titulares","30":"tag-tolon","31":"tag-ultimas-noticias","32":"tag-ultimasnoticias","33":"tag-visito"},"share_on_mastodon":{"url":"https:\/\/pubeurope.com\/@es\/115767241937762701","error":""},"_links":{"self":[{"href":"https:\/\/www.europesays.com\/es\/wp-json\/wp\/v2\/posts\/302714","targetHints":{"allow":["GET"]}}],"collection":[{"href":"https:\/\/www.europesays.com\/es\/wp-json\/wp\/v2\/posts"}],"about":[{"href":"https:\/\/www.europesays.com\/es\/wp-json\/wp\/v2\/types\/post"}],"author":[{"embeddable":true,"href":"https:\/\/www.europesays.com\/es\/wp-json\/wp\/v2\/users\/2"}],"replies":[{"embeddable":true,"href":"https:\/\/www.europesays.com\/es\/wp-json\/wp\/v2\/comments?post=302714"}],"version-history":[{"count":0,"href":"https:\/\/www.europesays.com\/es\/wp-json\/wp\/v2\/posts\/302714\/revisions"}],"wp:featuredmedia":[{"embeddable":true,"href":"https:\/\/www.europesays.com\/es\/wp-json\/wp\/v2\/media\/302715"}],"wp:attachment":[{"href":"https:\/\/www.europesays.com\/es\/wp-json\/wp\/v2\/media?parent=302714"}],"wp:term":[{"taxonomy":"category","embeddable":true,"href":"https:\/\/www.europesays.com\/es\/wp-json\/wp\/v2\/categories?post=302714"},{"taxonomy":"post_tag","embeddable":true,"href":"https:\/\/www.europesays.com\/es\/wp-json\/wp\/v2\/tags?post=302714"}],"curies":[{"name":"wp","href":"https:\/\/api.w.org\/{rel}","templated":true}]}}