{"id":302716,"date":"2025-12-23T05:31:53","date_gmt":"2025-12-23T05:31:53","guid":{"rendered":"https:\/\/www.europesays.com\/es\/302716\/"},"modified":"2025-12-23T05:31:53","modified_gmt":"2025-12-23T05:31:53","slug":"empiezan-las-obras-para-acceder-a-la-estacion-de-metro-de-glories-desde-el-dhub-servicio-de-informacion-de-obras","status":"publish","type":"post","link":"https:\/\/www.europesays.com\/es\/302716\/","title":{"rendered":"Empiezan las obras para acceder a la estaci\u00f3n de metro de Gl\u00f2ries desde el DHub | Servicio de informaci\u00f3n de obras"},"content":{"rendered":"<p><strong>El nuevo acceso al metro funcionar\u00e1 en el horario habitual del equipamiento, todos los d\u00edas, de 9.00 a 21.00 horas, excepto los lunes, que abrir\u00e1 a partir de las 15.30 horas.<\/strong> Se ha planificado una adaptaci\u00f3n en la gesti\u00f3n de los espacios para acoger el incremento de usuarios sin comprometer la experiencia de los visitantes ni la conservaci\u00f3n del edificio. Estos cambios se implementar\u00e1n de manera paralela a las obras.<\/p>\n<p>La conexi\u00f3n de la estaci\u00f3n de metro con el DHub se har\u00e1 mediante un espacio intermedio: un vest\u00edbulo independiente que se revestir\u00e1 con los mismos materiales que el resto del proyecto e incorporar\u00e1 un tratamiento crom\u00e1tico distintivo. Tambi\u00e9n se ha previsto un nuevo itinerario de salida desde los andenes del metro, con una zona de canceladoras de TMB y un falso techo que mantiene la coherencia formal con el resto del espacio.<\/p>\n<p>El dise\u00f1o interior apuesta por una configuraci\u00f3n abierta y accesible, con un techo suspendido de formas org\u00e1nicas que integra la iluminaci\u00f3n, la se\u00f1alizaci\u00f3n, las pantallas audiovisuales y los sistemas t\u00e9cnicos. El nuevo vest\u00edbulo, junto con el nuevo bar de la estaci\u00f3n y un banco multifuncional, <strong>define un espacio concebido como antesala del museo y como punto de encuentro para la ciudadan\u00eda<\/strong>.<\/p>\n","protected":false},"excerpt":{"rendered":"El nuevo acceso al metro funcionar\u00e1 en el horario habitual del equipamiento, todos los d\u00edas, de 9.00 a&hellip;\n","protected":false},"author":2,"featured_media":299638,"comment_status":"","ping_status":"","sticky":false,"template":"","format":"standard","meta":{"footnotes":""},"categories":[5],"tags":[17,18,25,24,13,14,11,19,20,9,10,15,16,23,12,21,22],"class_list":{"0":"post-302716","1":"post","2":"type-post","3":"status-publish","4":"format-standard","5":"has-post-thumbnail","7":"category-titulares","8":"tag-breaking-news","9":"tag-breakingnews","10":"tag-es","11":"tag-espana","12":"tag-featured-news","13":"tag-featurednews","14":"tag-headlines","15":"tag-latest-news","16":"tag-latestnews","17":"tag-news","18":"tag-noticias","19":"tag-noticias-destacadas","20":"tag-noticiasdestacadas","21":"tag-spain","22":"tag-titulares","23":"tag-ultimas-noticias","24":"tag-ultimasnoticias"},"share_on_mastodon":{"url":"https:\/\/pubeurope.com\/@es\/115767249696928348","error":""},"_links":{"self":[{"href":"https:\/\/www.europesays.com\/es\/wp-json\/wp\/v2\/posts\/302716","targetHints":{"allow":["GET"]}}],"collection":[{"href":"https:\/\/www.europesays.com\/es\/wp-json\/wp\/v2\/posts"}],"about":[{"href":"https:\/\/www.europesays.com\/es\/wp-json\/wp\/v2\/types\/post"}],"author":[{"embeddable":true,"href":"https:\/\/www.europesays.com\/es\/wp-json\/wp\/v2\/users\/2"}],"replies":[{"embeddable":true,"href":"https:\/\/www.europesays.com\/es\/wp-json\/wp\/v2\/comments?post=302716"}],"version-history":[{"count":0,"href":"https:\/\/www.europesays.com\/es\/wp-json\/wp\/v2\/posts\/302716\/revisions"}],"wp:featuredmedia":[{"embeddable":true,"href":"https:\/\/www.europesays.com\/es\/wp-json\/wp\/v2\/media\/299638"}],"wp:attachment":[{"href":"https:\/\/www.europesays.com\/es\/wp-json\/wp\/v2\/media?parent=302716"}],"wp:term":[{"taxonomy":"category","embeddable":true,"href":"https:\/\/www.europesays.com\/es\/wp-json\/wp\/v2\/categories?post=302716"},{"taxonomy":"post_tag","embeddable":true,"href":"https:\/\/www.europesays.com\/es\/wp-json\/wp\/v2\/tags?post=302716"}],"curies":[{"name":"wp","href":"https:\/\/api.w.org\/{rel}","templated":true}]}}