{"id":302721,"date":"2025-12-23T05:40:14","date_gmt":"2025-12-23T05:40:14","guid":{"rendered":"https:\/\/www.europesays.com\/es\/302721\/"},"modified":"2025-12-23T05:40:14","modified_gmt":"2025-12-23T05:40:14","slug":"encima-tiene-que-dar-gracias-la-entrada-de-marcao-a-rodrygo-es-de-roja-podria-haber-sido-criminal","status":"publish","type":"post","link":"https:\/\/www.europesays.com\/es\/302721\/","title":{"rendered":"Encima tiene que dar gracias: \u00abLa entrada de Marcao a Rodrygo es de roja; podr\u00eda haber sido criminal\u00bb"},"content":{"rendered":"<p>Nadie discute que el central mereci\u00f3 las dos amarillas y que Juanlu regala un penalti, aunque se reclama otro sobre \u00e9l y la expulsi\u00f3n del &#8216;doble&#8217; asistente merengue, aparte de denunciar la ida de olla al final de Mu\u00f1iz Ruiz<\/p>\n<p class=\"parrafo\">El pr\u00f3ximo <strong>mi\u00e9rcoles 24 de diciembre<\/strong>, aunque puede que se adelante esta vez por ser <strong>Nochebuena<\/strong>, se espera el fallo del <strong>Comit\u00e9 de Disciplina<\/strong> de la <strong>RFEF<\/strong> acerca de las sanciones de la <strong>jornada 17\u00aa de LaLiga<\/strong>, que acaba este lunes con el <strong>Athletic Club-RCD Espanyol<\/strong>. Especial atenci\u00f3n prestar\u00e1 el <strong>Sevilla FC <\/strong>al dictamen del sustituto del <strong>Comit\u00e9 de Competici\u00f3n<\/strong> para conocer el castigo a su jugador <strong>Marcao Teixeira<\/strong>, expulsado por doble amarilla el s\u00e1bado contra el <strong>Real Madrid<\/strong>, lo que ya de por s\u00ed le iba a impedir estar a la vuelta del par\u00f3n navide\u00f1o contra el <strong>Levante UD<\/strong>, aunque expuesto a un pu\u00f1ado de encuentros m\u00e1s, <strong>entre cuatro y doce<\/strong>, dependiendo del art\u00edculo y el apartado que apliquen por su desconsideraci\u00f3n a <strong>Mu\u00f1iz Ruiz<\/strong>, que reflej\u00f3 en el acta que se le encar\u00f3 (lo que se pudo ver por TV y es imposible de negar) y que le insult\u00f3 (dici\u00e9ndole &#8216;<strong>filho de puta madre<\/strong>&#8216;, que seguramente entendi\u00f3 mejor por la cercan\u00eda del gallego y el portugu\u00e9s) mientras se retiraba a los vestuarios.<\/p>\n<p><img decoding=\"async\" src=\"https:\/\/www.europesays.com\/es\/wp-content\/uploads\/2025\/12\/67ed9451-52a2-4592-b0e2-5f9a7b40f557_800x533.jpeg\" loading=\"lazy\"\/><\/p>\n<p class=\"parrafo\">Una acci\u00f3n de las dos meridianas e incuestionables, junto al clar\u00edsimo penalti de <strong>Juanlu S\u00e1nchez<\/strong> a <strong>Rodrygo Goes<\/strong> que supuso el 2-0 definitivo de <strong>Kylian Mbapp\u00e9<\/strong>, aunque hubo otras decisiones del \u00e1rbitro principal que demuestran su impericia y cierta <strong>parcialidad<\/strong>. Sac\u00f3 de quicio a los que quedaban sobre el terreno de juego (<strong>Lucien Agoum\u00e9<\/strong>, que <a href=\"https:\/\/www.estadiodeportivo.com\/futbol\/sevilla-fc\/agoume-muerde-lengua-alexis-dice-una-verdad-solo-aqui-20251220-524353.html\" target=\"_blank\" class=\"intext-link\" rel=\"nofollow noopener\">prefiri\u00f3 morderse la lengua ante los medios<\/a>, vio una amarilla por protestar una falta inexistente de <strong>Djibril Sow<\/strong> a <strong>Jude Bellingham<\/strong>), <a href=\"https:\/\/www.estadiodeportivo.com\/futbol\/sevilla-fc\/rajada-almeyda-por-expulsion-soy-ningun-payaso-circo-ellos-tienen-microfonos-pidan-los-audios-20251220-524356.html\" target=\"_blank\" class=\"intext-link\" rel=\"nofollow noopener\">al tambi\u00e9n expulsado Mat\u00edas Almeyda<\/a><strong> <\/strong>y al sevillismo de base, que <a href=\"https:\/\/www.estadiodeportivo.com\/futbol\/sevilla-fc\/accionistas-unidos-culpa-directiva-del-sevilla-tropelia-arbitral-contra-real-madrid-quien-protege-club-20251221-524389.html\" target=\"_blank\" class=\"intext-link\" rel=\"nofollow noopener\">se\u00f1ala a la directiva por no levantar la voz contra los agravios arbitrales<\/a>. Por ejemplo, <strong>Rodrygo<\/strong> tuvo que irse tambi\u00e9n a la casera en el primer tiempo por una fea entrada por detr\u00e1s a <strong>Marcao<\/strong> cuando ya ten\u00eda una amonestaci\u00f3n por fingir una pena m\u00e1xima, mientras que el quinte\u00f1o fue objeto de una ante <strong>Fran Garc\u00eda<\/strong> previa a su error. De que <strong>Iglesias Villanueva<\/strong> le ayudara en el penalti inventado de <strong>Oso<\/strong> y la falta fuera de <strong>Sow<\/strong>, mejor no hablar.<\/p>\n<p><a class=\"elementos-rel-t2\" href=\"https:\/\/www.estadiodeportivo.com\/futbol\/sevilla-fc\/acta-muniz-ruiz-que-puede-costar-marcao-varios-partidos-sancion-20251220-524361.html\" title=\"El acta de Mu\u00f1iz Ruiz que puede costar a Marcao varios partidos de sanci\u00f3n\" rel=\"nofollow noopener\" target=\"_blank\"><\/p>\n<p class=\"titular titulo-4\">El acta de Mu\u00f1iz Ruiz que puede costar a Marcao varios partidos de sanci\u00f3n<\/p>\n<p><img decoding=\"async\" src=\"https:\/\/www.europesays.com\/es\/wp-content\/uploads\/2025\/12\/b8e8c9a0-1c60-476f-8608-4d9bee8344c8_320x180.jpeg\" alt=\"El acta de Mu\u00f1iz Ruiz que puede costar a Marcao varios partidos de sanci\u00f3n\"\/><\/a><a class=\"elementos-rel-t2\" href=\"https:\/\/www.estadiodeportivo.com\/futbol\/sevilla-fc\/los-expertos-coinciden-que-muniz-ruiz-perjudico-sevilla-contra-real-madrid-desastre-20251221-524363.html\" title=\"Los expertos coinciden en que Mu\u00f1iz Ruiz perjudic\u00f3 al Sevilla contra el Real Madrid: &quot;Un desastre&quot;\" rel=\"nofollow noopener\" target=\"_blank\"><\/p>\n<p class=\"titular titulo-4\">Los expertos coinciden en que Mu\u00f1iz Ruiz perjudic\u00f3 al Sevilla contra el Real Madrid: \u00abUn desastre\u00bb<\/p>\n<p><img decoding=\"async\" src=\"https:\/\/www.europesays.com\/es\/wp-content\/uploads\/2025\/12\/779b52c0-428f-41bb-b344-6cd99e925acd_320x180.jpeg\" alt=\"Los expertos coinciden en que Mu\u00f1iz Ruiz perjudic\u00f3 al Sevilla contra el Real Madrid: &quot;Un desastre&quot;\"\/><\/a><a class=\"elementos-rel-t2\" href=\"https:\/\/www.estadiodeportivo.com\/futbol\/sevilla-fc\/polemica-bernabeu-muniz-ruiz-ponen-facil-pero-plumero-20251220-524357.html\" title=\"La pol\u00e9mica en el Bernab\u00e9u: a Mu\u00f1iz Ruiz se lo ponen f\u00e1cil, pero se le ve el plumero\" rel=\"nofollow noopener\" target=\"_blank\"><\/p>\n<p class=\"titular titulo-4\">La pol\u00e9mica en el Bernab\u00e9u: a Mu\u00f1iz Ruiz se lo ponen f\u00e1cil, pero se le ve el plumero<\/p>\n<p><img decoding=\"async\" src=\"https:\/\/www.europesays.com\/es\/wp-content\/uploads\/2025\/12\/8c7d2add-9815-4d9a-8225-1babac29915c_320x180.png\" alt=\"La pol\u00e9mica en el Bernab\u00e9u: a Mu\u00f1iz Ruiz se lo ponen f\u00e1cil, pero se le ve el plumero\"\/><\/a>Mateu Lahoz: \u00abVamos a preservar la integridad f\u00edsica de los jugadores\u00bb<\/p>\n<p class=\"parrafo\">\u00ab<strong>Vamos a preservar la integridad f\u00edsica de los jugadores<\/strong>. En esta jugada, <strong>Rodrygo<\/strong> ve venir a <strong>Marcao<\/strong> afortunadamente y no acaba en lesi\u00f3n, pero <strong>esta jugada es de roja<\/strong>. Muchas veces analizan <strong>tacos<\/strong>, <strong>altura<\/strong>&#8230; Esta jugada, si os fij\u00e1is con la <strong>fuerza<\/strong> que va, la pierna totalmente <strong>estirada<\/strong>&#8230; Podr\u00eda haber sido <strong>criminal<\/strong>, inclusive para un delantero que, en este caso, la ve venir y, al evitarlo, afortunadamente, no hay lesi\u00f3n; pero son jugadas que, por su propia naturaleza, ponen en juego la integridad f\u00edsica. Ya les pas\u00f3 el a\u00f1o pasado a este \u00e1rbitro y al de <strong>VAR<\/strong> con <strong>Carlos Romero<\/strong> (\u00e9l dice <strong>Gerard Romero<\/strong>, que es un periodista y creador de contenido cul\u00e9) y <strong>Mbapp\u00e9<\/strong>\u00ab, expon\u00eda este lunes en &#8216;El D\u00eda Despu\u00e9s&#8217; de Movistar Plus el ex \u00e1rbitro internacional <strong>Mateu Lahoz<\/strong>, que, curiosamente, no es tan radical con el pisot\u00f3n por detr\u00e1s en el alargue al rev\u00e9s entre ambos brasile\u00f1os, que se qued\u00f3 sin sancionar porque era la segunda del de <strong>Osasco<\/strong>: \u00abAqu\u00ed es amarilla. Lo mismo. Aqu\u00ed, <strong>Marcao<\/strong> no le ve venir, aunque no hay fuerza excesiva, por lo que no es de roja. S\u00ed es amarilla, que habr\u00eda sido la segunda, porque vio una por simular, seg\u00fan el \u00e1rbitro, un posible penal\u00bb.<\/p>\n","protected":false},"excerpt":{"rendered":"Nadie discute que el central mereci\u00f3 las dos amarillas y que Juanlu regala un penalti, aunque se reclama&hellip;\n","protected":false},"author":2,"featured_media":302722,"comment_status":"","ping_status":"","sticky":false,"template":"","format":"standard","meta":{"footnotes":""},"categories":[268],"tags":[168,25,24,284,280,282,1172,27669,3048,19677,2993,281,23,167],"class_list":{"0":"post-302721","1":"post","2":"type-post","3":"status-publish","4":"format-standard","5":"has-post-thumbnail","7":"category-futbol","8":"tag-deportes","9":"tag-es","10":"tag-espana","11":"tag-estadio-deportivo","12":"tag-football","13":"tag-futbol","14":"tag-marcao","15":"tag-mateu-lahoz","16":"tag-real-madrid","17":"tag-rodrygo","18":"tag-sevilla-futbol-club","19":"tag-soccer","20":"tag-spain","21":"tag-sports"},"share_on_mastodon":{"url":"https:\/\/pubeurope.com\/@es\/115767281991183635","error":""},"_links":{"self":[{"href":"https:\/\/www.europesays.com\/es\/wp-json\/wp\/v2\/posts\/302721","targetHints":{"allow":["GET"]}}],"collection":[{"href":"https:\/\/www.europesays.com\/es\/wp-json\/wp\/v2\/posts"}],"about":[{"href":"https:\/\/www.europesays.com\/es\/wp-json\/wp\/v2\/types\/post"}],"author":[{"embeddable":true,"href":"https:\/\/www.europesays.com\/es\/wp-json\/wp\/v2\/users\/2"}],"replies":[{"embeddable":true,"href":"https:\/\/www.europesays.com\/es\/wp-json\/wp\/v2\/comments?post=302721"}],"version-history":[{"count":0,"href":"https:\/\/www.europesays.com\/es\/wp-json\/wp\/v2\/posts\/302721\/revisions"}],"wp:featuredmedia":[{"embeddable":true,"href":"https:\/\/www.europesays.com\/es\/wp-json\/wp\/v2\/media\/302722"}],"wp:attachment":[{"href":"https:\/\/www.europesays.com\/es\/wp-json\/wp\/v2\/media?parent=302721"}],"wp:term":[{"taxonomy":"category","embeddable":true,"href":"https:\/\/www.europesays.com\/es\/wp-json\/wp\/v2\/categories?post=302721"},{"taxonomy":"post_tag","embeddable":true,"href":"https:\/\/www.europesays.com\/es\/wp-json\/wp\/v2\/tags?post=302721"}],"curies":[{"name":"wp","href":"https:\/\/api.w.org\/{rel}","templated":true}]}}