{"id":30273,"date":"2025-08-06T21:49:07","date_gmt":"2025-08-06T21:49:07","guid":{"rendered":"https:\/\/www.europesays.com\/es\/30273\/"},"modified":"2025-08-06T21:49:07","modified_gmt":"2025-08-06T21:49:07","slug":"donald-trump-planea-una-reunion-con-vladimir-putin-la-proxima-semana-internacional","status":"publish","type":"post","link":"https:\/\/www.europesays.com\/es\/30273\/","title":{"rendered":"Donald Trump planea una reuni\u00f3n con Vlad\u00edmir Putin la pr\u00f3xima semana | Internacional"},"content":{"rendered":"<p class=\"\">El presidente de Estados Unidos, <a href=\"https:\/\/elpais.com\/internacional\/2025-08-06\/el-enviado-de-trump-se-reune-con-putin-dos-dias-antes-de-la-fecha-limite-para-las-sanciones-a-rusia.html\" target=\"_self\" rel=\"nofollow noopener\" title=\"https:\/\/elpais.com\/internacional\/2025-08-06\/el-enviado-de-trump-se-reune-con-putin-dos-dias-antes-de-la-fecha-limite-para-las-sanciones-a-rusia.html\">Donald Trump<\/a>, podr\u00eda verse la semana pr\u00f3xima cara a cara con su hom\u00f3logo ruso, <a href=\"https:\/\/elpais.com\/internacional\/2025-08-06\/el-enviado-de-trump-se-reune-con-putin-dos-dias-antes-de-la-fecha-limite-para-las-sanciones-a-rusia.html\" target=\"_self\" rel=\"nofollow noopener\" title=\"https:\/\/elpais.com\/internacional\/2025-08-06\/el-enviado-de-trump-se-reune-con-putin-dos-dias-antes-de-la-fecha-limite-para-las-sanciones-a-rusia.html\">Vladimir Putin<\/a>, seg\u00fan han adelantado altos cargos de la Casa Blanca, que indican que la propuesta ha partido del inquilino del Kremlin. Esa reuni\u00f3n bilateral preceder\u00eda a otra a tres bandas entre Trump, Putin y el presidente ucranio, Volod\u00edmir Zelenski. En declaraciones desde el Despacho Oval, el republicano ha indicado que \u201chay muy buenas perspectivas de que se celebre\u201d esa reuni\u00f3n, que podr\u00eda \u201cser el final del camino\u201d para llegar a la paz.<\/p>\n<p class=\"\">En una declaraci\u00f3n, la portavoz de Trump, Karoline Leavitt, indic\u00f3 que Trump est\u00e1 \u201cabierto\u201d a reunirse con Putin y el presidente ucranio, <a href=\"https:\/\/elpais.com\/internacional\/2025-07-04\/zelenski-asegura-que-trump-trabajara-para-reforzar-la-defensa-antiaerea-de-ucrania.html\" target=\"_self\" rel=\"nofollow noopener\" title=\"https:\/\/elpais.com\/internacional\/2025-07-04\/zelenski-asegura-que-trump-trabajara-para-reforzar-la-defensa-antiaerea-de-ucrania.html\">Volod\u00edmir Zelenski<\/a>. \u201cLos rusos expresaron su deseo de reunirse con el presidente Trump, y el presidente est\u00e1 abierto a reunirse tanto con el presidente Putin como con el presidente Zelenski\u201d, ha se\u00f1alado Leavitt. <\/p>\n<p class=\"\">En comentarios paralelos, el secretario de Estado, Marco Rubio, ha puntualizado que el encuentro solo tendr\u00eda lugar si se producen los progresos suficientes en los pr\u00f3ximos d\u00edas. \u201cVa a depender de los avances que se produzcan\u201d, ha indicado en una entrevista emitida en la cadena Fox Business. Este viernes expira el ultim\u00e1tum que Trump ha dado a Putin para que acepte un alto el fuego en Ucrania o reciba nuevas sanciones econ\u00f3micas y aranceles, que se extender\u00edan tambi\u00e9n a los socios comerciales de Mosc\u00fa.<\/p>\n<p class=\"\">La posible reuni\u00f3n, adelantada por el peri\u00f3dico The New York Times, llega apenas horas despu\u00e9s de que el enviado especial de Trump para Rusia y Oriente Pr\u00f3ximo, <a href=\"https:\/\/elpais.com\/internacional\/2025-07-31\/el-enviado-de-trump-aborda-en-israel-la-crisis-humanitaria-en-gaza-y-el-estancamiento-de-las-negociaciones-de-paz.html\" target=\"_self\" rel=\"nofollow noopener\" title=\"https:\/\/elpais.com\/internacional\/2025-07-31\/el-enviado-de-trump-aborda-en-israel-la-crisis-humanitaria-en-gaza-y-el-estancamiento-de-las-negociaciones-de-paz.html\">Steve Witkoff<\/a>, se reuniera con Putin durante tres horas en el Kremlin para tratar de convencerle de que acepte el alto el fuego. Tras la conclusi\u00f3n de esa charla, Witkoff transmiti\u00f3 al presidente estadounidense el inter\u00e9s de Rusia en una cumbre de los dos l\u00edderes, seg\u00fan el alto cargo. <\/p>\n<p class=\"\">Tras las conversaciones en Mosc\u00fa, \u201cpor primera vez quiz\u00e1s desde el comienzo de esta Administraci\u00f3n tenemos ejemplos concretos de lo que Rusia quiere para terminar esta guerra\u201d, ha indicado Rubio en su entrevista. <\/p>\n<p class=\"\">Tras los contactos en Mosc\u00fa, el presidente estadounidense mantuvo una conversaci\u00f3n con varios l\u00edderes europeos para ponerles al tanto de los resultados, y all\u00ed revel\u00f3 a los mandatarios su intenci\u00f3n de conversar en persona con el ruso. Seg\u00fan The New York Times, si el encuentro con Putin diera resultados, la intenci\u00f3n de Trump es mantener otra reuni\u00f3n, esta tripartita, con Putin y Zelenski. Uno de los participantes de la llamada fue el secretario general de la OTAN, Mark Rutte, seg\u00fan ha podido confirmar EL PA\u00cdS, <b>informa Manuel V. G\u00f3mez<\/b>. El Times precisa que hasta ahora no est\u00e1 claro que ninguno de los dos haya aceptado la idea del estadounidense. <\/p>\n<p class=\"\">En un primer anticipo de las medidas de castigo con las que amenaza a Rusia, la Casa Blanca anunci\u00f3 este mi\u00e9rcoles que doblar\u00e1 <a href=\"https:\/\/elpais.com\/internacional\/2025-08-06\/ee-uu-dobla-los-aranceles-a-india-por-comprar-petroleo-ruso.html\" target=\"_self\" rel=\"nofollow noopener\" title=\"https:\/\/elpais.com\/internacional\/2025-08-06\/ee-uu-dobla-los-aranceles-a-india-por-comprar-petroleo-ruso.html\">los aranceles a India<\/a>, del 25% actual al 50%. Nueva Delhi es el segundo mayor comprador del mundo de crudo ruso, solo por detr\u00e1s de China.<\/p>\n<p class=\"\">Las amenazas de sanciones culminan un giro dr\u00e1stico en la posici\u00f3n de Trump sobre la guerra en Ucrania. El republicano ha pasado de elogiar profusamente a su hom\u00f3logo ruso \u2014al que en su d\u00eda calific\u00f3 de \u201cgenio\u201d\u2014 y de dar aparentemente por buenos sus argumentos para la guerra a plantearse que Putin no tiene inter\u00e9s alguno en poner fin al conflicto. <\/p>\n","protected":false},"excerpt":{"rendered":"El presidente de Estados Unidos, Donald Trump, podr\u00eda verse la semana pr\u00f3xima cara a cara con su hom\u00f3logo&hellip;\n","protected":false},"author":2,"featured_media":30274,"comment_status":"","ping_status":"","sticky":false,"template":"","format":"standard","meta":{"footnotes":""},"categories":[42],"tags":[8738,17,18,70,71,72,700,13,14,69,7082,11,61,62,63,64,19,20,9,10,15,16,1613,1614,12,7081,21,22,1617,65,66,67],"class_list":{"0":"post-30273","1":"post","2":"type-post","3":"status-publish","4":"format-standard","5":"has-post-thumbnail","7":"category-internacional","8":"tag-ataques-militares","9":"tag-breaking-news","10":"tag-breakingnews","11":"tag-conflictos","12":"tag-conflictos-armados","13":"tag-conflictos-internacionales","14":"tag-europa","15":"tag-featured-news","16":"tag-featurednews","17":"tag-guerra","18":"tag-guerra-de-rusia-en-ucrania","19":"tag-headlines","20":"tag-internacional","21":"tag-international","22":"tag-international-news","23":"tag-internationalnews","24":"tag-latest-news","25":"tag-latestnews","26":"tag-news","27":"tag-noticias","28":"tag-noticias-destacadas","29":"tag-noticiasdestacadas","30":"tag-otan","31":"tag-rusia","32":"tag-titulares","33":"tag-ucrania","34":"tag-ultimas-noticias","35":"tag-ultimasnoticias","36":"tag-union-europea","37":"tag-world","38":"tag-world-news","39":"tag-worldnews"},"share_on_mastodon":{"url":"","error":""},"_links":{"self":[{"href":"https:\/\/www.europesays.com\/es\/wp-json\/wp\/v2\/posts\/30273","targetHints":{"allow":["GET"]}}],"collection":[{"href":"https:\/\/www.europesays.com\/es\/wp-json\/wp\/v2\/posts"}],"about":[{"href":"https:\/\/www.europesays.com\/es\/wp-json\/wp\/v2\/types\/post"}],"author":[{"embeddable":true,"href":"https:\/\/www.europesays.com\/es\/wp-json\/wp\/v2\/users\/2"}],"replies":[{"embeddable":true,"href":"https:\/\/www.europesays.com\/es\/wp-json\/wp\/v2\/comments?post=30273"}],"version-history":[{"count":0,"href":"https:\/\/www.europesays.com\/es\/wp-json\/wp\/v2\/posts\/30273\/revisions"}],"wp:featuredmedia":[{"embeddable":true,"href":"https:\/\/www.europesays.com\/es\/wp-json\/wp\/v2\/media\/30274"}],"wp:attachment":[{"href":"https:\/\/www.europesays.com\/es\/wp-json\/wp\/v2\/media?parent=30273"}],"wp:term":[{"taxonomy":"category","embeddable":true,"href":"https:\/\/www.europesays.com\/es\/wp-json\/wp\/v2\/categories?post=30273"},{"taxonomy":"post_tag","embeddable":true,"href":"https:\/\/www.europesays.com\/es\/wp-json\/wp\/v2\/tags?post=30273"}],"curies":[{"name":"wp","href":"https:\/\/api.w.org\/{rel}","templated":true}]}}