{"id":302731,"date":"2025-12-23T05:47:12","date_gmt":"2025-12-23T05:47:12","guid":{"rendered":"https:\/\/www.europesays.com\/es\/302731\/"},"modified":"2025-12-23T05:47:12","modified_gmt":"2025-12-23T05:47:12","slug":"el-espanyol-toma-san-mames-y-suma-su-quinta-victoria-consecutiva-futbol-deportes","status":"publish","type":"post","link":"https:\/\/www.europesays.com\/es\/302731\/","title":{"rendered":"El Espanyol toma San Mam\u00e9s y suma su quinta victoria consecutiva | F\u00fatbol | Deportes"},"content":{"rendered":"<p class=\"\">Manolo Gonz\u00e1lez no quiere saber nada cuando en las ruedas de prensa se le pregunta por la posibilidad de que el <a href=\"https:\/\/elpais.com\/deportes\/futbol\/2025-10-14\/el-salto-de-calidad-blanquiazul.html\" target=\"_self\" rel=\"nofollow noopener\" title=\"https:\/\/elpais.com\/deportes\/futbol\/2025-10-14\/el-salto-de-calidad-blanquiazul.html\">Espanyol <\/a>luche por jugar en competiciones europeas la pr\u00f3xima temporada. El entrenador del conjunto perico sabe de qu\u00e9 va esto y conoce a la perfecci\u00f3n el sufrimiento de una entidad con continuos descensos y ascensos de categor\u00eda en su historia reciente. Por ello, a pesar de ocupar el <a href=\"https:\/\/elpais.com\/deportes\/futbol\/2025-10-14\/alan-pace-presidente-del-espanyol-el-exito-sera-normalizar-que-estemos-entre-los-seis-mejores-de-espana.html\" target=\"_self\" rel=\"nofollow noopener\" title=\"https:\/\/elpais.com\/deportes\/futbol\/2025-10-14\/alan-pace-presidente-del-espanyol-el-exito-sera-normalizar-que-estemos-entre-los-seis-mejores-de-espana.html\">quinto puesto<\/a> con 33 puntos, no va a permitir que se hable de otra cosa que no sea la salvaci\u00f3n. Eso s\u00ed, sus jugadores, con actuaciones como la de este lunes, siguen empe\u00f1ados en darle motivos para empezar a cambiar de discurso. <\/p>\n<p>                                                                                                                                                                                                                                                                                <img decoding=\"async\" title=\"Athletic\" loading=\"lazy\" src=\"https:\/\/www.europesays.com\/es\/wp-content\/uploads\/2025\/12\/1766468831_563_5.png\"  width=\"80\" height=\"80\" data-error-image=\"https:\/\/static.prisa.com\/aside\/resizer\/resize\/img\/sports\/football\/teams\/default.png?width=160&amp;height=160\"\/><\/p>\n<p>\n            1<\/p>\n<p>                                                                                                                                                                                                                                                                                                                                                                                                                                                                                                                                                                                                                                                                                                                                                                                                                                                                                                                                                                                                                                                                                                                                                                                                                                                                                                                                                                                                                                                                                                                                                                                                                                                                                                                                                                                                                                                                                                                                                                                                                                                                                                                                                                                                                                                                                                                                                                                                                                                                                                                                                                                                                                                                                                                                                                                                                                                                                                                                                                                                                                                                                                                                                                                                                                                    Unai Sim\u00f3n, Adama Boiro (Unai G\u00f3mez, min. 75), Andoni Gorosabel (Jes\u00fas Areso, min. 75), Aitor Paredes, \u00cd\u00f1igo Lekue, Mikel Jauregizar, Oihan Sancet, \u00cd\u00f1igo Ru\u00edz de Galarreta (Alejandro Rego, min. 56), Alex Berenguer, Nico Williams (Gorka Guruzeta, min. 56) y I\u00f1aki Williams (Robert Navarro, min. 78)<\/p>\n<p>\n            2<\/p>\n<p>                                                                                                                                                                                                                                                                                <img decoding=\"async\" title=\"Espanyol\" loading=\"lazy\" src=\"https:\/\/www.europesays.com\/es\/wp-content\/uploads\/2025\/12\/1766468832_181_8.png\"  width=\"80\" height=\"80\" data-error-image=\"https:\/\/static.prisa.com\/aside\/resizer\/resize\/img\/sports\/football\/teams\/default.png?width=160&amp;height=160\"\/><\/p>\n<p>                                                                                                                                                                                                                                                                                                                                                                                                                                                                                                                                                                                                                                                                                                                                                                                                                                                                                                                                                                                                                                                                                                                                                                                                                                                                                                                                                                                                                                                                                                                                                                                                                                                                                                                                                                                                                                                                                                                                                                                                                                                                                                                                                                                                                                                                                                                                                                                                                                                                                                                                                                                                                                                                                                                                                                                                                                                                                                                                                                                                                                                                                                                                                                                                                                                    Marko Dmitrovic, Leandro Cabrera, Fernando Calero, Omar El Hilali, Carlos Romero (Clemens Riedel, min. 83), Tyrhys Dolan (Jos\u00e9 Salinas, min. 82), Pol Lozano (Kike Garc\u00eda, min. 71), Pere Milla (Jofre Carreras, min. 56), Edu Exp\u00f3sito (Rub\u00e9n S\u00e1nchez, min. 83), Urko Gonz\u00e1lez de Z\u00e1rate y Roberto Fern\u00e1ndez<\/p>\n<p>\n            <b>Goles<\/b><br \/>\n                                                                                                        1-0 min. 37: Berenguer.                                                                                 1-1 min. 43: Carlos Romero.                                                                                 1-2 min. 51: Pere Milla                    <\/p>\n<p>\n            <b>Arbitro<\/b> Mateo Busquets Ferrer<\/p>\n<p>Tarjetas amarillas<br \/>\n                                            Ruiz de Galarreta (min. 27),                                             Nico Williams (min. 32),                                             Gorosabel (min. 45),                                             Urko Gonzalez (min. 76),                                             Alejandro Rego (min. 79),                                             Clemens Riedel (min. 85),                                             Lekue (min. 94)\n                <\/p>\n<p class=\"\">La conseguida en Bilbao es una de esas victorias que, adem\u00e1s de los tres puntos, dan prestigio porque en San Mam\u00e9s muy pocos equipos lo hacen. De hecho, el PSG de Luis Enrique, vigente campe\u00f3n de la Champions, no pudo pasar del empate a cero. El Athletic Club lleg\u00f3, una vez m\u00e1s, plagado de bajas, sobre todo en defensa, donde Ernesto Valverde no pudo echar mano de puntales como Yuri Berchiche, Aymeric Laporte y Dani Vivi\u00e1n. El Txingurri tuvo que tirar de ingenio para conformar una zaga de garant\u00edas y hacer frente a una de las sensaciones de esta Liga como es el Espanyol de Manolo Gonz\u00e1lez. Por si fuera poco el lastre de las ausencias, el conjunto rojiblanco se top\u00f3 con otro muro como es Marko Dmitrovic, el portero que lleg\u00f3 este verano a Cornell\u00e0-El Prat con la misi\u00f3n m\u00e1s complicada de todas: suplir al mejor guardameta de la \u00faltima temporada, <a href=\"https:\/\/elpais.com\/deportes\/futbol\/2025-06-13\/el-barcelona-paga-la-clausula-de-25-millones-por-joan-garcia-que-sera-azulgrana-hasta-2031.html\" target=\"_self\" rel=\"nofollow noopener\" title=\"https:\/\/elpais.com\/deportes\/futbol\/2025-06-13\/el-barcelona-paga-la-clausula-de-25-millones-por-joan-garcia-que-sera-azulgrana-hasta-2031.html\">Joan Garc\u00eda<\/a>. <\/p>\n<p class=\"\">Y los n\u00fameros dicen que el serbio fue un acierto. Siete porter\u00edas a cero, segundo portero que menos encaja de la Liga y seguridad infinita bajo palos. En San Mam\u00e9s, solo Alex Berenguer pudo batirle y lo suyo fue un acto de fe para no perder de vista un bal\u00f3n que se qued\u00f3 suelto en el \u00e1rea. Otros, como Andoni Gorosabel o el propio atacante navarro del Athletic, antes de saborear el gol se quedaron con las ganas gracias a dos paradones antol\u00f3gicos del serbio. <\/p>\n<p class=\"\">Pero el Espanyol es mucho m\u00e1s que un gran portero. De hecho, el conjunto perico est\u00e1 firmando una media de puntos que le llevar\u00eda al final de temporada a clasificarse para una competici\u00f3n europea. Pese a que el objetivo de la temporada es la salvaci\u00f3n, el gran inicio de campeonato ha despertado la ilusi\u00f3n en la afici\u00f3n perica, que vibra con el rendimiento de un equipo que ha dejado de ser una sorpresa. Tampoco el hecho de ponerse por debajo en el marcador hizo que el equipo perico bajara los brazos. Todo lo contrario. Remont\u00f3 con un golazo de Carlos Romero y con otro de Pere Milla. Este Espanyol va muy en serio. <\/p>\n","protected":false},"excerpt":{"rendered":"Manolo Gonz\u00e1lez no quiere saber nada cuando en las ruedas de prensa se le pregunta por la posibilidad&hellip;\n","protected":false},"author":2,"featured_media":302732,"comment_status":"","ping_status":"","sticky":false,"template":"","format":"standard","meta":{"footnotes":""},"categories":[93],"tags":[2182,1540,168,1539,22720,25,24,282,1538,1210,56659,1945,11783,23,167],"class_list":{"0":"post-302731","1":"post","2":"type-post","3":"status-publish","4":"format-standard","5":"has-post-thumbnail","7":"category-deportes","8":"tag-athletic","9":"tag-competiciones","10":"tag-deportes","11":"tag-entrenadores","12":"tag-ernesto-valverde","13":"tag-es","14":"tag-espana","15":"tag-futbol","16":"tag-futbolistas","17":"tag-laliga-ea-sports","18":"tag-manolo-garcia","19":"tag-primera-division","20":"tag-rcd-espanyol","21":"tag-spain","22":"tag-sports"},"share_on_mastodon":{"url":"https:\/\/pubeurope.com\/@es\/115767308806618149","error":""},"_links":{"self":[{"href":"https:\/\/www.europesays.com\/es\/wp-json\/wp\/v2\/posts\/302731","targetHints":{"allow":["GET"]}}],"collection":[{"href":"https:\/\/www.europesays.com\/es\/wp-json\/wp\/v2\/posts"}],"about":[{"href":"https:\/\/www.europesays.com\/es\/wp-json\/wp\/v2\/types\/post"}],"author":[{"embeddable":true,"href":"https:\/\/www.europesays.com\/es\/wp-json\/wp\/v2\/users\/2"}],"replies":[{"embeddable":true,"href":"https:\/\/www.europesays.com\/es\/wp-json\/wp\/v2\/comments?post=302731"}],"version-history":[{"count":0,"href":"https:\/\/www.europesays.com\/es\/wp-json\/wp\/v2\/posts\/302731\/revisions"}],"wp:featuredmedia":[{"embeddable":true,"href":"https:\/\/www.europesays.com\/es\/wp-json\/wp\/v2\/media\/302732"}],"wp:attachment":[{"href":"https:\/\/www.europesays.com\/es\/wp-json\/wp\/v2\/media?parent=302731"}],"wp:term":[{"taxonomy":"category","embeddable":true,"href":"https:\/\/www.europesays.com\/es\/wp-json\/wp\/v2\/categories?post=302731"},{"taxonomy":"post_tag","embeddable":true,"href":"https:\/\/www.europesays.com\/es\/wp-json\/wp\/v2\/tags?post=302731"}],"curies":[{"name":"wp","href":"https:\/\/api.w.org\/{rel}","templated":true}]}}