{"id":302737,"date":"2025-12-23T05:50:08","date_gmt":"2025-12-23T05:50:08","guid":{"rendered":"https:\/\/www.europesays.com\/es\/302737\/"},"modified":"2025-12-23T05:50:08","modified_gmt":"2025-12-23T05:50:08","slug":"mmt-seguros-presenta-su-estrategia-y-objetivos-en-su-vii-convencion-anual","status":"publish","type":"post","link":"https:\/\/www.europesays.com\/es\/302737\/","title":{"rendered":"MMT Seguros presenta su estrategia y objetivos en su VII Convenci\u00f3n anual"},"content":{"rendered":"<p class=\"Textbody\" style=\"text-align: justify; text-justify: inter-ideograph;\"><b>MMT Seguros<\/b> ha celebrado su <b>VII Convenci\u00f3n anual<\/b> en el <b>Colegio Oficial de Arquitectos de Madrid<\/b>, un encuentro estrat\u00e9gico en el que la aseguradora ha compartido con todo su equipo los resultados del ejercicio, los principales hitos alcanzados y los nuevos retos que marcar\u00e1n el rumbo y el ritmo de la entidad en los pr\u00f3ximos a\u00f1os. Un ejercicio, el de 2025, en el que se la entidad indica que \u00abse han <strong>cumplido de forma notable todos los objetivos<\/strong> que nos hab\u00edamos marcado, con un resultado que se sit\u00faa entre los mejores de los \u00faltimos a\u00f1os\u00bb.<\/p>\n<p class=\"Textbody\" style=\"text-align: justify; text-justify: inter-ideograph;\">El consejero-director general de MMT Seguros, <strong>Javier de Antonio<\/strong>, present\u00f3 los nuevos proyectos que definir\u00e1n la evoluci\u00f3n de la compa\u00f1\u00eda, poniendo el foco en los retos del Plan Estrat\u00e9gico con horizonte 2026, la sostenibilidad financiera como eje del negocio y la integraci\u00f3n progresiva de la inteligencia artificial en los procesos, como palanca clave de eficiencia, mejora del servicio y adaptaci\u00f3n a un entorno en constante transformaci\u00f3n.<\/p>\n<p class=\"Textbody\" style=\"text-align: justify; text-justify: inter-ideograph;\">La jornada cont\u00f3 con la participaci\u00f3n de invitados de especial relevancia en el sector asegurador; <strong>Mirenchu del Valle<\/strong>, presidenta de Unespa, y <strong>Luis Miguel \u00c1valos<\/strong>, secretario general de Unespa.<\/p>\n<p class=\"Textbody\" style=\"text-align: justify; text-justify: inter-ideograph;\">Las intervenciones concluyeron con un mensaje de reconocimiento y agradecimiento del <b>presidente de MMT Seguros, Rom\u00e1n Rodr\u00edguez<\/b>, quien traslad\u00f3 su orgullo por el esfuerzo, la entrega y la ilusi\u00f3n que las personas que forman la organizaci\u00f3n demuestran d\u00eda tras d\u00eda: \u00abGracias a ese compromiso de todos, MMT Seguros contin\u00faa escribiendo su historia de evoluci\u00f3n desde su fundaci\u00f3n y se encuentra hoy donde debe estar. Asimismo, traslad\u00f3 sus mejores deseos para esta Navidad y para el pr\u00f3ximo a\u00f1o\u00ab.<\/p>\n<p class=\"Textbody\" style=\"text-align: justify; text-justify: inter-ideograph;\">Con esta VII Convenci\u00f3n, MMT Seguros reafirma su apuesta por un \u00abmodelo de crecimiento s\u00f3lido, responsable y sostenible, basado en las personas, la innovaci\u00f3n y la capacidad de avanzar juntos, marcando el ritmo del ma\u00f1ana\u00bb.<\/p>\n","protected":false},"excerpt":{"rendered":"MMT Seguros ha celebrado su VII Convenci\u00f3n anual en el Colegio Oficial de Arquitectos de Madrid, un encuentro&hellip;\n","protected":false},"author":2,"featured_media":302738,"comment_status":"","ping_status":"","sticky":false,"template":"","format":"standard","meta":{"footnotes":""},"categories":[81],"tags":[119,123,124,25,24,117,121,122,23,118,120],"class_list":{"0":"post-302737","1":"post","2":"type-post","3":"status-publish","4":"format-standard","5":"has-post-thumbnail","7":"category-ciencia-y-tecnologia","8":"tag-ciencia","9":"tag-ciencia-y-tecnologia","10":"tag-cienciaytecnologia","11":"tag-es","12":"tag-espana","13":"tag-science","14":"tag-science-and-technology","15":"tag-scienceandtechnology","16":"tag-spain","17":"tag-technology","18":"tag-tecnologia"},"share_on_mastodon":{"url":"https:\/\/pubeurope.com\/@es\/115767320468944404","error":""},"_links":{"self":[{"href":"https:\/\/www.europesays.com\/es\/wp-json\/wp\/v2\/posts\/302737","targetHints":{"allow":["GET"]}}],"collection":[{"href":"https:\/\/www.europesays.com\/es\/wp-json\/wp\/v2\/posts"}],"about":[{"href":"https:\/\/www.europesays.com\/es\/wp-json\/wp\/v2\/types\/post"}],"author":[{"embeddable":true,"href":"https:\/\/www.europesays.com\/es\/wp-json\/wp\/v2\/users\/2"}],"replies":[{"embeddable":true,"href":"https:\/\/www.europesays.com\/es\/wp-json\/wp\/v2\/comments?post=302737"}],"version-history":[{"count":0,"href":"https:\/\/www.europesays.com\/es\/wp-json\/wp\/v2\/posts\/302737\/revisions"}],"wp:featuredmedia":[{"embeddable":true,"href":"https:\/\/www.europesays.com\/es\/wp-json\/wp\/v2\/media\/302738"}],"wp:attachment":[{"href":"https:\/\/www.europesays.com\/es\/wp-json\/wp\/v2\/media?parent=302737"}],"wp:term":[{"taxonomy":"category","embeddable":true,"href":"https:\/\/www.europesays.com\/es\/wp-json\/wp\/v2\/categories?post=302737"},{"taxonomy":"post_tag","embeddable":true,"href":"https:\/\/www.europesays.com\/es\/wp-json\/wp\/v2\/tags?post=302737"}],"curies":[{"name":"wp","href":"https:\/\/api.w.org\/{rel}","templated":true}]}}