{"id":302739,"date":"2025-12-23T05:51:09","date_gmt":"2025-12-23T05:51:09","guid":{"rendered":"https:\/\/www.europesays.com\/es\/302739\/"},"modified":"2025-12-23T05:51:09","modified_gmt":"2025-12-23T05:51:09","slug":"bbva-extiende-banco-de-barrio-para-acelerar-la-bancarizacion-de-pymes","status":"publish","type":"post","link":"https:\/\/www.europesays.com\/es\/302739\/","title":{"rendered":"BBVA extiende Banco de Barrio para acelerar la bancarizaci\u00f3n de pymes"},"content":{"rendered":"<p><strong>Banco de Barrio<\/strong> tiene como objetivo aumentar la inclusi\u00f3n financiera de pymes que a\u00fan operan con bajos niveles de acceso a servicios financieros y reforzar la presencia del banco en el segmento pyme a escala regional. Con esta expansi\u00f3n, BBVA ampl\u00eda su estrategia de apoyo a los negocios locales en dos mercados de Am\u00e9rica Latina con elevado potencial de crecimiento.<\/p>\n<p>\u201cEl despliegue regional de Banco de Barrio avanza con el objetivo de fortalecer su presencia en el segmento pyme y acercar soluciones financieras a aquellas empresas que toman decisiones a pie de calle, porque su tiempo es dinero\u201d, asegura<strong> Luis Sim\u00f5es, director de Experiencia y Propuesta de Valor Minorista de BBVA<\/strong>. En muchos casos, estos comercios a\u00fan presentan bajos niveles de bancarizaci\u00f3n y digitalizaci\u00f3n.<\/p>\n<p>La iniciativa se apoya en la experiencia acumulada en M\u00e9xico, donde el modelo \u2014lanzado en 2020 tras la pandemia del COVID-19\u2014 se consolid\u00f3 como un sistema pionero para pymes en este pa\u00eds, y demostr\u00f3 su capacidad para impulsar la inclusi\u00f3n financiera de miles de negocios. Esta expansi\u00f3n permite a BBVA aprovechar el conocimiento desarrollado en otros mercados y trasladar buenas pr\u00e1cticas en la regi\u00f3n, reforzando as\u00ed la ventaja de operar como un banco global capaz de exportar modelos exitosos y adaptarlos a distintas realidades.<\/p>\n<p>La expansi\u00f3n del modelo a estos pa\u00edses pone de manifiesto el compromiso de BBVA por la inclusi\u00f3n financiera, el impulso de la digitalizaci\u00f3n y el acompa\u00f1amiento a los negocios para favorecer su crecimiento y competitividad en mercados con alto potencial de desarrollo.<\/p>\n<p>Experiencia global, impacto local<\/p>\n<p>En<strong> Colombia<\/strong>, Banco de Barrio se ha implementado con una din\u00e1mica similar a la pionera experiencia mexicana. Desde su puesta en marcha, las oficinas del pa\u00eds realizan visitas comerciales durante un d\u00eda fijo a la semana, lo que ha permitido asegurar la presencia del banco en zonas con alta concentraci\u00f3n de negocios. La oferta de valor en esta primera fase incluye una cuenta de ahorro digital, un medio de cobro mediante QR, un seguro para comercios con dos modalidades y la soluci\u00f3n de n\u00f3mina persona natural, adaptada a negocios de menor escala.<\/p>\n<p>En <strong>Uruguay<\/strong>, el programa ha comenzado con un piloto en cinco oficinas y, tras los primeros resultados positivos, se ha extendido a toda la red del pa\u00eds. El despliegue se centra en acompa\u00f1ar a los negocios mediante una oferta de valor que incluye una cuenta pyme, canales digitales y soluciones de adquirencia orientadas a trasladar los flujos de cobranza al banco. Banco de Barrio acerca el banco a los comercios para que puedan acceder a soluciones financieras sin interrumpir su actividad ni desplazarse. Las visitas peri\u00f3dicas de los gestores facilitan la apertura de productos, el acompa\u00f1amiento personalizado y la incorporaci\u00f3n de herramientas digitales que fortalecen la gesti\u00f3n del negocio.<\/p>\n","protected":false},"excerpt":{"rendered":"Banco de Barrio tiene como objetivo aumentar la inclusi\u00f3n financiera de pymes que a\u00fan operan con bajos niveles&hellip;\n","protected":false},"author":2,"featured_media":302740,"comment_status":"","ping_status":"","sticky":false,"template":"","format":"standard","meta":{"footnotes":""},"categories":[80],"tags":[82,95,94,25,24,23],"class_list":{"0":"post-302739","1":"post","2":"type-post","3":"status-publish","4":"format-standard","5":"has-post-thumbnail","7":"category-economia","8":"tag-business","9":"tag-economia","10":"tag-economy","11":"tag-es","12":"tag-espana","13":"tag-spain"},"share_on_mastodon":{"url":"https:\/\/pubeurope.com\/@es\/115767324504716584","error":""},"_links":{"self":[{"href":"https:\/\/www.europesays.com\/es\/wp-json\/wp\/v2\/posts\/302739","targetHints":{"allow":["GET"]}}],"collection":[{"href":"https:\/\/www.europesays.com\/es\/wp-json\/wp\/v2\/posts"}],"about":[{"href":"https:\/\/www.europesays.com\/es\/wp-json\/wp\/v2\/types\/post"}],"author":[{"embeddable":true,"href":"https:\/\/www.europesays.com\/es\/wp-json\/wp\/v2\/users\/2"}],"replies":[{"embeddable":true,"href":"https:\/\/www.europesays.com\/es\/wp-json\/wp\/v2\/comments?post=302739"}],"version-history":[{"count":0,"href":"https:\/\/www.europesays.com\/es\/wp-json\/wp\/v2\/posts\/302739\/revisions"}],"wp:featuredmedia":[{"embeddable":true,"href":"https:\/\/www.europesays.com\/es\/wp-json\/wp\/v2\/media\/302740"}],"wp:attachment":[{"href":"https:\/\/www.europesays.com\/es\/wp-json\/wp\/v2\/media?parent=302739"}],"wp:term":[{"taxonomy":"category","embeddable":true,"href":"https:\/\/www.europesays.com\/es\/wp-json\/wp\/v2\/categories?post=302739"},{"taxonomy":"post_tag","embeddable":true,"href":"https:\/\/www.europesays.com\/es\/wp-json\/wp\/v2\/tags?post=302739"}],"curies":[{"name":"wp","href":"https:\/\/api.w.org\/{rel}","templated":true}]}}