{"id":302743,"date":"2025-12-23T05:59:09","date_gmt":"2025-12-23T05:59:09","guid":{"rendered":"https:\/\/www.europesays.com\/es\/302743\/"},"modified":"2025-12-23T05:59:09","modified_gmt":"2025-12-23T05:59:09","slug":"una-plaza-de-oficial-albanil-turno-libre-por-oposicion","status":"publish","type":"post","link":"https:\/\/www.europesays.com\/es\/302743\/","title":{"rendered":"UNA PLAZA DE OFICIAL ALBA\u00d1IL TURNO LIBRE POR OPOSICI\u00d3N"},"content":{"rendered":"<p>BASES DE CONVOCATORIA PARA CUBRIR EN PROPIEDAD UNA PLAZA DE OFICIAL ALBA\u00d1IL, PERSONAL FUNCIONARIO, TURNO LIBRE, POR EL SISTEMA DE OPOSICI\u00d3N, PARA EL AYUNTAMIENTO DE DON BENITO<\/p>\n<p>Do\u00f1a Elisabeth Medina Bravo, Alcaldesa-Presidenta del Ilmo. Ayuntamiento de Don Benito, en uso de las atribuciones conferidas por el art\u00edculo 21.1 g) de la Ley 7\/85, de 2 de abril, Reguladora de las Bases de R\u00e9gimen Local, convoca pruebas selectivas para cubrir, una plaza de Oficial de Alba\u00f1il, vacante en la plantilla de personal de este Ayuntamiento, correspondientes a la OEP de 2022 del turno libre, mediante sistema de oposici\u00f3n<\/p>\n<ul>\n<li>BASES DE LA CONVOCATORIA BOP <a href=\"https:\/\/www.donbenito.es\/wp-content\/uploads\/2025\/12\/OFICIAL-ALBANIL-TURNO-LIBRE.pdf\" rel=\"nofollow noopener\" target=\"_blank\"><img loading=\"lazy\" decoding=\"async\" width=\"32\" height=\"24\" class=\"wp-image-108409\" style=\"width: 32px\" src=\"https:\/\/www.europesays.com\/es\/wp-content\/uploads\/2025\/12\/pdf-pequeno.png\" alt=\"pdf pequeno\" title=\"UNA PLAZA DE OFICIAL ALBA\u00d1IL TURNO LIBRE POR OPOSICI\u00d3N 1\"\/><\/a><\/li>\n<\/ul>\n","protected":false},"excerpt":{"rendered":"BASES DE CONVOCATORIA PARA CUBRIR EN PROPIEDAD UNA PLAZA DE OFICIAL ALBA\u00d1IL, PERSONAL FUNCIONARIO, TURNO LIBRE, POR EL&hellip;\n","protected":false},"author":2,"featured_media":302744,"comment_status":"","ping_status":"","sticky":false,"template":"","format":"standard","meta":{"footnotes":""},"categories":[5],"tags":[17,18,25,24,13,14,11,19,20,9,10,15,16,23,12,21,22],"class_list":{"0":"post-302743","1":"post","2":"type-post","3":"status-publish","4":"format-standard","5":"has-post-thumbnail","7":"category-titulares","8":"tag-breaking-news","9":"tag-breakingnews","10":"tag-es","11":"tag-espana","12":"tag-featured-news","13":"tag-featurednews","14":"tag-headlines","15":"tag-latest-news","16":"tag-latestnews","17":"tag-news","18":"tag-noticias","19":"tag-noticias-destacadas","20":"tag-noticiasdestacadas","21":"tag-spain","22":"tag-titulares","23":"tag-ultimas-noticias","24":"tag-ultimasnoticias"},"share_on_mastodon":{"url":"https:\/\/pubeurope.com\/@es\/115767356544009791","error":""},"_links":{"self":[{"href":"https:\/\/www.europesays.com\/es\/wp-json\/wp\/v2\/posts\/302743","targetHints":{"allow":["GET"]}}],"collection":[{"href":"https:\/\/www.europesays.com\/es\/wp-json\/wp\/v2\/posts"}],"about":[{"href":"https:\/\/www.europesays.com\/es\/wp-json\/wp\/v2\/types\/post"}],"author":[{"embeddable":true,"href":"https:\/\/www.europesays.com\/es\/wp-json\/wp\/v2\/users\/2"}],"replies":[{"embeddable":true,"href":"https:\/\/www.europesays.com\/es\/wp-json\/wp\/v2\/comments?post=302743"}],"version-history":[{"count":0,"href":"https:\/\/www.europesays.com\/es\/wp-json\/wp\/v2\/posts\/302743\/revisions"}],"wp:featuredmedia":[{"embeddable":true,"href":"https:\/\/www.europesays.com\/es\/wp-json\/wp\/v2\/media\/302744"}],"wp:attachment":[{"href":"https:\/\/www.europesays.com\/es\/wp-json\/wp\/v2\/media?parent=302743"}],"wp:term":[{"taxonomy":"category","embeddable":true,"href":"https:\/\/www.europesays.com\/es\/wp-json\/wp\/v2\/categories?post=302743"},{"taxonomy":"post_tag","embeddable":true,"href":"https:\/\/www.europesays.com\/es\/wp-json\/wp\/v2\/tags?post=302743"}],"curies":[{"name":"wp","href":"https:\/\/api.w.org\/{rel}","templated":true}]}}