{"id":302751,"date":"2025-12-23T06:10:11","date_gmt":"2025-12-23T06:10:11","guid":{"rendered":"https:\/\/www.europesays.com\/es\/302751\/"},"modified":"2025-12-23T06:10:11","modified_gmt":"2025-12-23T06:10:11","slug":"lo-destinara-a-arte-y-cultura-junto-a-su-asociacion","status":"publish","type":"post","link":"https:\/\/www.europesays.com\/es\/302751\/","title":{"rendered":"lo destinar\u00e1 a \u00abarte y cultura\u00bb junto a su asociaci\u00f3n"},"content":{"rendered":"<p class=\"paragraph\" id=\"paragraph_1\">Cuando<strong> Jos\u00e9 Iglesias,<\/strong> vecino del madrile\u00f1o barrio de La Elipa, se acerc\u00f3 a la administraci\u00f3n de Loter\u00eda situada en el n\u00famero 8 de la calle Ricardo Ortiz, le pidi\u00f3 a la due\u00f1a, llamada <strong>Ester<\/strong>, un n\u00famero, pero puso una condici\u00f3n: <a href=\"https:\/\/www.elespanol.com\/madrid\/sociedad\/20251222\/ester-lanchas-dejo-trabajo-lotera-repartido-millones-gordo-navidad-madrid-suenas-siempre-trt\/1003744065764_0.html?utm_cmp_rs=linksinline\" rel=\"nofollow noopener\" target=\"_blank\"><strong>\u00abTiene que terminar en 2\u00bb. <\/strong><\/a><\/p>\n<p class=\"paragraph\" id=\"paragraph_2\">Fue entonces cuando Ester ech\u00f3 un ojo a los n\u00fameros que ten\u00eda y vio uno que cumpl\u00eda el requisito.<strong> Era el 79532.<\/strong> De este modo, sin saberlo,<a href=\"https:\/\/www.elespanol.com\/madrid\/sociedad\/20251222\/ester-lanchas-dejo-trabajo-lotera-repartido-millones-gordo-navidad-madrid-suenas-siempre-trt\/1003744065764_0.html?utm_cmp_rs=linksinline\" rel=\"nofollow noopener\" target=\"_blank\"><strong> le estaba dando a Jos\u00e9 El Gordo de Navidad.<\/strong><\/a><\/p>\n<p class=\"paragraph\" id=\"paragraph_3\">Y\u00a0 de este modo, este lunes ha llegado la alegr\u00eda. Jos\u00e9 cuenta a<a href=\"https:\/\/www.elespanol.com\/madrid\/?utm_cmp_rs=linksinline\" target=\"_blank\" rel=\"nofollow noopener\"> <strong>Madrid Total<\/strong> <\/a>que estaba en su casa \u00abviendo el sorteo de La Loter\u00eda en la tele\u00bb cuando comprob\u00f3 que el n\u00famero que hab\u00eda comprado en la administraci\u00f3n de su barrio ten\u00eda el primer premio.<\/p>\n<p><img loading=\"lazy\" decoding=\"async\" alt=\"Raquel, la lotera de la Administraci\u00f3n n\u00famero 16 que ha vendido el segundo premio del Sorteo Extraordinario de Navidad 2025.\" height=\"180\" src=\"https:\/\/www.europesays.com\/es\/wp-content\/uploads\/2025\/12\/1003744065912_260615994_320x180.jpg\" width=\"320\" data-lazy-status=\"processed\" data-lazy-info=\"remove loading item 1\"\/><\/p>\n<p class=\"paragraph\" id=\"paragraph_4\"><strong>\u00abYo tengo una de las 740 participaciones,<\/strong> pero es un premio que nos ha tocado a toda la asociaci\u00f3n, llamada Isegoria. Estamos muy contentos y ya hemos hablado entre nosotros d\u00e1ndonos la enhorabuena\u00bb, cuenta Jos\u00e9 Iglesias en conversaci\u00f3n telef\u00f3nica.<\/p>\n<p class=\"paragraph\" id=\"paragraph_5\">Explica que Isegoria es<strong> \u00abuna asociaci\u00f3n progresista que se dedica al arte y a la cultura\u00bb<\/strong> por lo que ahora que tienen el premio en sus manos, su objetivo es \u00abpoder hacer m\u00e1s y nuevos proyectos culturales de arte, pero, ahora, con m\u00e1s recursos\u00bb.<\/p>\n<p><img decoding=\"async\" alt=\"Ester Lanchas, la lotera que ha vendido el 'Gordo' de la Loter\u00eda de Navidad en Madrid.\" height=\"180\" loading=\"lazy\" width=\"320\" data-lazy-status=\"processed\" id=\"047d30f944\" src=\"https:\/\/www.elespanol.com\/madrid\/sociedad\/20251223\/jose-iglesias-pintor-pidio-llevo-casa-gordo-destinara-arte-cultura-junto-asociacion\/[\" https:=\"\" data-lazy-info=\"changed src\"\/><\/p>\n<p class=\"paragraph\" id=\"paragraph_6\">De hecho, la citada agrupaci\u00f3n se define en su web como un \u00abforo independiente de an\u00e1lisis y reflexi\u00f3n cr\u00edtica para una sociedad <strong>m\u00e1s democr\u00e1tica, justa e igualitaria\u00bb <\/strong>y su sede se sit\u00faa en el distrito de Arganzuela de Madrid.<\/p>\n<p class=\"paragraph\" id=\"paragraph_7\">Durante la ma\u00f1ana del lunes, al caminar cerca del local donde tiene su sede Isegoria se escuchaba a varios vecinos decir \u00ab\u00bf<strong>Te has enterado? Les ha tocado El Gordo a los de la asociaci\u00f3n\u00bb. <\/strong><strong\/><\/p>\n<p class=\"paragraph\" id=\"paragraph_8\">Pero lo cierto es que este lunes 22 de diciembre quedar\u00e1 para siempre grabado en la memoria de <strong>Jos\u00e9 Iglesias<\/strong> y del resto de los miembros de la asociaci\u00f3n. <\/p>\n<p class=\"paragraph\" id=\"paragraph_9\">\u00abEstamos muy contentos. Ahora es el momento de estar tranquilos y celebrar el premio en familia<strong>. Poco a poco iremos viendo en qu\u00e9 proyectos y de qu\u00e9 forma vamos invirtiendo el dinero\u00bb<\/strong>, apostillaba este pintor del barrio de La Elipa. <\/p>\n<p><img decoding=\"async\" alt=\"El municipio de Madrid al que bendijo Rappel: le toca el tercer premio, un cuarto y dos quintos por valor de un mill\u00f3n de euros\" height=\"180\" loading=\"lazy\" width=\"320\" data-lazy-status=\"processed\" id=\"a3f448f3ef\" src=\"https:\/\/www.elespanol.com\/madrid\/sociedad\/20251223\/jose-iglesias-pintor-pidio-llevo-casa-gordo-destinara-arte-cultura-junto-asociacion\/[\" https:=\"\" data-lazy-info=\"changed src\"\/><\/p>\n<p class=\"paragraph\" id=\"paragraph_10\">De hecho, el n\u00famero 79532 ha hecho famosa a esta administraci\u00f3n de barrio en la calle Ricardo Ortiz. Durante la ma\u00f1ana del lunes,<strong> Ester no pod\u00eda reprimir su alegr\u00eda. <\/strong><\/p>\n<p class=\"paragraph\" id=\"paragraph_11\">Ella recogi\u00f3 el testigo de<strong> su padre, Jos\u00e9, que se jubil\u00f3 hace tres a\u00f1os<\/strong> y le dej\u00f3 la administraci\u00f3n que abri\u00f3 en el a\u00f1o 1988.<\/p>\n<p class=\"paragraph\" id=\"paragraph_12\">\u00abYo no estaba muy a gusto en otro sitio donde trabajaba y le dije a mi padre que lo dejaba y que me ven\u00eda con \u00e9l, de fijo. Mi padre ten\u00eda una edad<strong>, le faltaban pocos a\u00f1os para jubilarse.<\/strong> Despu\u00e9s se vino mi marido conmigo\u00bb, cont\u00f3 a Ester a los medios de comunicaci\u00f3n durante la ma\u00f1ana del lunes.<\/p>\n<p class=\"paragraph\" data-mrf-recirculation=\"links-parrafos\" id=\"paragraph_13\">Ester se mostr\u00f3 visiblemente emocionada e incluso reconoci\u00f3 <strong>que no pudo contener las l\u00e1grimas<\/strong> en unas horas que fueron de lo m\u00e1s especiales.<\/p>\n<p class=\"paragraph\" data-mrf-recirculation=\"links-parrafos\" id=\"paragraph_14\">\u00abEstaba atendiendo a un cliente porque los lunes tenemos m\u00e1s jaleo. Me ha llamado la prensa y me lo ha dicho. Me he emocionado mucho. He llamado a mis padres y a mi marido. <strong>Hemos vendido 16 series de 4 millones de euros<\/strong>. No es un n\u00famero abonado, ha sido aleatorio\u00bb, concluy\u00f3 esta lotera de La Elipa que ha vendido El Gordo de la Navidad del a\u00f1o 2025.<\/p>\n","protected":false},"excerpt":{"rendered":"Cuando Jos\u00e9 Iglesias, vecino del madrile\u00f1o barrio de La Elipa, se acerc\u00f3 a la administraci\u00f3n de Loter\u00eda situada&hellip;\n","protected":false},"author":2,"featured_media":302752,"comment_status":"","ping_status":"","sticky":false,"template":"","format":"standard","meta":{"footnotes":""},"categories":[173],"tags":[229,233,231,230,1467,232,234,71748,146,147,25,24,44330,727,205,492,23],"class_list":{"0":"post-302751","1":"post","2":"type-post","3":"status-publish","4":"format-standard","5":"has-post-thumbnail","7":"category-arte-y-diseno","8":"tag-arte","9":"tag-arte-y-diseno","10":"tag-arts","11":"tag-arts-and-design","12":"tag-comunidad-de-madrid","13":"tag-design","14":"tag-diseno","15":"tag-el-gordo-de-la-loteria-de-navidad","16":"tag-entertainment","17":"tag-entretenimiento","18":"tag-es","19":"tag-espana","20":"tag-loteria-de-navidad","21":"tag-loterias","22":"tag-madrid","23":"tag-sociedad","24":"tag-spain"},"share_on_mastodon":{"url":"https:\/\/pubeurope.com\/@es\/115767399400606929","error":""},"_links":{"self":[{"href":"https:\/\/www.europesays.com\/es\/wp-json\/wp\/v2\/posts\/302751","targetHints":{"allow":["GET"]}}],"collection":[{"href":"https:\/\/www.europesays.com\/es\/wp-json\/wp\/v2\/posts"}],"about":[{"href":"https:\/\/www.europesays.com\/es\/wp-json\/wp\/v2\/types\/post"}],"author":[{"embeddable":true,"href":"https:\/\/www.europesays.com\/es\/wp-json\/wp\/v2\/users\/2"}],"replies":[{"embeddable":true,"href":"https:\/\/www.europesays.com\/es\/wp-json\/wp\/v2\/comments?post=302751"}],"version-history":[{"count":0,"href":"https:\/\/www.europesays.com\/es\/wp-json\/wp\/v2\/posts\/302751\/revisions"}],"wp:featuredmedia":[{"embeddable":true,"href":"https:\/\/www.europesays.com\/es\/wp-json\/wp\/v2\/media\/302752"}],"wp:attachment":[{"href":"https:\/\/www.europesays.com\/es\/wp-json\/wp\/v2\/media?parent=302751"}],"wp:term":[{"taxonomy":"category","embeddable":true,"href":"https:\/\/www.europesays.com\/es\/wp-json\/wp\/v2\/categories?post=302751"},{"taxonomy":"post_tag","embeddable":true,"href":"https:\/\/www.europesays.com\/es\/wp-json\/wp\/v2\/tags?post=302751"}],"curies":[{"name":"wp","href":"https:\/\/api.w.org\/{rel}","templated":true}]}}