{"id":302753,"date":"2025-12-23T06:12:22","date_gmt":"2025-12-23T06:12:22","guid":{"rendered":"https:\/\/www.europesays.com\/es\/302753\/"},"modified":"2025-12-23T06:12:22","modified_gmt":"2025-12-23T06:12:22","slug":"netflix-lanza-el-trailer-y-anuncia-la-fecha-de-estreno-de-salvador-la-nueva-serie-de-luis-tosar-y-claudia-salas","status":"publish","type":"post","link":"https:\/\/www.europesays.com\/es\/302753\/","title":{"rendered":"Netflix lanza el tr\u00e1iler y anuncia la fecha de estreno de &#8216;Salvador&#8217;, la nueva serie de Luis Tosar y Claudia Salas"},"content":{"rendered":"<p class=\"article-text\">\n        Ya conocemos nuevos detalles sobre <strong>Salvador<\/strong>, la serie protagonizada por <strong>Luis Tosar<\/strong> y <strong>Claudia Salas<\/strong>. Netflix ha lanzado el trepidante tr\u00e1iler de esta dram\u00e1tica ficci\u00f3n, y tambi\u00e9n ha confirmado la fecha de estreno, semanas despu\u00e9s de descubrir sus <a href=\"https:\/\/www.eldiario.es\/vertele\/series\/netflix-primeras-imagenes-reparto-salvador-nueva-serie-luis-tosar-claudia-salas_1_12830518.html\" target=\"_blank\" data-mrf-recirculation=\"links-noticia\" class=\"link\" rel=\"nofollow noopener\">primeras im\u00e1genes<\/a>. El rodaje comenz\u00f3 el pasado mes de noviembre, pero la plataforma ya despliega sus armas de promoci\u00f3n: \u201cCuando no queda nada por perder, es cuando descubres aquello de lo que eres capaz\u201d.\n    <\/p>\n<p>    <a href=\"https:\/\/www.eldiario.es\/vertele\/series\/netflix-primeras-imagenes-reparto-salvador-nueva-serie-luis-tosar-claudia-salas_1_12830518.html\" data-mrf-recirculation=\"saber-mas\" data-dl-event=\"saber-mas\" rel=\"nofollow noopener\" target=\"_blank\"><\/p>\n<p class=\"know-more__title\">Netflix muestra las primeras im\u00e1genes y anuncia el reparto de &#8216;Salvador&#8217;, su nueva serie con Luis Tosar y Claudia Salas<\/p>\n<p>            <img decoding=\"async\" class=\"lazy\" loading=\"lazy\" data-src=\"https:\/\/static.eldiario.es\/clip\/41dfe3b2-0e38-4af5-bc89-5cf75501ca9e_16-9-aspect-ratio_default_0.jpg\" src=\"data:image\/svg+xml,%3Csvg xmlns=\" http:=\"\" viewbox=\"0 0 880 495\" alt=\"Netflix muestra las primeras im\u00e1genes y anuncia el reparto de 'Salvador', su nueva serie con Luis Tosar y Claudia Salas\"\/><\/p>\n<p>                        <\/a><\/p>\n<p class=\"article-text\">\n        Producida por\u00a0<strong>Alea Media<\/strong>,\u00a0esta serie dram\u00e1tica de acci\u00f3n cuenta con seis cap\u00edtulos y se estrenar\u00e1 el <strong>viernes 6 de febrero de 2026<\/strong>. Ser\u00e1 entonces cuando los espectadores puedan descubrir c\u00f3mo es la historia de un padre, que trabaja como t\u00e9cnico de emergencias sanitarias. Tosar da vida a un hombre que intenta dejar atr\u00e1s su pasado con el alcohol, adem\u00e1s de solucionar los errores que cometi\u00f3 con su familia.\n    <\/p>\n<p class=\"article-text\">\n        En el tr\u00e1iler se aprecia que la vida de Salvador cambia por completo cuando descubre que Milena, su hija, pertenece a un grupo ultra. La fren\u00e9tica sucesi\u00f3n de im\u00e1genes muestra a los protagonistas viviendo diferentes desventuras, mientras la <strong>violencia <\/strong>y el <strong>caos <\/strong>campan a sus anchas. Netflix plantea una pregunta como resumen a la sinopsis de la serie: \u201c\u00bfHasta d\u00f3nde est\u00e1 dispuesto a llegar para descubrir la verdad?\u201d.\n    <\/p>\n<p class=\"article-text\">\n        El reparto, encabezado por Luis Tosar y Claudia Salas, se completa con estos int\u00e9rpretes: <strong>Leonor Watling\u00a0<\/strong>es Carla,\u00a0<strong>Fariba Sheikhan\u00a0<\/strong>es Marjane,\u00a0<strong>Patricia Vico\u00a0<\/strong>es la inspectora Mart\u00edn,\u00a0<strong>C\u00e9sar Mateo\u00a0<\/strong>es Nacho,\u00a0<strong>Candela Arestegui\u00a0<\/strong>es Milena,\u00a0<strong>Alejandro Casaseca\u00a0<\/strong>Max,\u00a0<strong>Marcos Marini\u00a0<\/strong>es Isra,\u00a0<strong>Richard Holmes\u00a0<\/strong>es Mateo,\u00a0<strong>Lucas<\/strong>\u00a0<strong>Ares\u00a0<\/strong>es Tibu,\u00a0<strong>Guillermo Lasherases\u00a0<\/strong>Toni y\u00a0<strong>Andr\u00e9s Gertr\u00fadix\u00a0<\/strong>es el abogado Dorado.\n    <\/p>\n<p>    <a href=\"https:\/\/www.eldiario.es\/vertele\/noticias\/homenaje-mentira-periodista-patricia-lopez-fallecer-mensaje-risto-luto_1_12865668.html\" data-mrf-recirculation=\"saber-mas-abajo\" data-dl-event=\"saber-mas-abajo\" rel=\"nofollow noopener\" target=\"_blank\"><\/p>\n<p class=\"know-more__title\">Homenaje de &#8216;Todo es mentira&#8217; a la periodista Patricia L\u00f3pez tras fallecer, con mensaje de Risto: \u201cEstamos de luto\u201d<\/p>\n<p>            <img decoding=\"async\" class=\"lazy\" loading=\"lazy\" data-src=\"https:\/\/static.eldiario.es\/clip\/a82a84b8-cfc9-48dd-a613-c65f0b42c195_16-9-aspect-ratio_default_0.jpg\" src=\"data:image\/svg+xml,%3Csvg xmlns=\" http:=\"\" viewbox=\"0 0 880 495\" alt=\"Homenaje de 'Todo es mentira' a la periodista Patricia L\u00f3pez tras fallecer, con mensaje de Risto: &quot;Estamos de luto&quot;\"\/><\/p>\n<p>                        <\/a><\/p>\n<p>    As\u00ed es &#8216;Salvador&#8217;, la nueva serie de Netflix<\/p>\n<p class=\"article-text\">\n        Salvador cuenta la historia de un padre que descubre que su hija pertenece a un grupo neonazi, al que tiene que acercarse para intentar rescatarla y comprender qu\u00e9 la ha llevado hasta ah\u00ed. Durante un enfrentamiento violento pactado entre los aficionados radicales de dos clubes de f\u00fatbol, Salvador Aguirre (Luis Tosar), conductor de ambulancias, rescata herida a su hija Milena, miembro del grupo ultra, que defiende valores racistas, violentos y hom\u00f3fobos, totalmente opuestos a los que siempre trat\u00f3 de inculcarle.\n    <\/p>\n","protected":false},"excerpt":{"rendered":"Ya conocemos nuevos detalles sobre Salvador, la serie protagonizada por Luis Tosar y Claudia Salas. Netflix ha lanzado&hellip;\n","protected":false},"author":2,"featured_media":302754,"comment_status":"","ping_status":"","sticky":false,"template":"","format":"standard","meta":{"footnotes":""},"categories":[171],"tags":[21673,146,147,25,24,1055,1151,7820,152,795,23168,2256,156,23,16006,183,214],"class_list":{"0":"post-302753","1":"post","2":"type-post","3":"status-publish","4":"format-standard","5":"has-post-thumbnail","7":"category-tv","8":"tag-claudia","9":"tag-entertainment","10":"tag-entretenimiento","11":"tag-es","12":"tag-espana","13":"tag-estreno","14":"tag-fecha","15":"tag-luis","16":"tag-netflix","17":"tag-nueva","18":"tag-salas","19":"tag-salvador","20":"tag-serie","21":"tag-spain","22":"tag-tosar","23":"tag-trailer","24":"tag-tv"},"share_on_mastodon":{"url":"https:\/\/pubeurope.com\/@es\/115767406974243817","error":""},"_links":{"self":[{"href":"https:\/\/www.europesays.com\/es\/wp-json\/wp\/v2\/posts\/302753","targetHints":{"allow":["GET"]}}],"collection":[{"href":"https:\/\/www.europesays.com\/es\/wp-json\/wp\/v2\/posts"}],"about":[{"href":"https:\/\/www.europesays.com\/es\/wp-json\/wp\/v2\/types\/post"}],"author":[{"embeddable":true,"href":"https:\/\/www.europesays.com\/es\/wp-json\/wp\/v2\/users\/2"}],"replies":[{"embeddable":true,"href":"https:\/\/www.europesays.com\/es\/wp-json\/wp\/v2\/comments?post=302753"}],"version-history":[{"count":0,"href":"https:\/\/www.europesays.com\/es\/wp-json\/wp\/v2\/posts\/302753\/revisions"}],"wp:featuredmedia":[{"embeddable":true,"href":"https:\/\/www.europesays.com\/es\/wp-json\/wp\/v2\/media\/302754"}],"wp:attachment":[{"href":"https:\/\/www.europesays.com\/es\/wp-json\/wp\/v2\/media?parent=302753"}],"wp:term":[{"taxonomy":"category","embeddable":true,"href":"https:\/\/www.europesays.com\/es\/wp-json\/wp\/v2\/categories?post=302753"},{"taxonomy":"post_tag","embeddable":true,"href":"https:\/\/www.europesays.com\/es\/wp-json\/wp\/v2\/tags?post=302753"}],"curies":[{"name":"wp","href":"https:\/\/api.w.org\/{rel}","templated":true}]}}