{"id":302757,"date":"2025-12-23T06:15:19","date_gmt":"2025-12-23T06:15:19","guid":{"rendered":"https:\/\/www.europesays.com\/es\/302757\/"},"modified":"2025-12-23T06:15:19","modified_gmt":"2025-12-23T06:15:19","slug":"olentzero-y-mari-domingi-traen-carbon-a-un-athletic-que-ve-como-le-remonta-el-espanyol-1-2-athletic","status":"publish","type":"post","link":"https:\/\/www.europesays.com\/es\/302757\/","title":{"rendered":"Olentzero y Mari Domingi traen carb\u00f3n a un Athletic que ve c\u00f3mo le remonta el Espanyol (1-2) | Athletic"},"content":{"rendered":"<p>        <img decoding=\"async\" alt=\"Berenguer se dispone a rematar con Sancet en el suelo.\" height=\"775\" loading=\"lazy\"  src=\"https:\/\/www.europesays.com\/es\/wp-content\/uploads\/2025\/12\/Athletic-Espanyol.jpg\"  width=\"1200\"\/>Berenguer se dispone a rematar con Sancet en el suelo. (Marisol RAM\u00cdREZ | FOKU)<\/p>\n<p>Recib\u00eda el Athletic al equipo revelaci\u00f3n de La Liga en el \u00faltimo compromiso liguero de este 2025 al que le quedan diez d\u00edas. Nada m\u00e1s y nada menos, el conjunto perico llegaba a Bilbo en quinta posici\u00f3n. Sin embargo, el Athletic encaraba el partido en octavo lugar. Tras la derrota, los catalanes se sit\u00faan a diez puntos y el Athletic suma su novena derrota en Liga estando en diciembre. En toda la pasada temporada s\u00f3lo acumularon seis derrotas.<\/p>\n<p>Tras la debacle en Vigo, el cuadro bilbaino quer\u00eda despedir el a\u00f1o con buen sabor de boca, y que menos que contra un rival directo para acercarse a puestos europeos. Por lo tanto, a pesar de ser fechas se\u00f1aladas y que Olentzero y Mari Domingi se colaran en la foto protocolaria inicial, Valverde no quer\u00eda nada de regalos en La Catedral. Sal\u00eda de inicio con los hermanos Williams, Berenguer y Sancet arriba.<\/p>\n<p><img loading=\"lazy\" decoding=\"async\" title=\"Olentzero y Mari Domingi no quisieron perderse el \u00faltimo partido del a\u00f1o (Marisol RAMIREZ | FOKU)\" src=\"https:\/\/www.europesays.com\/es\/wp-content\/uploads\/2025\/12\/OLENTZERO_SAN_MAMES.jpg\" alt=\"\" width=\"600\" height=\"400\"\/>Olentzero y Mari Domingi no quisieron perderse el \u00faltimo partido del a\u00f1o (Marisol RAMIREZ | FOKU)<\/p>\n<p>No obstante, para tal partido clave contaba con una l\u00ednea defensiva en horas bajas: Viv\u00edan sancionado y Laporte lesionado. Por consiguiente, Paredes formaba dupla con Lekue. El deustuarra cumpli\u00f3 con nota en esa posici\u00f3n ante el Ourense en Copa.<\/p>\n<p>Empezaba este atractivo partido con ritmo fren\u00e9tico y mucha intensidad. En las gradas, una estupenda respuesta de la masa social athleticzale, a pesar de ser un lunes fr\u00edo de diciembre.<\/p>\n<p><strong>Excelso Dmitrovic\u00a0<\/strong><\/p>\n<p>Para el minuto 10 de encuentro, dos despistes en ambas \u00e1reas, provocaron dos ocasiones importantes. Un centro lateral de los catalanes, era mal despejado por Lekue y el bal\u00f3n rebotado en Roberto se marchaba cerca del poste izquierdo.\u00a0<\/p>\n<p>En la otra \u00e1rea, Gorosabel, que volv\u00eda al once, cazaba una pelota que quedaba muerta en el \u00e1rea peque\u00f1a. Aunque, Dmitrovic sacaba un buen pie para despejar el disparo del arrasatearra. Cabe destacar que el exportero del Eibar es el menos goleado de La Liga por detr\u00e1s de Luiz Junior, del Villarreal.\u00a0<\/p>\n<p>Empezaba a imponerse el Athletic en el juego y se acercaba hac\u00eda porter\u00eda rival con m\u00e1s ah\u00ednco que los visitantes. Pasados los primeros 30 minutos, Galarreta lo intentaba desde fuera del \u00e1rea y su tiro se iba por escasos cent\u00edmetros. Poco m\u00e1s tarde, Nico Williams atra\u00eda a tres rivales en el borde del \u00e1rea, y con un exquisito pase filtrado, dejaba solo a Berenguer. Volv\u00eda a lucirse el portero serbio despejando el disparo del navarro.<\/p>\n<p>Tras un mano a mano de Roberto que hac\u00eda saltar las alarmas, con una transici\u00f3n r\u00e1pida del Athletic de \u00e1rea a \u00e1rea llegaba el primero del encuentro. En una acci\u00f3n mal defendida por los catalanes, no consiguieron despejar el bal\u00f3n, disparaba I\u00f1aki Williams y se quedaba el esf\u00e9rico muerto en \u00e1rea peque\u00f1a. Dmitrovic dud\u00f3 en salir, y para entonces ya corr\u00eda Berenguer para meter la puntera y abrir la lata. Premio gordo para el m\u00e1s listo de la clase y primer gol del curso para el de Bara\u00f1ain.<\/p>\n<p><strong>Poco duraba la alegr\u00eda<\/strong><\/p>\n<p>Aunque, no se iba a ir el Athletic por encima a los vestuarios. Al filo del descanso, una falta lateral era despejada de cabeza por Sancet. Romero, colocado en la media luna, golpeaba de primeras con un fuerte disparo realizado con el interior de la bota, y pon\u00eda el empate. El golpeo lleno de potencia y colocaci\u00f3n, era imposible para Sim\u00f3n.<\/p>\n<p>En la reanudaci\u00f3n, un error de Adama provocaba el segundo de los pericos. Se dorm\u00eda el lateral rojiblanco, Dolan robaba cerca de \u00e1rea rival y tras un preciso centro lateral, Pere Milla marcaba a placer.\u00a0<\/p>\n<p>Mov\u00eda ficha Valverde dando entrada a Guruzeta y a Rego. Galarreta y Nico Williams, ambos apercibidos, eran sustituidos. Sin embargo, no enderezaba el rumbo el cuadro vasco con los cambios, perd\u00eda brillantez con el bal\u00f3n y los nervios m\u00e1s las prisas, pasaban factura en las acciones de ataque.<\/p>\n<p>De hecho, los visitantes tuvieron el 1-3 en botas de Jofre con un disparo cruzado que se fue lamiendo el poste. Adem\u00e1s de ello, los pericos consiguieron minimizar las posibilidades de remontada con una trabajo serio y contundente en defensa.<\/p>\n<p>Para los minutos finales, volv\u00eda a aparecer Robert Navarro, baja en los cinco \u00faltimos partidos por una lesi\u00f3n de tobillo. En sus botas nac\u00eda la jugada que apunto estuvo de poner las tablas en el marcador con un cabezazo de Guruzeta, pero el testarazo se iba arriba.\u00a0<\/p>\n<p>Insist\u00eda el Athletic, que no bajaba los brazos, y bombardeaba con centros al \u00e1rea perica. La tuvieron Sancet y Unai G\u00f3mez pero, igualmente, el bal\u00f3n se marchaba por encima del larguero.<\/p>\n<p>Con ligeros pitos desped\u00eda San Mam\u00e9s a sus leones. Para el inicio de 2026, les espera una imponente cuesta de enero con hasta cinco partidos fuera de casa: con tres partidos de liga a domicilio, el partido ante el FC Barcelona de la Supercopa que se disputar\u00e1 en Arabia Saud\u00ed y el partido en Bergamo contra el Atalanta.<\/p>\n<p>\n      Todo sobre<br \/>\n      <a href=\"https:\/\/www.naiz.eus\/es\/info_sek\/liga-2025-2026\" rel=\"nofollow noopener\" target=\"_blank\">Liga 2025-2026<\/a>\n    <\/p>\n","protected":false},"excerpt":{"rendered":"Berenguer se dispone a rematar con Sancet en el suelo. (Marisol RAM\u00cdREZ | FOKU) Recib\u00eda el Athletic al&hellip;\n","protected":false},"author":2,"featured_media":302758,"comment_status":"","ping_status":"","sticky":false,"template":"","format":"standard","meta":{"footnotes":""},"categories":[93],"tags":[3099,10903,2182,60730,168,71749,25,24,16789,13461,69179,8057,23,167,31710,7096,1511],"class_list":{"0":"post-302757","1":"post","2":"type-post","3":"status-publish","4":"format-standard","5":"has-post-thumbnail","7":"category-deportes","8":"tag-3099","9":"tag-10903","10":"tag-athletic","11":"tag-carbon","12":"tag-deportes","13":"tag-domingi","14":"tag-es","15":"tag-espana","16":"tag-espanyol","17":"tag-mari","18":"tag-olentzero","19":"tag-remonta","20":"tag-spain","21":"tag-sports","22":"tag-traen","23":"tag-ve","24":"tag-y"},"share_on_mastodon":{"url":"https:\/\/pubeurope.com\/@es\/115767419833000277","error":""},"_links":{"self":[{"href":"https:\/\/www.europesays.com\/es\/wp-json\/wp\/v2\/posts\/302757","targetHints":{"allow":["GET"]}}],"collection":[{"href":"https:\/\/www.europesays.com\/es\/wp-json\/wp\/v2\/posts"}],"about":[{"href":"https:\/\/www.europesays.com\/es\/wp-json\/wp\/v2\/types\/post"}],"author":[{"embeddable":true,"href":"https:\/\/www.europesays.com\/es\/wp-json\/wp\/v2\/users\/2"}],"replies":[{"embeddable":true,"href":"https:\/\/www.europesays.com\/es\/wp-json\/wp\/v2\/comments?post=302757"}],"version-history":[{"count":0,"href":"https:\/\/www.europesays.com\/es\/wp-json\/wp\/v2\/posts\/302757\/revisions"}],"wp:featuredmedia":[{"embeddable":true,"href":"https:\/\/www.europesays.com\/es\/wp-json\/wp\/v2\/media\/302758"}],"wp:attachment":[{"href":"https:\/\/www.europesays.com\/es\/wp-json\/wp\/v2\/media?parent=302757"}],"wp:term":[{"taxonomy":"category","embeddable":true,"href":"https:\/\/www.europesays.com\/es\/wp-json\/wp\/v2\/categories?post=302757"},{"taxonomy":"post_tag","embeddable":true,"href":"https:\/\/www.europesays.com\/es\/wp-json\/wp\/v2\/tags?post=302757"}],"curies":[{"name":"wp","href":"https:\/\/api.w.org\/{rel}","templated":true}]}}