{"id":302766,"date":"2025-12-23T06:20:10","date_gmt":"2025-12-23T06:20:10","guid":{"rendered":"https:\/\/www.europesays.com\/es\/302766\/"},"modified":"2025-12-23T06:20:10","modified_gmt":"2025-12-23T06:20:10","slug":"bernardo-barranco-el-gobierno-esta-mas-contento-con-una-visita-del-papa-a-mexico-que-la-jerarquia-de-la-iglesia","status":"publish","type":"post","link":"https:\/\/www.europesays.com\/es\/302766\/","title":{"rendered":"Bernardo Barranco: \u201cEl Gobierno est\u00e1 m\u00e1s contento con una visita del Papa a M\u00e9xico que la jerarqu\u00eda de la Iglesia\u201d"},"content":{"rendered":"<p class=\"\">El pontificado de <a href=\"https:\/\/elpais.com\/america\/2025-05-10\/prevost-el-papa-peruano-misionero-y-politico.html\" target=\"_self\" rel=\"nofollow noopener\" title=\"https:\/\/elpais.com\/america\/2025-05-10\/prevost-el-papa-peruano-misionero-y-politico.html\">Le\u00f3n XIV<\/a> representa una constate sacudida para la c\u00fapula de la Iglesia cat\u00f3lica de M\u00e9xico, una de las m\u00e1s conservadoras de Am\u00e9rica Latina, sostiene el economista y soci\u00f3logo <a href=\"https:\/\/elpais.com\/mexico\/2021-09-10\/bernardo-barranco-la-elite-mexicana-es-capaz-de-perdonarle-a-la-iglesia-los-abusos-sexuales-y-mas.html\" target=\"_self\" rel=\"nofollow noopener\" title=\"https:\/\/elpais.com\/mexico\/2021-09-10\/bernardo-barranco-la-elite-mexicana-es-capaz-de-perdonarle-a-la-iglesia-los-abusos-sexuales-y-mas.html\">Bernardo Barranco<\/a> (Veracruz, 71 a\u00f1os). El Papa, nacido en Estados Unidos pero con un pensamiento m\u00e1s cercano al sur global, ha declarado, en su primera Exhortaci\u00f3n Apost\u00f3lica, <a href=\"https:\/\/elpais.com\/sociedad\/2025-10-09\/leon-xiv-dedica-su-primer-documento-a-los-pobres-vemos-crecer-elites-de-ricos-que-viven-en-una-burbuja.html\" target=\"_self\" rel=\"nofollow noopener\" title=\"https:\/\/elpais.com\/sociedad\/2025-10-09\/leon-xiv-dedica-su-primer-documento-a-los-pobres-vemos-crecer-elites-de-ricos-que-viven-en-una-burbuja.html\">su indiscutible posici\u00f3n a favor de los pobres<\/a> y ha hecho un llamado a los curas a dirigir su labor teni\u00e9ndolos a ellos como prioridad. Barranco explica que eso acerca a Le\u00f3n XIV a las tradiciones cat\u00f3licas m\u00e1s progresistas y supone un distanciamiento de las jerarqu\u00edas eclesi\u00e1sticas y las congregaciones que flirtean con los poderosos. Por ello, Barranco observa rasgos coincidentes en el pontificado de Robert Prevost y el <a href=\"https:\/\/elpais.com\/mexico\/elecciones-mexicanas\/2024-05-05\/la-decada-de-morena-un-partido-sobre-los-hombros-de-lopez-obrador.html\" target=\"_self\" rel=\"nofollow noopener\" title=\"https:\/\/elpais.com\/mexico\/elecciones-mexicanas\/2024-05-05\/la-decada-de-morena-un-partido-sobre-los-hombros-de-lopez-obrador.html\">programa pol\u00edtico de Morena<\/a>, en cuyo discurso tienen un lugar central los pobres.<\/p>\n<p class=\"\">En ese contexto, se ha dado la invitaci\u00f3n formal al Papa de parte del Gobierno de Claudia Sheinbaum para que visite M\u00e9xico. La presidenta mexicana ha asegurado que el pont\u00edfice acept\u00f3 la convocatoria, aunque no se ha definido fecha. Sheinbaum ha instruido que se hagan las gestiones pol\u00edticas para que la visita ocurra tan pronto como en 2026. Para la mandataria \u2015como anteriormente para el expresidente Andr\u00e9s Manuel L\u00f3pez Obrador\u2015, la llegada de un Papa como Le\u00f3n XIV puede <a href=\"https:\/\/elpais.com\/mexico\/2025-12-13\/sheinbaum-apuesta-a-la-visita-del-papa-en-2026-para-apuntalar-su-plan-de-paz-contra-la-violencia-en-mexico.html\" target=\"_self\" rel=\"nofollow noopener\" title=\"https:\/\/elpais.com\/mexico\/2025-12-13\/sheinbaum-apuesta-a-la-visita-del-papa-en-2026-para-apuntalar-su-plan-de-paz-contra-la-violencia-en-mexico.html\">reforzar las pol\u00edticas de pacificaci\u00f3n contra la epidemia de violencia<\/a>. M\u00e9xico es uno de los pa\u00edses con m\u00e1s cat\u00f3licos del mundo y tambi\u00e9n uno de los m\u00e1s perjudicados por la guerra de los carteles, que deja cada d\u00eda decenas de muertos y desaparecidos. Barranco recibe a EL PA\u00cdS para hablar de las implicaciones de la invitaci\u00f3n a Le\u00f3n XIV en un momento en que la c\u00fapula cat\u00f3lica ha ampliado su distancia del oficialismo y se ha acercado a la derecha partidista.<\/p>\n<p class=\"\"><b>Pregunta.<\/b> \u00bfEs una buena noticia la visita del Papa a M\u00e9xico?<\/p>\n<p class=\"\"><b>Respuesta.<\/b> M\u00e9xico es tierra de papas. Aqu\u00ed, en los a\u00f1os setenta, Juan Pablo II descubri\u00f3 el carisma de ser un papa de masas. <a href=\"https:\/\/elpais.com\/internacional\/2016\/02\/18\/mexico\/1455779465_820507.html\" target=\"_self\" rel=\"nofollow noopener\" title=\"https:\/\/elpais.com\/internacional\/2016\/02\/18\/mexico\/1455779465_820507.html\">Francisco tambi\u00e9n tuvo un momento muy particular en su visita<\/a>, hace 10 a\u00f1os. Son momentos de mucha movilizaci\u00f3n social, de creyentes y no creyentes. En M\u00e9xico y en Am\u00e9rica Latina, el poder de la Iglesia es importante. Que venga el jefe de una creencia mayoritaria tiene sin duda impactos, no solamente a la fe, sino pol\u00edticos y sociales. Si me preguntas, yo creo que est\u00e1 m\u00e1s contento el Gobierno de Sheinbaum con la visita del Papa que la propia jerarqu\u00eda cat\u00f3lica, porque hay principios b\u00e1sicos que comparte la Cuarta Transformaci\u00f3n tanto con Francisco como con Le\u00f3n XIV. El Papa acaba de lanzar una Exhortaci\u00f3n Apost\u00f3lica sobre los pobres, donde plantea que los problemas de marginaci\u00f3n, exclusi\u00f3n y vulnerabilidad de los pobres son los temas centrales en la vida de la Iglesia, cosa que el Episcopado nunca ha asumido como tal. La opci\u00f3n por los pobres, para el Episcopado, es de dientes para afuera. El Episcopado mexicano es uno de los m\u00e1s conservadores de Am\u00e9rica Latina. <\/p>\n<p><img decoding=\"auto\" class=\"_re lazyload a_m-h\" height=\"277\"  width=\"414\"  src=\"https:\/\/www.europesays.com\/es\/wp-content\/uploads\/2025\/12\/WEP7ARX6Z5A5JEYEZEZBJ2IZLA.jpg\" loading=\"lazy\"\/>Bernardo Barranco.Rodrigo Oropeza<\/p>\n<p class=\"\"><b>P.<\/b> \u00bfPor qu\u00e9 cree que el Gobierno apuesta tanto a la visita del pont\u00edfice?<\/p>\n<p class=\"\"><b>R.<\/b> Le\u00f3n XIV ha planteado que es un papa de la paz, en continuidad con Francisco. Es usar el peso, la investidura que representa el pontificado para ser un puente de di\u00e1logo y de paz a nivel internacional. <a href=\"https:\/\/elpais.com\/internacional\/2025-12-02\/el-papa-pide-a-israel-el-cese-de-los-ataques-en-libano-y-a-hezbola-el-fin-de-la-lucha-armada.html\" target=\"_self\" rel=\"nofollow noopener\" title=\"https:\/\/elpais.com\/internacional\/2025-12-02\/el-papa-pide-a-israel-el-cese-de-los-ataques-en-libano-y-a-hezbola-el-fin-de-la-lucha-armada.html\">La visita que acaba de hacer a Medio Oriente va en esa l\u00ednea<\/a>. Creo que la visita tiene connotaciones tambi\u00e9n geopol\u00edticas, ante la agresi\u00f3n con la que Estados Unidos est\u00e1 tratando a M\u00e9xico y la amenaza permanente de intervenci\u00f3n militar. Es un tema que le ata\u00f1e al Papa. Al ser norteamericano, cre\u00f3 expectativas de que iba a haber una gran comuni\u00f3n entre Donald Trump y el Papa, pero este tiene un coraz\u00f3n m\u00e1s latinoamericano. Los obispos estadounidenses son muy conservadores, adem\u00e1s de que hay grandes movimientos evang\u00e9licos que son de ultraderecha y apuntalan a Trump. Pero Le\u00f3n XIV est\u00e1 en contra de Trump. Ha habido momentos en que ha cuestionado la agresividad con la que se maneja. Su visita muy probablemente fortalezca la <a href=\"https:\/\/elpais.com\/mexico\/2025-12-18\/sheinbaum-coloca-a-mexico-como-un-nuevo-actor-en-el-conflicto-entre-venezuela-y-ee-uu.html\" target=\"_self\" rel=\"nofollow noopener\" title=\"https:\/\/elpais.com\/mexico\/2025-12-18\/sheinbaum-coloca-a-mexico-como-un-nuevo-actor-en-el-conflicto-entre-venezuela-y-ee-uu.html\">muralla de defensa que est\u00e1 levantando M\u00e9xico<\/a> frente a las locuras de un presidente que es capaz de invadir nuestro pa\u00eds. Por otro lado, una de las prioridades del Papa es la migraci\u00f3n, que es un tema de derechos humanos. <\/p>\n<p class=\"\"><b>P.<\/b> \u00bfHay coincidencias entre el programa oficialista de atenci\u00f3n a las causas de la violencia y el pensamiento del Papa?<\/p>\n<p class=\"\"><b>R.<\/b> S\u00ed. Fundamentalmente en el tema de la opci\u00f3n por los pobres, de una Iglesia solidaria frente a los pobres y un sentimiento de paz por parte del Papa. En el aspecto social, tiene m\u00e1s coincidencias con la 4T que con el propio Episcopado mexicano. Y eso es una afirmaci\u00f3n fuerte. Es decir, el hecho de que <a href=\"https:\/\/elpais.com\/mexico\/opinion\/2025-07-30\/como-salieron-de-la-pobreza-10-millones-de-mexicanos.html\" target=\"_self\" rel=\"nofollow noopener\" title=\"https:\/\/elpais.com\/mexico\/opinion\/2025-07-30\/como-salieron-de-la-pobreza-10-millones-de-mexicanos.html\">un buen n\u00famero de pobres hayan salido de esa condici\u00f3n<\/a> y est\u00e9n en tr\u00e1nsito de una mejor posici\u00f3n de vida, es un reflejo muy interesante de las pol\u00edticas p\u00fablicas. Creo que son aspectos que le van a llenar los o\u00eddos y el coraz\u00f3n al Papa. Ahora, \u00e9l es muy abierto en la cuesti\u00f3n social, pero no lo es tanto en los aspectos morales; guarda una tradici\u00f3n de una catolicidad fuerte, afirmada, y los valores con la familia. <\/p>\n<p class=\"\"><b>P.<\/b> \u00bfC\u00f3mo ha sido la relaci\u00f3n entre el obradorismo y la Iglesia cat\u00f3lica?<\/p>\n<p class=\"\"><b>R.<\/b> En la elecci\u00f3n de 2018, L\u00f3pez Obrador hizo algo que molest\u00f3 mucho a la Iglesia, que fue aliarse con el partido evang\u00e9lico, el PES. Los obispos aguantaron. Pero el momento culminante fue cuando <a href=\"https:\/\/elpais.com\/mexico\/2022-10-17\/la-indignacion-de-los-jesuitas-tras-las-revelaciones-de-los-papeles-de-la-sedena-la-tragedia-probablemente-se-hubiera-evitado.html\" target=\"_self\" rel=\"nofollow noopener\" title=\"https:\/\/elpais.com\/mexico\/2022-10-17\/la-indignacion-de-los-jesuitas-tras-las-revelaciones-de-los-papeles-de-la-sedena-la-tragedia-probablemente-se-hubiera-evitado.html\">asesinaron a los dos jesuitas en Chihuahua en 2022<\/a>. A partir de ese momento, el Episcopado emprende una ofensiva que va primero del tema de la inseguridad, cuestionando la estrategia, y despu\u00e9s va transitando hacia una oposici\u00f3n m\u00e1s org\u00e1nica en t\u00e9rminos pol\u00edticos frente al Gobierno. Apoyan la Marea Rosa, apoyan las manifestaciones de \u201cel INE no se toca\u201d y se meten al tema de la reforma judicial. Entonces, los obispos pasaron de un descontento, de un malestar, de una dificultad de di\u00e1logo [con el Gobierno], hasta una franca oposici\u00f3n. La Iglesia perdi\u00f3 interlocuci\u00f3n y ped\u00eda mayor atenci\u00f3n. Eso, en un contexto de decadencia, de ir en picada respecto a sus fieles, y sobre todo en su credibilidad por el encubrimiento de cientos de pederastas religiosos. Todo eso ha provocado que haya una relaci\u00f3n enrarecida entre el Gobierno de la Cuarta Transformaci\u00f3n y la Iglesia. Sheinbaum ha sido mucho m\u00e1s reservada [que L\u00f3pez Obrador], ha tenido mucha m\u00e1s sensibilidad en el tratamiento tanto con los evang\u00e9licos como con la Iglesia cat\u00f3lica. No ha roto, pero tampoco se ha desbocado hacia unos u otros.<\/p>\n<p class=\"\"><b>P. <\/b>Usted ha rese\u00f1ado que, en la \u00faltima asamblea plenaria del Episcopado, hubo posicionamientos que indican una radicalizaci\u00f3n de la Iglesia hacia el conservadurismo.<\/p>\n<p class=\"\"><b>R.<\/b> Era como escuchar a Alito Moreno [dirigente del PRI] con palabras dulces y suaves, pero en el fondo era lo mismo. Es una jerarqu\u00eda que se ha desbocado, aunque creo que no son todos los obispos, sino sobre todo Ram\u00f3n Castro, el presidente de la Conferencia del Episcopado, que es muy conservador. Cree que la Iglesia es un espacio de perfecci\u00f3n y es muy reacio a <a href=\"https:\/\/elpais.com\/mexico\/2025-08-16\/las-claves-del-caso-marcial-maciel-abusos-encubrimiento-y-un-oscuro-legado-de-impunidad.html\" target=\"_self\" rel=\"nofollow noopener\" title=\"https:\/\/elpais.com\/mexico\/2025-08-16\/las-claves-del-caso-marcial-maciel-abusos-encubrimiento-y-un-oscuro-legado-de-impunidad.html\">las cr\u00edticas sobre el tema de pederastia<\/a>. <\/p>\n<p><img decoding=\"auto\" class=\"_re lazyload a_m-h\" height=\"277\"  width=\"414\"  src=\"https:\/\/www.europesays.com\/es\/wp-content\/uploads\/2025\/12\/22JWO3VM35FYLFHHHJQT6OC2OY.jpg\" loading=\"lazy\"\/>Bernardo Barranco.Rodrigo Oropeza<\/p>\n<p class=\"\"><b>P. <\/b>\u00bfHay un giro hacia la ultraderecha?<\/p>\n<p class=\"\"><b>R. <\/b>Yo dir\u00eda que no de todos los obispos, sino fundamentalmente de ciertas c\u00fapulas, y tambi\u00e9n de grupos radicales, por ejemplo, <a href=\"https:\/\/elpais.com\/mexico\/2023-02-05\/tortura-y-abuso-psicologico-como-funciona-el-yunque-la-organizacion-secreta-de-ultraderecha.html\" target=\"_self\" rel=\"nofollow noopener\" title=\"https:\/\/elpais.com\/mexico\/2023-02-05\/tortura-y-abuso-psicologico-como-funciona-el-yunque-la-organizacion-secreta-de-ultraderecha.html\">el Yunque<\/a>, los Legionarios de Cristo, el Opus Dei. Toda esa familia ultra de la Iglesia cat\u00f3lica que tiene esa postura, primero, por la crisis de la oposici\u00f3n, que no tiene br\u00fajula clara, y es donde la ultraderecha se vuelve una opci\u00f3n. En M\u00e9xico, puede suceder que, en t\u00e9rminos de valores morales y \u00e9ticos, la Iglesia est\u00e9 a favor de posturas de ultraderecha, pero en t\u00e9rminos de pol\u00edtica social no podr\u00eda estarlo, porque el Papa ha planteado ya una l\u00ednea de conducci\u00f3n. Es la gran paradoja. <\/p>\n<p class=\"\"><b>P. <\/b>\u00bfHay sinton\u00eda entre la Iglesia mexicana y los postulados del Papa?<\/p>\n<p class=\"\"><b>R.<\/b> La cultura eclesi\u00e1stica es muy jer\u00e1rquica. Nunca ver\u00e1s que los cardenales cuestionen al Papa. Tanto Francisco como Le\u00f3n XIV han enfrentado posturas muy duras de sectores ultraconservadores del clero. S\u00ed hay una guerra, pero, en t\u00e9rminos institucionales, el Episcopado no puede irse por la libre. Si la Iglesia [mexicana] se decide por un proceso de derechizaci\u00f3n, los nombramientos de los obispos que vienen de Roma van a ser polos contrarios. As\u00ed como decimos que ser\u00eda ideal el di\u00e1logo entre Gobierno y obispos, tambi\u00e9n es deseable un di\u00e1logo entre el Papa y los obispos mexicanos. En 2026, veremos de qu\u00e9 signo son los cerca de 16 obispos [que nombrar\u00e1 Le\u00f3n XIV] en di\u00f3cesis importantes, como Ciudad de M\u00e9xico y Guadalajara. A lo mejor el Papa abrir\u00e1 el espacio para que haya contrapesos internos al interior del Episcopado, si es que nota que este va en esa l\u00ednea de la ultraderecha, que no es la l\u00ednea del Papa. Porque la ultraderecha no est\u00e1 con los pobres, sino con los intereses.<\/p>\n<p class=\"\"><b>P.<\/b> M\u00e1s all\u00e1 del inter\u00e9s de la Iglesia, el Gobierno y los cat\u00f3licos, \u00bfqu\u00e9 puede aportar socialmente la visita del Papa?<\/p>\n<p class=\"\"><b>R.<\/b> Si el tejido social se est\u00e1 corroyendo, pues unamos fuerzas: gubernamentales, sociedad civil, medios, comunidades religiosas, Iglesia&#8230; Suena l\u00f3gico. Pero esta polarizaci\u00f3n que la Iglesia tambi\u00e9n ha fomentado impide un di\u00e1logo m\u00e1s estrat\u00e9gico en ese sentido. Vale la pena encontrar f\u00f3rmulas de entendimiento, por el bien del pa\u00eds. La visita del Papa puede ser muy interesante, porque a trav\u00e9s de \u00e9l se pueden abrir estas v\u00edas. <\/p>\n","protected":false},"excerpt":{"rendered":"El pontificado de Le\u00f3n XIV representa una constate sacudida para la c\u00fapula de la Iglesia cat\u00f3lica de M\u00e9xico,&hellip;\n","protected":false},"author":2,"featured_media":302767,"comment_status":"","ping_status":"","sticky":false,"template":"","format":"standard","meta":{"footnotes":""},"categories":[42],"tags":[889,17,18,18291,13,14,39354,11,401,61,62,63,64,19,20,1804,1906,9,10,15,16,400,5603,12,21,22,4247,65,66,67],"class_list":{"0":"post-302766","1":"post","2":"type-post","3":"status-publish","4":"format-standard","5":"has-post-thumbnail","7":"category-internacional","8":"tag-america","9":"tag-breaking-news","10":"tag-breakingnews","11":"tag-claudia-sheinbaum","12":"tag-featured-news","13":"tag-featurednews","14":"tag-gobierno-mexico","15":"tag-headlines","16":"tag-iglesia-catolica","17":"tag-internacional","18":"tag-international","19":"tag-international-news","20":"tag-internationalnews","21":"tag-latest-news","22":"tag-latestnews","23":"tag-latinoamerica","24":"tag-mexico","25":"tag-news","26":"tag-noticias","27":"tag-noticias-destacadas","28":"tag-noticiasdestacadas","29":"tag-papa-leon-xiv","30":"tag-religion","31":"tag-titulares","32":"tag-ultimas-noticias","33":"tag-ultimasnoticias","34":"tag-ultraderecha","35":"tag-world","36":"tag-world-news","37":"tag-worldnews"},"share_on_mastodon":{"url":"","error":"Validation failed: Text character limit of 500 exceeded"},"_links":{"self":[{"href":"https:\/\/www.europesays.com\/es\/wp-json\/wp\/v2\/posts\/302766","targetHints":{"allow":["GET"]}}],"collection":[{"href":"https:\/\/www.europesays.com\/es\/wp-json\/wp\/v2\/posts"}],"about":[{"href":"https:\/\/www.europesays.com\/es\/wp-json\/wp\/v2\/types\/post"}],"author":[{"embeddable":true,"href":"https:\/\/www.europesays.com\/es\/wp-json\/wp\/v2\/users\/2"}],"replies":[{"embeddable":true,"href":"https:\/\/www.europesays.com\/es\/wp-json\/wp\/v2\/comments?post=302766"}],"version-history":[{"count":0,"href":"https:\/\/www.europesays.com\/es\/wp-json\/wp\/v2\/posts\/302766\/revisions"}],"wp:featuredmedia":[{"embeddable":true,"href":"https:\/\/www.europesays.com\/es\/wp-json\/wp\/v2\/media\/302767"}],"wp:attachment":[{"href":"https:\/\/www.europesays.com\/es\/wp-json\/wp\/v2\/media?parent=302766"}],"wp:term":[{"taxonomy":"category","embeddable":true,"href":"https:\/\/www.europesays.com\/es\/wp-json\/wp\/v2\/categories?post=302766"},{"taxonomy":"post_tag","embeddable":true,"href":"https:\/\/www.europesays.com\/es\/wp-json\/wp\/v2\/tags?post=302766"}],"curies":[{"name":"wp","href":"https:\/\/api.w.org\/{rel}","templated":true}]}}