{"id":302768,"date":"2025-12-23T06:27:45","date_gmt":"2025-12-23T06:27:45","guid":{"rendered":"https:\/\/www.europesays.com\/es\/302768\/"},"modified":"2025-12-23T06:27:45","modified_gmt":"2025-12-23T06:27:45","slug":"se-han-iniciado-las-obras-de-ampliacion-del-cementerio-de-santa-ana-ayuntamiento-de-colmenar-viejo","status":"publish","type":"post","link":"https:\/\/www.europesays.com\/es\/302768\/","title":{"rendered":"Se han iniciado las obras de ampliaci\u00f3n del Cementerio de Santa Ana \u2014 Ayuntamiento de Colmenar Viejo"},"content":{"rendered":"<p>22-diciembre-2025. El Ayuntamiento de Colmenar Viejo ha iniciado las obras para la <strong>construcci\u00f3n de sepulturas en el Cementerio de Santa Ana<\/strong>. El presupuesto de la actuaci\u00f3n municipal es de 562.500 euros (IVA incluido), y el plazo de ejecuci\u00f3n de la obra ser\u00e1 de tres meses.<\/p>\n<p>\u201cLa ampliaci\u00f3n del cementerio municipal responde a una necesidad urgente y prioritaria: garantizar que nuestro camposanto disponga de las sepulturas suficientes para atender la demanda de sepelios en los pr\u00f3ximos a\u00f1os. Con esta intervenci\u00f3n, aumentamos el n\u00famero de unidades de enterramiento disponibles, especialmente en lo que respecta a fosas, cuya disponibilidad ha disminuido de forma m\u00e1s acusada que la de nichos o columbarios\u201d, explica<strong> Felipe Mansilla Nogales<\/strong>, quinto teniente de alcalde y concejal de Calidad y Mantenimiento de la Ciudad.<\/p>\n<p>\u201cEstos trabajos se enmarcan dentro de nuestro compromiso por mejorar los servicios e infraestructuras municipales. Asegurar que el cementerio municipal cuente siempre con sepulturas libres es una prioridad, y esta ampliaci\u00f3n nos permite avanzar en esa direcci\u00f3n, reforzando la planificaci\u00f3n y el respeto que merecen estos espacios\u201d, se\u00f1ala el edil.<\/p>\n<p><img decoding=\"async\" alt=\"NdP_Obras cementerio (1).jpeg\" class=\"image-richtext image-inline\" src=\"https:\/\/www.europesays.com\/es\/wp-content\/uploads\/2025\/12\/3fbe1f7a-d5b0-40e7-98ce-0a832eacf89c.jpeg\" title=\"NdP_Obras cementerio (1).jpeg\"\/><\/p>\n<p>Al <strong>Cementerio de Santa Ana<\/strong> se accede por la calle Diseminado, 51. El conjunto est\u00e1 formado por un aparcamiento exterior descubierto y un edificio destinado a tanatorio y crematorio, mientras que el resto de la parcela se destina a unidades de enterramiento en fosas, nichos y columbarios. El recinto est\u00e1 completamente vallado y gran parte de \u00e9l se encuentra en terreno natural. A medida que se van ampliando las unidades de enterramiento se va facilitando el acceso a las mismas con nuevos viales.<\/p>\n<p>La superficie total del cementerio es de 41.746 m2, siendo la parcela sobre la que se va a actuar de 1.200 m2, y en la que se va a ejecutar una nueva plataforma de enterramiento con 84 fosas (con capacidad para 336 enterramientos), as\u00ed como la construcci\u00f3n de nuevos viales desde los ya existentes, incorporando criterios de accesibilidad. Ser\u00e1 tambi\u00e9n necesaria la construcci\u00f3n de nuevos muros de contenci\u00f3n que servir\u00e1n para adaptarse a las condiciones del terreno y a las plataformas ya existentes.<\/p>\n<p>Se aprovechar\u00e1 la actuaci\u00f3n para ampliar la red de alumbrado, con las mismas caracter\u00edsticas de la instalaci\u00f3n actual. En cuanto a la red de saneamiento y de recogida de pluviales, el proyecto se adapta a la red existente, construyendo rigolas y sumideros a nivel de pavimentos y una red de drenaje enterrada, ambos conectados a los colectores de saneamiento que atraviesan de norte a sur el cementerio.<\/p>\n<p>Por \u00faltimo, se completar\u00e1 el mobiliario con bancos y papeleras de las mismas caracter\u00edsticas que los existentes, y se dotar\u00e1 de arbolado perimetral a los nuevos viarios y se ajardinar\u00e1 el per\u00edmetro de los nuevos muros de contenci\u00f3n que se ejecuten con el fin de mejorar las instalaciones e integrarlas con el paisaje.<\/p>\n<p><img decoding=\"async\" alt=\"NdP_Obras cementerio (3).jpeg\" class=\"image-richtext image-inline\" src=\"https:\/\/www.europesays.com\/es\/wp-content\/uploads\/2025\/12\/c63aebdf-7294-4eba-887a-9c506f959d2e.jpeg\" title=\"NdP_Obras cementerio (3).jpeg\"\/><\/p>\n<p><img decoding=\"async\" alt=\"NdP_Obras cementerio (4).jpeg\" class=\"image-richtext image-inline\" src=\"https:\/\/www.europesays.com\/es\/wp-content\/uploads\/2025\/12\/202caf93-a99d-4876-b92e-f74e4de5efbc.jpeg\" title=\"NdP_Obras cementerio (4).jpeg\"\/><\/p>\n<p>\u00a0<\/p>\n","protected":false},"excerpt":{"rendered":"22-diciembre-2025. El Ayuntamiento de Colmenar Viejo ha iniciado las obras para la construcci\u00f3n de sepulturas en el Cementerio&hellip;\n","protected":false},"author":2,"featured_media":56143,"comment_status":"","ping_status":"","sticky":false,"template":"","format":"standard","meta":{"footnotes":""},"categories":[5],"tags":[17,18,25,24,13,14,11,19,20,9,10,15,16,23,12,21,22],"class_list":{"0":"post-302768","1":"post","2":"type-post","3":"status-publish","4":"format-standard","5":"has-post-thumbnail","7":"category-titulares","8":"tag-breaking-news","9":"tag-breakingnews","10":"tag-es","11":"tag-espana","12":"tag-featured-news","13":"tag-featurednews","14":"tag-headlines","15":"tag-latest-news","16":"tag-latestnews","17":"tag-news","18":"tag-noticias","19":"tag-noticias-destacadas","20":"tag-noticiasdestacadas","21":"tag-spain","22":"tag-titulares","23":"tag-ultimas-noticias","24":"tag-ultimasnoticias"},"share_on_mastodon":{"url":"https:\/\/pubeurope.com\/@es\/115767470839542102","error":""},"_links":{"self":[{"href":"https:\/\/www.europesays.com\/es\/wp-json\/wp\/v2\/posts\/302768","targetHints":{"allow":["GET"]}}],"collection":[{"href":"https:\/\/www.europesays.com\/es\/wp-json\/wp\/v2\/posts"}],"about":[{"href":"https:\/\/www.europesays.com\/es\/wp-json\/wp\/v2\/types\/post"}],"author":[{"embeddable":true,"href":"https:\/\/www.europesays.com\/es\/wp-json\/wp\/v2\/users\/2"}],"replies":[{"embeddable":true,"href":"https:\/\/www.europesays.com\/es\/wp-json\/wp\/v2\/comments?post=302768"}],"version-history":[{"count":0,"href":"https:\/\/www.europesays.com\/es\/wp-json\/wp\/v2\/posts\/302768\/revisions"}],"wp:featuredmedia":[{"embeddable":true,"href":"https:\/\/www.europesays.com\/es\/wp-json\/wp\/v2\/media\/56143"}],"wp:attachment":[{"href":"https:\/\/www.europesays.com\/es\/wp-json\/wp\/v2\/media?parent=302768"}],"wp:term":[{"taxonomy":"category","embeddable":true,"href":"https:\/\/www.europesays.com\/es\/wp-json\/wp\/v2\/categories?post=302768"},{"taxonomy":"post_tag","embeddable":true,"href":"https:\/\/www.europesays.com\/es\/wp-json\/wp\/v2\/tags?post=302768"}],"curies":[{"name":"wp","href":"https:\/\/api.w.org\/{rel}","templated":true}]}}