{"id":302782,"date":"2025-12-23T06:45:12","date_gmt":"2025-12-23T06:45:12","guid":{"rendered":"https:\/\/www.europesays.com\/es\/302782\/"},"modified":"2025-12-23T06:45:12","modified_gmt":"2025-12-23T06:45:12","slug":"burgos-abre-un-ala-del-hubu-por-la-gripe-mientras-alertan-de-que-las-bolsas-de-enfermeria-estan-vacias","status":"publish","type":"post","link":"https:\/\/www.europesays.com\/es\/302782\/","title":{"rendered":"Burgos abre un ala del HUBU por la gripe mientras alertan de que las bolsas de Enfermer\u00eda est\u00e1n vac\u00edas"},"content":{"rendered":"<p><a class=\"v-mdl-ath__fig-a\" href=\"https:\/\/www.burgosconecta.es\/autor\/aythami-perez-miguel-2517.html\" title=\"Aythami P\u00e9rez Miguel\" rel=\"nofollow noopener\" target=\"_blank\"><br \/>\n<img decoding=\"async\" class=\"v-mdl-ath__img\" src=\"https:\/\/www.europesays.com\/es\/wp-content\/uploads\/2025\/07\/autor-2517-foto-2.jpeg\" alt=\"Aythami P\u00e9rez Miguel\"\/><br \/>\n<\/a><\/p>\n<p class=\"v-mdl-ath__p v-mdl-ath__p--6\">\nMartes, 23 de diciembre 2025, 07:25<\/p>\n<p class=\"v-p\">La incidencia de la gripe en Castilla y Le\u00f3n ha alcanzado el nivel de medio-alto, seg\u00fan la informaci\u00f3n que maneja el consejero de Sanidad, Alejandro V\u00e1zquez. La consejer\u00eda de Sanidad ofrece un balance semanal sobre la situaci\u00f3n de la gripe en la comunidad, pero no aporta datos provincializados.<\/p>\n<p class=\"v-p\">Lo que s\u00ed ha confirmado el Hospital Universitario de Burgos (HUBU) es que el centro ya ha activado y tiene en marcha el plan de contingencia contra virus respiratorios invernales. Es algo que se suele hacer todos los a\u00f1os en estas fechas. <\/p>\n<p>Plan de contingencia activado en el HUBU<\/p>\n<p class=\"v-p\">El HUBU activ\u00f3 el plan de contingencia hace unas dos semanas. Esto implica que se ha habilitado un espacio del hospital en el que habitualmente no hay personas ingresadas para atender a los pacientes m\u00e1s graves con virus respiratorios, la conocida como H7. Este espacio acoge los ingresos de personas con infecciones respiratorias como la gripe, la covid y otras enfermedades causadas por virus respiratorios.<\/p>\n<p class=\"v-p\">V\u00e1zquez se\u00f1ala que las infecciones respiratorias por otros virus, m\u00e1s all\u00e1 de la gripe, tambi\u00e9n presentan una incidencia alta. El consejero es consciente de que \u00abla situaci\u00f3n est\u00e1 haciendo trabajar con tensi\u00f3n a los servicios de urgencia y a los centros de salud de la comunidad\u00bb. <\/p>\n<p>La gesti\u00f3n del personal<\/p>\n<p class=\"v-p\">Lo que no aclara el HUBU es c\u00f3mo esta ampliaci\u00f3n de espacios va acompa\u00f1ada de una ampliaci\u00f3n de personal para atender a estos pacientes. El consejero de Sanidad asegura que \u00abno tenemos otro tipo de incidencias a nivel asistencial\u00bb, en referencia a la inexistencia de problemas de personal para atender a estos enfermos. \u00abTenemos planes de contingencia que utilizamos en funci\u00f3n de las necesidades que se van produciendo en las distintas \u00e1reas de salud\u00bb, explica.<\/p>\n<p>La visi\u00f3n de las enfermeras: refuerzos insuficientes<\/p>\n<p class=\"v-p\">Desde SATSE, sindicato de Enfermer\u00eda, matizan la situaci\u00f3n. Apuntan que \u00abtodos los a\u00f1os se abre esta ala por el mismo motivo, los virus de la temporada invernal\u00bb. Silvia L\u00f3pez Venero, secretaria provincial de SATSE, a\u00f1ade que se ha abierto con personal, \u00abse ha intentado reforzar con personal de otras plantas, pero tambi\u00e9n con enfermeras de la bolsa, porque desde el puente de diciembre las bolsas de empleo de enfermer\u00eda est\u00e1n vac\u00edas en <a href=\"https:\/\/www.burgosconecta.es\/\" title=\"www.burgosconecta.es\" data-voc-vtm-id=\"in-text-traffic\" data-mrf-link=\"www.burgosconecta.es\" rel=\"nofollow noopener\" target=\"_blank\">Burgos<\/a>\u00bb. <\/p>\n<p class=\"v-p\">A\u00f1ade L\u00f3pez Venero que se ha necesitado tanto personal que tambi\u00e9n se ha llamado a esas enfermeras de la bolsa que estaban sancionadas. Estas sanciones pueden deberse a que han sido llamadas para trabajar y lo han rechazado. \u00abHace falta personal y esta problem\u00e1tica con el personal de Enfermer\u00eda es c\u00edclica, es f\u00e1cil prevenirla, pero no se hace\u00bb, lamenta L\u00f3pez Venero.<\/p>\n<p>Contratos estables y previsi\u00f3n, la principal reivindicaci\u00f3n<\/p>\n<p class=\"v-p\">Lo que reclama SATSE es una planificaci\u00f3n m\u00e1s previsible de los recursos humanos, \u00abcada estaci\u00f3n tiene sus necesidades, en invierno sabemos que son los virus respiratorios, pero en verano son las vacaciones\u00bb, ejemplifica la secretaria provincial de sindicato.<\/p>\n<p class=\"v-p\">SATSE apuesta por contratos estables y duraderos que permitan fidelizar profesionales. \u00abLos contratos no deben ser estacionales, se tienen que mantener en el tiempo para que sean un verdadero refuerzo. Adem\u00e1s, los contratos de corta duraci\u00f3n, como estamos viendo, provocan que la gente se vaya. Hay que incidir en mejorar las condiciones, ofrecer durabilidad y conciliaci\u00f3n. Parece que no somos conscientes de que Burgos tiene dos comunidades cerca muy fuertes donde ofrecen mejores condiciones a los sanitarios\u00bb, advierte L\u00f3pez Venero.<\/p>\n<p>Previsi\u00f3n de aumento tras la Navidad<\/p>\n<p class=\"v-p\">Por su parte, el consejero de Sanidad ha vaticinado que la incidencia de la gripe y de otras enfermedades respiratorias aumentar\u00e1 en las pr\u00f3ximas semanas debido a las celebraciones navide\u00f1as y los encuentros sociales.<\/p>\n<p class=\"v-p\">Ante este escenario, la Consejer\u00eda recomienda a las personas con s\u00edntomas respiratorios el uso de mascarilla, especialmente en contacto con personas vulnerables, como medida preventiva para frenar la transmisi\u00f3n de los virus.<\/p>\n<p>Reporta un error<\/p>\n","protected":false},"excerpt":{"rendered":"Martes, 23 de diciembre 2025, 07:25 La incidencia de la gripe en Castilla y Le\u00f3n ha alcanzado el&hellip;\n","protected":false},"author":2,"featured_media":302783,"comment_status":"","ping_status":"","sticky":false,"template":"","format":"standard","meta":{"footnotes":""},"categories":[92],"tags":[490,6073,14985,623,20372,25,24,1998,7749,165,5694,3053,166,23],"class_list":{"0":"post-302782","1":"post","2":"type-post","3":"status-publish","4":"format-standard","5":"has-post-thumbnail","7":"category-salud","8":"tag-abre","9":"tag-ala","10":"tag-alertan","11":"tag-burgos","12":"tag-enfermeras","13":"tag-es","14":"tag-espana","15":"tag-falta","16":"tag-gripe","17":"tag-health","18":"tag-hubu","19":"tag-personal","20":"tag-salud","21":"tag-spain"},"share_on_mastodon":{"url":"https:\/\/pubeurope.com\/@es\/115767536843321052","error":""},"_links":{"self":[{"href":"https:\/\/www.europesays.com\/es\/wp-json\/wp\/v2\/posts\/302782","targetHints":{"allow":["GET"]}}],"collection":[{"href":"https:\/\/www.europesays.com\/es\/wp-json\/wp\/v2\/posts"}],"about":[{"href":"https:\/\/www.europesays.com\/es\/wp-json\/wp\/v2\/types\/post"}],"author":[{"embeddable":true,"href":"https:\/\/www.europesays.com\/es\/wp-json\/wp\/v2\/users\/2"}],"replies":[{"embeddable":true,"href":"https:\/\/www.europesays.com\/es\/wp-json\/wp\/v2\/comments?post=302782"}],"version-history":[{"count":0,"href":"https:\/\/www.europesays.com\/es\/wp-json\/wp\/v2\/posts\/302782\/revisions"}],"wp:featuredmedia":[{"embeddable":true,"href":"https:\/\/www.europesays.com\/es\/wp-json\/wp\/v2\/media\/302783"}],"wp:attachment":[{"href":"https:\/\/www.europesays.com\/es\/wp-json\/wp\/v2\/media?parent=302782"}],"wp:term":[{"taxonomy":"category","embeddable":true,"href":"https:\/\/www.europesays.com\/es\/wp-json\/wp\/v2\/categories?post=302782"},{"taxonomy":"post_tag","embeddable":true,"href":"https:\/\/www.europesays.com\/es\/wp-json\/wp\/v2\/tags?post=302782"}],"curies":[{"name":"wp","href":"https:\/\/api.w.org\/{rel}","templated":true}]}}