{"id":302788,"date":"2025-12-23T06:48:16","date_gmt":"2025-12-23T06:48:16","guid":{"rendered":"https:\/\/www.europesays.com\/es\/302788\/"},"modified":"2025-12-23T06:48:16","modified_gmt":"2025-12-23T06:48:16","slug":"el-ibex-35-cierra-plano-ajeno-al-cambio-de-ciclo-politico","status":"publish","type":"post","link":"https:\/\/www.europesays.com\/es\/302788\/","title":{"rendered":"El IBEX 35 cierra plano ajeno al cambio de ciclo pol\u00edtico"},"content":{"rendered":"<p>El <a href=\"https:\/\/www.finanzas.com\/IBEX-35\" rel=\"nofollow noopener\" target=\"_blank\">IBEX 35<\/a> finaliz\u00f3 la sesi\u00f3n de este lunes con una t\u00edmida ca\u00edda del 0,07%, hasta los 17.158 puntos, en al arranque de la semana de Navidad en la que el selectivo apenas not\u00f3 el impacto por las elecciones en Extremadura y su lectura en clave de giro a la derecha para la pol\u00edtica nacional.<\/p>\n<p>El selectivo de referencia en la bolsa espa\u00f1ola se dej\u00f3 llevar por el mismo tono ap\u00e1tico que mand\u00f3 en los principales parqu\u00e9s europeos y que dejaban al DAX alem\u00e1n con ca\u00eddas del 0,2% y al CAC franc\u00e9s con recortes del 0,5%.<\/p>\n<p>La prudencia tras la reuni\u00f3n de la semana pasada del BCE influy\u00f3 en las operaciones, ya que \u201cla pauta de nuevas bajadas de tipos en Europa no est\u00e1 tan clara como en EEUU de cara al 2026\u201d, dijo a finanzas.com <strong>Adri\u00e1n Hostaled<\/strong>, analista en XTB.<\/p>\n<p>Sin embargo, a\u00f1adi\u00f3 este experto a preguntas de finanzas.com, \u201cno hay indicios de que la suave ca\u00edda de hoy en el Ibex 35 est\u00e9 relacionada con las elecciones en Extremadura\u201d.<\/p>\n<p><strong>Poco apetito en el IBEX 35 con la Navidad a la vuelta de la esquina<\/strong><\/p>\n<p>Con diferencia, el arranque de una semana m\u00e1s corta de lo habitual y con muchos inversores fuera del mercado por la Navidad fue lo m\u00e1s destacable este lunes.<\/p>\n<p>\u00abTendremos por delante la t\u00edpica semana de Navidad: reducidos vol\u00famenes de actividad, pocas referencias y mercado cerrado algunos d\u00edas. Por tanto, ser\u00e1 una semana corta y pr\u00e1cticamente de tr\u00e1mite, por lo que no podemos esperar grandes avances\u00bb, avanzan los expertos de <strong>Bankinter<\/strong>.<\/p>\n<p>En Wall Street la situaci\u00f3n era diferente, pues el S&amp;P500 cotizaba alzas de casi el 0,5% al cierre de Europa, con cerca de 400 valores en terreno positivo.<\/p>\n<p><strong>El oro escala a nuevos m\u00e1ximos hist\u00f3ricos<\/strong><\/p>\n<p>Varios eran los focos en Wall Street, ninguno de ellos capaz de levantar este lunes a las bolsas europeas, empezando por la Fed, cuyo efecto pareci\u00f3 diluirse por completo.<\/p>\n<p>El mercado descuenta <strong>dos recortes de tipos en Estados Unidos el pr\u00f3ximo a\u00f1o<\/strong>, pero el calendario y la intensidad siguen siendo motivo de debate.<\/p>\n<p>El gobernador de laFed, <strong>Stephen Miran<\/strong>, advirti\u00f3 recientemente de que el banco central corre el riesgo de provocar una recesi\u00f3n si no contin\u00faa bajando los tipos en 2026, pero el mercado lo m\u00e1ximo que descuenta ahora son dos rebajas de tipos.<\/p>\n<p>Precisamente gracias a estas expectativas de mayor relajaci\u00f3n monetaria, el <a href=\"https:\/\/www.finanzas.com\/mercados\/el-oro-supera-por-primera-vez-los-4-400.html\" rel=\"nofollow noopener\" target=\"_blank\">oro marc\u00f3 este lunes nuevos m\u00e1ximos hist\u00f3ricos por encima de los 4.400 d\u00f3lares<\/a> por onza.<\/p>\n<p><strong>Se\u00f1ales para la cautela<\/strong><\/p>\n<p>Pese al optimismo general, algunos analistas alertan de una se\u00f1al que hist\u00f3ricamente invita a la cautela: el elevado grado de consenso.<\/p>\n<p>Los objetivos de cierre de a\u00f1o para el S&amp;P 500 publicados por las firmas de inversi\u00f3n se concentran en el rango <strong>m\u00e1s estrecho de casi una d\u00e9cada<\/strong>, con previsiones que van desde los 7.000 hasta los 8.100 puntos.<\/p>\n<p>Este alineamiento suele interpretarse como una se\u00f1al contraria: cuando todos los estrategas miran en la misma direcci\u00f3n, el mercado tiende a buscar el equilibrio por otro camino. Aun as\u00ed, la media de previsiones sigue apuntando a <strong>m\u00e1s subidas en 2026<\/strong>, incluso despu\u00e9s de <strong>tres a\u00f1os consecutivos de rentabilidades de doble d\u00edgito<\/strong>.<\/p>\n<p><strong>Repsol lidera las alzas en el IBEX 35<\/strong><\/p>\n<p>Por la parte alta del IBEX 35, las mayores subidas fueron para Repsol, que finaliz\u00f3 la sesi\u00f3n con un rebote del 1,8%, por delante del 1% que se anot\u00f3 Aena. Adem\u00e1s, Inditex sum\u00f3 un 0,9% y fue el mejor entre los grandes valores, junto con la petrolera.<\/p>\n<p>Tuvieron un buen d\u00eda Naturgy, Acerinox, Grifols y Rovi, todos con ganancias del 0,8%, mientras que Sacyr progres\u00f3 el 0,7% e IAG se revaloriz\u00f3 el 0,6%.<\/p>\n<p>Por la parte baja del IBEX 35, las mayores ca\u00eddas las encajaron Cellnex y Banco Sabadell, en torno al 1%, con Endesa y Bankinter recortando el 0,8%.<\/p>\n<p><strong>Las claves de la sesi\u00f3n<\/strong><\/p>\n<p><strong>l IBEX 35<\/strong> cerr\u00f3 pr\u00e1cticamente plano (-0,07%, 17.158 puntos) en el arranque de la semana de Navidad, ignorando el resultado de las elecciones en Extremadura y cualquier lectura pol\u00edtica a corto plazo.<\/p>\n<p>El tono ap\u00e1tico se impuso en Europa, con descensos moderados en los principales \u00edndices, mientras la cautela tras la \u00faltima reuni\u00f3n del BCE fren\u00f3 el apetito por el riesgo.<\/p>\n<p>La baja actividad propia de las fechas navide\u00f1as marc\u00f3 la sesi\u00f3n: vol\u00famenes reducidos, pocas referencias y una semana corta \u201cde tr\u00e1mite\u201d, seg\u00fan los analistas.<\/p>\n<p>En contraste, <strong>S&amp;P 500<\/strong> avanzaba cerca de un 0,5%, apoyado por expectativas de recortes de tipos en EE. UU., que tambi\u00e9n impulsaron al oro a nuevos m\u00e1ximos hist\u00f3ricos por encima de los 4.400 d\u00f3lares la onza.<\/p>\n<p>Dentro del \u00edndice espa\u00f1ol, <strong>Repsol<\/strong> lider\u00f3 las subidas (+1,8%), mientras <strong>Cellnex<\/strong> y <strong>Banco Sabadell<\/strong> encabezaron los descensos, en torno al 1%.<\/p>\n<p>Si esta noticia ha sido \u00fatil para ti, <a href=\"https:\/\/acumbamail.com\/newform\/web\/3jZ0nArv6A93H10fMx9ib5grSQsEDDKjJ\/53685\/\" target=\"_blank\" rel=\"noopener nofollow\">ap\u00fantate a nuestros boletines<\/a> \u00a1No te decepcionaremos! Tambi\u00e9n puedes a\u00f1adir las alertas de <strong>finanzas.com<\/strong> a tus redes y apps: <a href=\"https:\/\/twitter.com\/finanzascom\" target=\"_blank\" rel=\"noopener nofollow\">Twitter<\/a> | <a href=\"https:\/\/www.facebook.com\/finanzas.inversion\" target=\"_blank\" rel=\"noopener nofollow\">Facebook<\/a> | <a href=\"https:\/\/www.linkedin.com\/company\/finanzascom\/\" target=\"_blank\" rel=\"noopener nofollow\">LinkedIn<\/a> | <a rel=\"noreferrer noopener nofollow\" href=\"https:\/\/www.whatsapp.com\/channel\/0029VaFw9rZGehEEjsKS2O3C\" target=\"_blank\">Whatsapp<\/a> | <a href=\"https:\/\/flipboard.com\/@Finanzascom\" target=\"_blank\" rel=\"noopener nofollow\">Flipboard<\/a>. Y sigue los mejores videos financieros de <a href=\"https:\/\/www.youtube.com\/@fcom\" target=\"_blank\" rel=\"noopener nofollow\">Youtube<\/a>.<\/p>\n<p>\t\t\t\t<script async src=\"https:\/\/platform.twitter.com\/widgets.js\" charset=\"utf-8\"><\/script><\/p>\n","protected":false},"excerpt":{"rendered":"El IBEX 35 finaliz\u00f3 la sesi\u00f3n de este lunes con una t\u00edmida ca\u00edda del 0,07%, hasta los 17.158&hellip;\n","protected":false},"author":2,"featured_media":302789,"comment_status":"","ping_status":"","sticky":false,"template":"","format":"standard","meta":{"footnotes":""},"categories":[80],"tags":[82,95,94,25,24,114,23],"class_list":{"0":"post-302788","1":"post","2":"type-post","3":"status-publish","4":"format-standard","5":"has-post-thumbnail","7":"category-economia","8":"tag-business","9":"tag-economia","10":"tag-economy","11":"tag-es","12":"tag-espana","13":"tag-mercados","14":"tag-spain"},"share_on_mastodon":{"url":"https:\/\/pubeurope.com\/@es\/115767548735501495","error":""},"_links":{"self":[{"href":"https:\/\/www.europesays.com\/es\/wp-json\/wp\/v2\/posts\/302788","targetHints":{"allow":["GET"]}}],"collection":[{"href":"https:\/\/www.europesays.com\/es\/wp-json\/wp\/v2\/posts"}],"about":[{"href":"https:\/\/www.europesays.com\/es\/wp-json\/wp\/v2\/types\/post"}],"author":[{"embeddable":true,"href":"https:\/\/www.europesays.com\/es\/wp-json\/wp\/v2\/users\/2"}],"replies":[{"embeddable":true,"href":"https:\/\/www.europesays.com\/es\/wp-json\/wp\/v2\/comments?post=302788"}],"version-history":[{"count":0,"href":"https:\/\/www.europesays.com\/es\/wp-json\/wp\/v2\/posts\/302788\/revisions"}],"wp:featuredmedia":[{"embeddable":true,"href":"https:\/\/www.europesays.com\/es\/wp-json\/wp\/v2\/media\/302789"}],"wp:attachment":[{"href":"https:\/\/www.europesays.com\/es\/wp-json\/wp\/v2\/media?parent=302788"}],"wp:term":[{"taxonomy":"category","embeddable":true,"href":"https:\/\/www.europesays.com\/es\/wp-json\/wp\/v2\/categories?post=302788"},{"taxonomy":"post_tag","embeddable":true,"href":"https:\/\/www.europesays.com\/es\/wp-json\/wp\/v2\/tags?post=302788"}],"curies":[{"name":"wp","href":"https:\/\/api.w.org\/{rel}","templated":true}]}}