{"id":302794,"date":"2025-12-23T06:55:10","date_gmt":"2025-12-23T06:55:10","guid":{"rendered":"https:\/\/www.europesays.com\/es\/302794\/"},"modified":"2025-12-23T06:55:10","modified_gmt":"2025-12-23T06:55:10","slug":"boletin-oficial-republica-argentina-comision-nacional-de-energia-atomica","status":"publish","type":"post","link":"https:\/\/www.europesays.com\/es\/302794\/","title":{"rendered":"BOLETIN OFICIAL REPUBLICA ARGENTINA &#8211; COMISI\u00d3N NACIONAL DE ENERG\u00cdA AT\u00d3MICA"},"content":{"rendered":"<p>                                                                                                    Decreto 905\/2025<br \/>\n                                                                                                                                                    DECTO-2025-905-APN-PTE &#8211; Des\u00edgnase Presidente.<\/p>\n<p>Ciudad de Buenos Aires, 22\/12\/2025<\/p>\n<p>VISTO el Expediente N\u00b0\u00a0EX-2025-140621041-APN-DGDA#MEC y los Decretos Nros. 1065 del 23 de agosto de 2001 y 380 del 2 de mayo de 2024,\u00a0y<\/p>\n<p>CONSIDERANDO:<\/p>\n<p>Que de acuerdo con lo establecido por el art\u00edculo 1\u00b0 del Decreto N\u00b0\u00a01065\/01 la COMISI\u00d3N NACIONAL DE ENERG\u00cdA AT\u00d3MICA (CNEA), organismo descentralizado actualmente en el \u00e1mbito de la SECRETAR\u00cdA DE ASUNTOS NUCLEARES del MINISTERIO DE ECONOM\u00cdA, ser\u00e1 administrada por UN (1) Presidente, asistido en sus funciones por UN (1) Vicepresidente, quienes ser\u00e1n designados por el PODER EJECUTIVO NACIONAL.<\/p>\n<p>Que mediante el art\u00edculo 2\u00b0 del Decreto N\u00b0\u00a0380\/24 se design\u00f3 en el cargo de Presidente de la mencionada COMISI\u00d3N NACIONAL DE ENERG\u00cdA AT\u00d3MICA (CNEA) al doctor en Ingenier\u00eda Nuclear Germ\u00e1n GUIDO LAVALLE, quien present\u00f3 su renuncia al referido cargo, en consecuencia corresponde aceptar la misma.<\/p>\n<p>Que con el fin de garantizar el normal funcionamiento del organismo resulta necesario designar a la nueva autoridad que ocupar\u00e1 dicho cargo.<\/p>\n<p>Que, en tal sentido, el MINISTERIO DE ECONOM\u00cdA propicia la designaci\u00f3n del ingeniero qu\u00edmico Mart\u00edn Eduardo PORRO en el cargo de Presidente de la referida COMISI\u00d3N NACIONAL DE ENERG\u00cdA AT\u00d3MICA (CNEA).<\/p>\n<p>Que el presente acto se dicta en ejercicio de las atribuciones conferidas por el art\u00edculo 99, inciso 7 de la CONSTITUCI\u00d3N NACIONAL y por el art\u00edculo 1\u00b0 del Decreto N\u00b0\u00a01065 del 23 de agosto de 2021.<\/p>\n<p>Por ello,<\/p>\n<p>EL PRESIDENTE DE LA NACI\u00d3N ARGENTINA<\/p>\n<p>DECRETA:<\/p>\n<p>ART\u00cdCULO 1\u00b0.- Ac\u00e9ptase, a partir del 18 de diciembre de 2025, la renuncia presentada por el doctor en Ingenier\u00eda Nuclear Germ\u00e1n GUIDO LAVALLE (D.N.I. N\u00b0\u00a016.492.806) al cargo de Presidente de la COMISI\u00d3N NACIONAL DE ENERG\u00cdA AT\u00d3MICA (CNEA), organismo descentralizado actuante en el \u00e1mbito de la SECRETAR\u00cdA DE ASUNTOS NUCLEARES del MINISTERIO DE ECONOM\u00cdA.<\/p>\n<p>ART\u00cdCULO 2\u00b0.- Des\u00edgnase, a partir del 18 de diciembre de 2025, al ingeniero qu\u00edmico Mart\u00edn Eduardo PORRO (D.N.I. N\u00b0\u00a026.000.516) en el cargo de Presidente de la COMISI\u00d3N NACIONAL DE ENERG\u00cdA AT\u00d3MICA (CNEA), organismo descentralizado actuante en el \u00e1mbito de la SECRETAR\u00cdA DE ASUNTOS NUCLEARES del MINISTERIO DE ECONOM\u00cdA.<\/p>\n<p>ART\u00cdCULO 3\u00b0.- El gasto que demande el cumplimiento de la presente medida ser\u00e1 atendido con cargo a las partidas presupuestarias correspondientes a la COMISI\u00d3N NACIONAL DE ENERG\u00cdA AT\u00d3MICA (CNEA).<\/p>\n<p>ART\u00cdCULO 4\u00b0.- Comun\u00edquese, publ\u00edquese, dese a la DIRECCI\u00d3N NACIONAL DEL REGISTRO OFICIAL y arch\u00edvese.<\/p>\n<p>MILEI &#8211; Luis Andres Caputo<\/p>\n<p>e. 23\/12\/2025 N\u00b0\u00a097579\/25 v. 23\/12\/2025<\/p>\n","protected":false},"excerpt":{"rendered":"Decreto 905\/2025 DECTO-2025-905-APN-PTE &#8211; Des\u00edgnase Presidente. Ciudad de Buenos Aires, 22\/12\/2025 VISTO el Expediente N\u00b0\u00a0EX-2025-140621041-APN-DGDA#MEC y los Decretos&hellip;\n","protected":false},"author":2,"featured_media":289185,"comment_status":"","ping_status":"","sticky":false,"template":"","format":"standard","meta":{"footnotes":""},"categories":[5],"tags":[17,18,25,24,13,14,11,19,20,9,10,15,16,23,12,21,22],"class_list":{"0":"post-302794","1":"post","2":"type-post","3":"status-publish","4":"format-standard","5":"has-post-thumbnail","7":"category-titulares","8":"tag-breaking-news","9":"tag-breakingnews","10":"tag-es","11":"tag-espana","12":"tag-featured-news","13":"tag-featurednews","14":"tag-headlines","15":"tag-latest-news","16":"tag-latestnews","17":"tag-news","18":"tag-noticias","19":"tag-noticias-destacadas","20":"tag-noticiasdestacadas","21":"tag-spain","22":"tag-titulares","23":"tag-ultimas-noticias","24":"tag-ultimasnoticias"},"share_on_mastodon":{"url":"https:\/\/pubeurope.com\/@es\/115767576020276999","error":""},"_links":{"self":[{"href":"https:\/\/www.europesays.com\/es\/wp-json\/wp\/v2\/posts\/302794","targetHints":{"allow":["GET"]}}],"collection":[{"href":"https:\/\/www.europesays.com\/es\/wp-json\/wp\/v2\/posts"}],"about":[{"href":"https:\/\/www.europesays.com\/es\/wp-json\/wp\/v2\/types\/post"}],"author":[{"embeddable":true,"href":"https:\/\/www.europesays.com\/es\/wp-json\/wp\/v2\/users\/2"}],"replies":[{"embeddable":true,"href":"https:\/\/www.europesays.com\/es\/wp-json\/wp\/v2\/comments?post=302794"}],"version-history":[{"count":0,"href":"https:\/\/www.europesays.com\/es\/wp-json\/wp\/v2\/posts\/302794\/revisions"}],"wp:featuredmedia":[{"embeddable":true,"href":"https:\/\/www.europesays.com\/es\/wp-json\/wp\/v2\/media\/289185"}],"wp:attachment":[{"href":"https:\/\/www.europesays.com\/es\/wp-json\/wp\/v2\/media?parent=302794"}],"wp:term":[{"taxonomy":"category","embeddable":true,"href":"https:\/\/www.europesays.com\/es\/wp-json\/wp\/v2\/categories?post=302794"},{"taxonomy":"post_tag","embeddable":true,"href":"https:\/\/www.europesays.com\/es\/wp-json\/wp\/v2\/tags?post=302794"}],"curies":[{"name":"wp","href":"https:\/\/api.w.org\/{rel}","templated":true}]}}