{"id":302837,"date":"2025-12-23T07:42:13","date_gmt":"2025-12-23T07:42:13","guid":{"rendered":"https:\/\/www.europesays.com\/es\/302837\/"},"modified":"2025-12-23T07:42:13","modified_gmt":"2025-12-23T07:42:13","slug":"primer-ensayo-general-de-artemis-ii-la-mision-tripulada-a-la-luna-de-la-nasa","status":"publish","type":"post","link":"https:\/\/www.europesays.com\/es\/302837\/","title":{"rendered":"Primer ensayo general de Artemis II, la misi\u00f3n tripulada a la Luna de la NASA"},"content":{"rendered":"<p><strong>Los cuatro astronautas practicaron el d\u00eda de lanzamiento en la Orion y el SLS en Florida, un paso decisivo hacia la primera misi\u00f3n tripulada a la Luna desde 1972.<\/strong><\/p>\n<p>Tras medio siglo sin vuelos tripulados a la Luna, el <a href=\"https:\/\/quo.eldiario.es\/ciencia\/q2208427474\/por-que-volvemos-a-la-luna\" rel=\"nofollow noopener\" target=\"_blank\">programa Artemis de la NASA<\/a> busca retomar la exploraci\u00f3n tripulada con un plan escalonado. Primero validar\u00e1 el cohete SLS, el megacohete Space Launch System, y la nave Orion alrededor de la Tierra y la Luna. <a href=\"https:\/\/quo.eldiario.es\/ciencia\/astro\/q2211106226\/por-que-artemis-i-no-aterrizara-en-la-luna\" rel=\"nofollow noopener\" target=\"_blank\">Artemis I ya prob\u00f3 el sistema sin tripulaci\u00f3n<\/a> en 2022.<\/p>\n<p>Artemis II ser\u00e1 el siguiente paso, con cuatro astronautas realizando un sobrevuelo lunar, y abrir\u00e1 camino a Artemis III, prevista para un alunizaje m\u00e1s adelante. Ahora, los cuatro astronautas se enfundaron los trajes anaranjados y se abrocharon los cinturones en sus asientos en la c\u00e1psula Orion para completar un ensayo integral de cuenta atr\u00e1s.<\/p>\n<p>El ejercicio, previsto inicialmente para finales de noviembre, acab\u00f3 celebr\u00e1ndose este pasado fin de semana, con varias pausas y reanudaciones propias de una prueba compleja. Los equipos de tierra siguieron el mismo gui\u00f3n que el d\u00eda de lanzamiento.<\/p>\n<p><img fetchpriority=\"high\" decoding=\"async\" aria-describedby=\"caption-attachment-90044\" class=\"size-large wp-image-90044\" src=\"https:\/\/www.europesays.com\/es\/wp-content\/uploads\/2025\/12\/artemis_2_map_october_2021-1024x576.webp.webp\" alt=\"mapa de la misi\u00f3n tripulada a la Luna Artemis II\" width=\"1024\" height=\"576\" title=\"Primer ensayo general de Artemis II, la misi\u00f3n tripulada a la Luna de la NASA 1\"  \/><\/p>\n<p id=\"caption-attachment-90044\" class=\"wp-caption-text\">mapa de la misi\u00f3n tripulada a la Luna Artemis II. NASA<\/p>\n<p>Reid Wiseman, comandante de Artemis II, resumi\u00f3 la jornada con un mensaje claro. \u201cUn d\u00eda muy exitoso en nuestra nave espacial #Integrity\u201d, escribi\u00f3, y a\u00f1adi\u00f3: \u201cDid everything go perfectly? Absolutely not\u201d. Remarc\u00f3 que el equipo estuvo a la altura del reto y que el lanzamiento \u201cse est\u00e1 acercando mucho\u201d. Ese tono resume bien el objetivo de estas pruebas. No buscan la perfecci\u00f3n, sino encontrar lo que falla cuando todav\u00eda es seguro fallar.<\/p>\n<p>Artemis II, la misi\u00f3n tripulada a la Luna<\/p>\n<p>Artemis II ser\u00e1 el primer vuelo tripulado hacia la Luna desde Apollo 17 en 1972. La misi\u00f3n enviar\u00e1 a Wiseman, Victor Glover, Christina Koch y el canadiense Jeremy Hansen m\u00e1s lejos de la Tierra de lo que ha viajado ning\u00fan ser humano. El plan no contempla alunizar ni entrar en \u00f3rbita lunar. La nave seguir\u00e1 una trayectoria de \u201cretorno libre\u201d, una ruta que aprovecha la gravedad lunar para curvarse de vuelta a la Tierra incluso si el motor principal no se enciende, una salvaguarda cl\u00e1sica desde los tiempos del Apolo.<\/p>\n<p>Antes de poner rumbo a la Luna, Orion y su m\u00f3dulo de servicio europeo pasar\u00e1n unas 25 horas en una \u00f3rbita el\u00edptica alrededor de la Tierra. Ese tramo sirve para probar los sistemas que importan con gente a bordo. El soporte vital debe mantener presi\u00f3n, temperatura y aire adecuados de manera fiable. La propulsi\u00f3n y la navegaci\u00f3n deben responder con precisi\u00f3n a los comandos. Las comunicaciones deben mantenerse en cada fase, desde el interior del Edificio de Ensamblaje de Veh\u00edculos hasta que la nave se aleje m\u00e1s all\u00e1 de la \u00f3rbita geoestacionaria.<\/p>\n<p>La tripulaci\u00f3n practic\u00f3 el acceso a la nave, el acoplamiento de los arneses, las verificaciones de cascos y guantes y la secuencia temporal de la cuenta atr\u00e1s. Los equipos de tierra ensayaron la coordinaci\u00f3n entre la sala de control del Centro Espacial Kennedy, la plataforma y las estaciones de seguimiento. El SLS, colocado bajo Orion, es un lanzador por etapas con propulsores s\u00f3lidos y etapa central criog\u00e9nica. Su potencia debe elevar el conjunto fuera de la atm\u00f3sfera y colocar a Orion en la trayectoria correcta.<\/p>\n<p>La misi\u00f3n apunta a principios de a\u00f1o. Las ventanas de lanzamiento se mueven entre principios de febrero y comienzos de marzo. La decisi\u00f3n final llegar\u00e1 tras revisar los datos del ensayo, cerrar las tareas pendientes y coordinar a socios y rango de seguridad. Es normal que el calendario ajuste unas semanas.<\/p>\n<p>Tras el sobrevuelo lunar, la c\u00e1psula reentrar\u00e1 en la atm\u00f3sfera terrestre y amerizar\u00e1 en el Pac\u00edfico. La recuperaci\u00f3n de la tripulaci\u00f3n y de la nave cerrar\u00e1 el c\u00edrculo. Si todo va como debe, Artemis II validar\u00e1 las operaciones con humanos y dejar\u00e1 listo el terreno para la siguiente fase.<\/p>\n<p><strong>REFERENCIA<\/strong><\/p>\n<p><a href=\"https:\/\/www.nasa.gov\/image-article\/artemis-ii-crew-rehearse-launch-day-demonstration\/\" target=\"_blank\" rel=\"noopener nofollow\">Artemis II Crew Rehearse Launch Day Demonstration<\/a><\/p>\n","protected":false},"excerpt":{"rendered":"Los cuatro astronautas practicaron el d\u00eda de lanzamiento en la Orion y el SLS en Florida, un paso&hellip;\n","protected":false},"author":2,"featured_media":302838,"comment_status":"","ping_status":"","sticky":false,"template":"","format":"standard","meta":{"footnotes":""},"categories":[81],"tags":[119,123,124,25,24,117,121,122,23,118,120],"class_list":{"0":"post-302837","1":"post","2":"type-post","3":"status-publish","4":"format-standard","5":"has-post-thumbnail","7":"category-ciencia-y-tecnologia","8":"tag-ciencia","9":"tag-ciencia-y-tecnologia","10":"tag-cienciaytecnologia","11":"tag-es","12":"tag-espana","13":"tag-science","14":"tag-science-and-technology","15":"tag-scienceandtechnology","16":"tag-spain","17":"tag-technology","18":"tag-tecnologia"},"share_on_mastodon":{"url":"https:\/\/pubeurope.com\/@es\/115767760987553472","error":""},"_links":{"self":[{"href":"https:\/\/www.europesays.com\/es\/wp-json\/wp\/v2\/posts\/302837","targetHints":{"allow":["GET"]}}],"collection":[{"href":"https:\/\/www.europesays.com\/es\/wp-json\/wp\/v2\/posts"}],"about":[{"href":"https:\/\/www.europesays.com\/es\/wp-json\/wp\/v2\/types\/post"}],"author":[{"embeddable":true,"href":"https:\/\/www.europesays.com\/es\/wp-json\/wp\/v2\/users\/2"}],"replies":[{"embeddable":true,"href":"https:\/\/www.europesays.com\/es\/wp-json\/wp\/v2\/comments?post=302837"}],"version-history":[{"count":0,"href":"https:\/\/www.europesays.com\/es\/wp-json\/wp\/v2\/posts\/302837\/revisions"}],"wp:featuredmedia":[{"embeddable":true,"href":"https:\/\/www.europesays.com\/es\/wp-json\/wp\/v2\/media\/302838"}],"wp:attachment":[{"href":"https:\/\/www.europesays.com\/es\/wp-json\/wp\/v2\/media?parent=302837"}],"wp:term":[{"taxonomy":"category","embeddable":true,"href":"https:\/\/www.europesays.com\/es\/wp-json\/wp\/v2\/categories?post=302837"},{"taxonomy":"post_tag","embeddable":true,"href":"https:\/\/www.europesays.com\/es\/wp-json\/wp\/v2\/tags?post=302837"}],"curies":[{"name":"wp","href":"https:\/\/api.w.org\/{rel}","templated":true}]}}