{"id":302851,"date":"2025-12-23T07:56:10","date_gmt":"2025-12-23T07:56:10","guid":{"rendered":"https:\/\/www.europesays.com\/es\/302851\/"},"modified":"2025-12-23T07:56:10","modified_gmt":"2025-12-23T07:56:10","slug":"la-cancion-de-los-piratas-que-amaral-le-descubrio-a-ivan-ferreiro-pense-somos-imbeciles","status":"publish","type":"post","link":"https:\/\/www.europesays.com\/es\/302851\/","title":{"rendered":"La canci\u00f3n de Los Piratas que Amaral le &#8216;descubri\u00f3&#8217; a Iv\u00e1n Ferreiro: \u00abPens\u00e9, &#8216;somos imb\u00e9ciles'\u00bb"},"content":{"rendered":"<p class=\"ft-text\">Una de las canciones de<strong> Los piratas<\/strong> que m\u00e1s ha trascendido en el tiempo y que sigue causando sensaci\u00f3n all\u00e1 donde se escucha est\u00e1 <strong>rodeada de una historia peculiar<\/strong> que el propio<strong> <\/strong><a class=\"ft-link ft-link--decoration\" href=\"https:\/\/www.elperiodicodearagon.com\/tags\/ivan-ferreiro\/\" target=\"_blank\" rel=\"nofollow noopener\"><strong>Iv\u00e1n Ferreiro<\/strong><\/a> ha descubierto en su visita este domingo al programa de La 2 de TVE, <strong>&#8216;Al cielo con ella&#8217;, de Henar \u00c1lvarez.<\/strong><\/p>\n<p class=\"ft-text\">En la entrevista, el gallego ha contado c\u00f3mo surgi\u00f3 la canci\u00f3n lo que provoc\u00f3 que le cogieran todos los miembros <strong>de la banda una gran man\u00eda<\/strong>: \u00abCuando presentamos el disco, nos dijeron claramente que era una mierda, &#8216;no os lo vamos a sacar a no ser que hag\u00e1is un single&#8217;, nos dijeron. Una canci\u00f3n que suene en la radio\u00bb, ha explicado el artista. De hecho, dice,<strong> \u00abel disco se llama &#8216;Ultras\u00f3nica&#8217;<\/strong> porque nos dijeron, la s\u00f3nica de este disco es mal\u00edsima, y yo nunca hab\u00eda o\u00eddo esa palabra en mi vida, llamar s\u00f3nica al sonido\u00bb.<\/p>\n<p>Cabreados con la compa\u00f1\u00eda<\/p>\n<p class=\"ft-text\">El caso es que, sigue relatando, \u00abel que nos lo dijo era el A&amp;R de la compa\u00f1\u00eda que hab\u00eda tocado en un grupo en los 80 as\u00ed que hicimos la canci\u00f3n <strong>cabreados con \u00e9l y sali\u00f3 &#8216;A\u00f1os 80&#8242;\u00bb<\/strong>. Y la verdad, reconoce, \u00abes que tuvo algo de raz\u00f3n, ahora me cag\u00f3 en \u00e9l pero un poco de raz\u00f3n tuvo aunque me molesta tener que decir esto\u00bb.<\/p>\n<p class=\"ft-text\">Pero la intrahistoria del tema no acaba aqu\u00ed porque todo esto hizo que Iv\u00e1n Ferreiro le cogiera \u00abmucha man\u00eda\u00bb a la canci\u00f3n durante a\u00f1os. \u00abLa tocamos en esa gira, y<strong> ya no la toc\u00e1bamos luego<\/strong>\u00ab, asegura, hasta que vivi\u00f3 un momento que lo cambi\u00f3 todo. \u00abMe reconcili\u00e9 con la canci\u00f3n gracias a <a class=\"ft-link ft-link--decoration\" href=\"https:\/\/www.elperiodicodearagon.com\/tags\/amaral\/\" target=\"_blank\" rel=\"nofollow noopener\"><strong>Juan y Eva de Amaral<\/strong><\/a><strong>.<\/strong> Est\u00e1bamos en un festival en el que nosotros no la tocamos, pero la tocaron ellos. Yo estaba entre el p\u00fablico y dije &#8216;hostia, la canci\u00f3n est\u00e1 muy bien, es buena,<strong> \u00bfpor qu\u00e9 odiamos la canci\u00f3n?&#8217;<\/strong> Estaban ellos toc\u00e1ndola con la ac\u00fastica y yo pens\u00e9 &#8216;somos imb\u00e9ciles'\u00bb.<\/p>\n<p class=\"ft-text\">Poco despu\u00e9s, de hecho, Amaral y Los piratas hicieron <a class=\"ft-link ft-link--decoration\" href=\"https:\/\/www.youtube.com\/watch?v=kgfgKWOuYwA&amp;list=RDkgfgKWOuYwA&amp;start_radio=1\" target=\"_blank\" rel=\"nofollow noopener\"><strong>en directo una versi\u00f3n conjunta de &#8216;A\u00f1os 80&#8217;<\/strong><\/a>, la canci\u00f3n m\u00e1s exitosa de los ya disueltos Los piratas y que ahora Iv\u00e1n Ferreiro sigue interpretando en su carrera en solitario.<\/p>\n<p class=\"ft-text\">En el mismo programa, Iv\u00e1n Ferreiro tambi\u00e9n ha confesado que la<strong> peor actuaci\u00f3n de su vida<\/strong> tambi\u00e9n tiene como protagonistas a Juan Aguirre y Eva Amaral ya que, ha explicado, fue en un concierto al que le invitaron para cantar<strong> &#8216;C\u00f3mo hablar&#8217;<\/strong>: \u00abNo me escuchaba, no supe comunicarme con el t\u00e9cnico y <strong>estaba totalmente desafinado.<\/strong> Vamos, yo estaba cantando otra canci\u00f3n\u00bb, ha confesado.<\/p>\n","protected":false},"excerpt":{"rendered":"Una de las canciones de Los piratas que m\u00e1s ha trascendido en el tiempo y que sigue causando&hellip;\n","protected":false},"author":2,"featured_media":302852,"comment_status":"","ping_status":"","sticky":false,"template":"","format":"standard","meta":{"footnotes":""},"categories":[174],"tags":[11669,24386,15350,255,45118,146,147,25,24,256,45788,3294,185,51560,23],"class_list":{"0":"post-302851","1":"post","2":"type-post","3":"status-publish","4":"format-standard","5":"has-post-thumbnail","7":"category-famosos","8":"tag-amaral","9":"tag-anos-80","10":"tag-cancion","11":"tag-celebrities","12":"tag-descubrio","13":"tag-entertainment","14":"tag-entretenimiento","15":"tag-es","16":"tag-espana","17":"tag-famosos","18":"tag-ivan-ferreiro","19":"tag-le","20":"tag-musica","21":"tag-piratas","22":"tag-spain"},"share_on_mastodon":{"url":"https:\/\/pubeurope.com\/@es\/115767816309394615","error":""},"_links":{"self":[{"href":"https:\/\/www.europesays.com\/es\/wp-json\/wp\/v2\/posts\/302851","targetHints":{"allow":["GET"]}}],"collection":[{"href":"https:\/\/www.europesays.com\/es\/wp-json\/wp\/v2\/posts"}],"about":[{"href":"https:\/\/www.europesays.com\/es\/wp-json\/wp\/v2\/types\/post"}],"author":[{"embeddable":true,"href":"https:\/\/www.europesays.com\/es\/wp-json\/wp\/v2\/users\/2"}],"replies":[{"embeddable":true,"href":"https:\/\/www.europesays.com\/es\/wp-json\/wp\/v2\/comments?post=302851"}],"version-history":[{"count":0,"href":"https:\/\/www.europesays.com\/es\/wp-json\/wp\/v2\/posts\/302851\/revisions"}],"wp:featuredmedia":[{"embeddable":true,"href":"https:\/\/www.europesays.com\/es\/wp-json\/wp\/v2\/media\/302852"}],"wp:attachment":[{"href":"https:\/\/www.europesays.com\/es\/wp-json\/wp\/v2\/media?parent=302851"}],"wp:term":[{"taxonomy":"category","embeddable":true,"href":"https:\/\/www.europesays.com\/es\/wp-json\/wp\/v2\/categories?post=302851"},{"taxonomy":"post_tag","embeddable":true,"href":"https:\/\/www.europesays.com\/es\/wp-json\/wp\/v2\/tags?post=302851"}],"curies":[{"name":"wp","href":"https:\/\/api.w.org\/{rel}","templated":true}]}}