{"id":302855,"date":"2025-12-23T07:59:10","date_gmt":"2025-12-23T07:59:10","guid":{"rendered":"https:\/\/www.europesays.com\/es\/302855\/"},"modified":"2025-12-23T07:59:10","modified_gmt":"2025-12-23T07:59:10","slug":"vuelve-a-la-tele-por-navidad-television","status":"publish","type":"post","link":"https:\/\/www.europesays.com\/es\/302855\/","title":{"rendered":"Vuelve a la tele por Navidad | Televisi\u00f3n"},"content":{"rendered":"<p class=\"\">A Christmas Carol. No, no se preocupen, no he venido a hacer una versi\u00f3n en columna de tele de <a href=\"https:\/\/elpais.com\/opinion\/2025-12-22\/cuento-de-navidad.html\" target=\"_self\" rel=\"nofollow noopener\" title=\"https:\/\/elpais.com\/opinion\/2025-12-22\/cuento-de-navidad.html\">Cuento de navidad<\/a> y menos en ingl\u00e9s. Es solo que no me quito de la cabeza la mejor referencia reciente al cl\u00e1sico de Dickens: para anunciar la emisi\u00f3n del \u00faltimo cap\u00edtulo de esta <a href=\"https:\/\/elpais.com\/television\/series\/2025-11-18\/pluribus-todos-para-una.html\" target=\"_self\" rel=\"nofollow noopener\" title=\"https:\/\/elpais.com\/television\/series\/2025-11-18\/pluribus-todos-para-una.html\">primera temporada de Pluribus<\/a>, en las redes de Apple TV han publicado un ingenioso meme con su protagonista, Carol, con un gorro de Santa Claus, y el texto \u201cA Christmas Carol\u201d. Tras la cena de Nochebuena \u2014o antes, pero a m\u00ed me gusta dejar lo mejor para el final\u2014, quien quiera podr\u00e1 sentarse frente a la pantalla a disfrutarlo, de la misma forma que muchos el a\u00f1o pasado, tras despedirnos de nuestras familias, nos entregamos a<a href=\"https:\/\/elpais.com\/television\/2025-01-26\/luz-de-luna-nostalgia-de-la-buena-contra-el-algoritmo.html\" target=\"_self\" rel=\"nofollow noopener\" title=\"https:\/\/elpais.com\/television\/2025-01-26\/luz-de-luna-nostalgia-de-la-buena-contra-el-algoritmo.html\"> Luz de luna<\/a>, reci\u00e9n a\u00f1adida entonces a Filmin. Este a\u00f1o nos consolaremos con <a href=\"https:\/\/elpais.com\/cultura\/2011\/07\/08\/television\/1310103246_131010.html\" target=\"_self\" rel=\"nofollow noopener\" title=\"https:\/\/elpais.com\/cultura\/2011\/07\/08\/television\/1310103246_131010.html\">Friday Night Lights<\/a>, la \u00faltima gran incorporaci\u00f3n de la plataforma. <\/p>\n<p>M\u00e1s informaci\u00f3n<\/p>\n<p class=\"\">Antes, por Navidad, uno se sentaba frente a la tele y pod\u00eda ver Qu\u00e9 bello es vivir, La gran familia o Los fantasmas atacan al jefe, por seguir dickensiana. Ahora tambi\u00e9n, solo que tiene que ir uno a buscarlas a las correspondientes plataformas que las albergan hoy, donde tal vez pueden no estar ma\u00f1ana. Por este motivo hay quien se ha puesto en modo preparacionista y est\u00e1 recuperando o enriqueciendo su colecci\u00f3n f\u00edsica de pel\u00edculas y series temiendo que se intensifique el incremento de los precios de los servicios de streaming o que alg\u00fan cambalache de derechos le impida en un momento dado acceder a alguna de sus historias favoritas. The Washington Post public\u00f3 hace unos d\u00edas un art\u00edculo sobre c\u00f3mo los DVD y los CD est\u00e1n seduciendo a muchos miembros de la generaci\u00f3n Z, no solo por el encanto de lo vintage \u2014me duele escribir esto porque recuerdo como si fuera ayer su nacimiento, acompa\u00f1ado de su inevitable aura de modernidad\u2014, sino tambi\u00e9n por el placer de la posesi\u00f3n. <\/p>\n<p class=\"\">Pero no se trata solo de preservar el acceso individual, sino de lamentar la p\u00e9rdida comunitaria. El video on demand le da poder al individuo, la tele generalista a la comunidad. El calendario televisivo beb\u00eda del ordinario y, como la tele reun\u00eda a todos a su alrededor en tiempo real, era capaz de crear tradiciones cat\u00f3dicas. Hoy pr\u00e1cticamente hu\u00e9rfanos de ellas, al fantasma de las navidades televisivas futuras <a href=\"https:\/\/elpais.com\/television\/2025-01-01\/cachitos-nochevieja-2024-paco-pil-siniestro-total-y-el-reto-de-hacer-que-los-anos-noventa-resulten-memorables.html\" target=\"_self\" rel=\"nofollow noopener\" title=\"https:\/\/elpais.com\/television\/2025-01-01\/cachitos-nochevieja-2024-paco-pil-siniestro-total-y-el-reto-de-hacer-que-los-anos-noventa-resulten-memorables.html\">solo le queda, como en Cachitos<\/a> \u2014una de las pocas costumbres que pervive\u2014, recurrir al pasado.<\/p>\n","protected":false},"excerpt":{"rendered":"A Christmas Carol. No, no se preocupen, no he venido a hacer una versi\u00f3n en columna de tele&hellip;\n","protected":false},"author":2,"featured_media":302856,"comment_status":"","ping_status":"","sticky":false,"template":"","format":"standard","meta":{"footnotes":""},"categories":[171],"tags":[12178,71766,177,146,147,25,24,6827,2951,70764,1925,753,16428,8189,23,807,214],"class_list":{"0":"post-302855","1":"post","2":"type-post","3":"status-publish","4":"format-standard","5":"has-post-thumbnail","7":"category-tv","8":"tag-apple-tv","9":"tag-charles-dickens","10":"tag-cine","11":"tag-entertainment","12":"tag-entretenimiento","13":"tag-es","14":"tag-espana","15":"tag-filmin","16":"tag-navidad","17":"tag-nochebuena","18":"tag-opinion","19":"tag-peliculas","20":"tag-plataformas-digitales","21":"tag-series-television","22":"tag-spain","23":"tag-television","24":"tag-tv"},"share_on_mastodon":{"url":"","error":""},"_links":{"self":[{"href":"https:\/\/www.europesays.com\/es\/wp-json\/wp\/v2\/posts\/302855","targetHints":{"allow":["GET"]}}],"collection":[{"href":"https:\/\/www.europesays.com\/es\/wp-json\/wp\/v2\/posts"}],"about":[{"href":"https:\/\/www.europesays.com\/es\/wp-json\/wp\/v2\/types\/post"}],"author":[{"embeddable":true,"href":"https:\/\/www.europesays.com\/es\/wp-json\/wp\/v2\/users\/2"}],"replies":[{"embeddable":true,"href":"https:\/\/www.europesays.com\/es\/wp-json\/wp\/v2\/comments?post=302855"}],"version-history":[{"count":0,"href":"https:\/\/www.europesays.com\/es\/wp-json\/wp\/v2\/posts\/302855\/revisions"}],"wp:featuredmedia":[{"embeddable":true,"href":"https:\/\/www.europesays.com\/es\/wp-json\/wp\/v2\/media\/302856"}],"wp:attachment":[{"href":"https:\/\/www.europesays.com\/es\/wp-json\/wp\/v2\/media?parent=302855"}],"wp:term":[{"taxonomy":"category","embeddable":true,"href":"https:\/\/www.europesays.com\/es\/wp-json\/wp\/v2\/categories?post=302855"},{"taxonomy":"post_tag","embeddable":true,"href":"https:\/\/www.europesays.com\/es\/wp-json\/wp\/v2\/tags?post=302855"}],"curies":[{"name":"wp","href":"https:\/\/api.w.org\/{rel}","templated":true}]}}