{"id":302922,"date":"2025-12-23T08:47:12","date_gmt":"2025-12-23T08:47:12","guid":{"rendered":"https:\/\/www.europesays.com\/es\/302922\/"},"modified":"2025-12-23T08:47:12","modified_gmt":"2025-12-23T08:47:12","slug":"la-secuela-de-kimetsu-no-yaiba-la-fortaleza-infinita-se-ausenta-del-mayor-evento-anime-y-temen-por-su-estreno-vandal","status":"publish","type":"post","link":"https:\/\/www.europesays.com\/es\/302922\/","title":{"rendered":"La secuela de &#039;Kimetsu no Yaiba: La fortaleza infinita&#039; se ausenta del mayor evento anime y temen por su estreno &#8211; Vandal"},"content":{"rendered":"<ol>\n<li><a href=\"https:\/\/news.google.com\/rss\/articles\/CBMi7AFBVV95cUxPSzZvWjdDazdHaEtMbHh5Tm55MzIzLVFUZjc3V0tvOGMzRmthV01kX0pLZWh2OGxMdzVuNUZNV3JiRWpfeDlHV1drYmhCRTRlWDJNd2lvNHE0UkYtaHFmbkRaMldyWnQxRlQtcGI4QWNjQ0dPRER0S3hsdkZNWWdmUVJpM0pORUV5MFU2Z2N2RExJUGdSRE9mOVdpTTNwWU5rZ0lzMm5XVGpUV1Z1X2RMOTZEYTBOSktFRVVpUDQ5ZVJFb013LS00Y3hFa2tLUndWRjZMU3FybjNIcjlIcGNqb2lSVTE1QWRraVNFaNIB8gFBVV95cUxPN0R4dTBES1hBSDBTSlZabUpyVTBUM2hqS3ZzcHQ1X2JFd3VNcER6ak1XQXN3UVdTR0M1Z0lYUEcydXJ3ODdaUnBFb0NfVUNBZENuenExbHgzNkVzYjNVTG5ZdFRIdFJaeWlFeGE1VWVuZU5WZzlTLXJOc190ZmRYY25XTUZrZlBQbHl0cVNzT2c5S3lZUEYxak8zUjNZTFd0OXFTMlVVR0ROSGp2NVJRVS1vVUlVZTU0YUh6cEFqdDh6UTh4N2ZtQWlkcW1FMVpPUk1qdkNkTWYtbTNzUWt2XzNwc0N3Y055cnVzMFZEUDdWUQ?oc=5\" target=\"_blank\" rel=\"nofollow noopener\">La secuela de &#8216;Kimetsu no Yaiba: La fortaleza infinita&#8217; se ausenta del mayor evento anime y temen por su estreno<\/a>&nbsp;&nbsp;Vandal<\/li>\n<li><a href=\"https:\/\/news.google.com\/rss\/articles\/CBMi7AFBVV95cUxOc25kbXV3dDJMNEpxYXRfQVUwa3hTTkRRdGNXd3UyVGU0RGg5LTlJREZBS21NNy1BYzdaczFfeFR1RUFOSVZLeFhEbGQ2WlYyU0VhTmtzMHJQc2Y3UjRETjVrbVZxWV9yVVotdTh4bzBCbmVvNm5UZG93UTRiNkpadFEtMjFYNmJDRUlMakE3bGRfZktkOHpnU2RCbzVRN0JpR3Aya3QtbzkwVmFqMGVHek4ybE5wVF9uLTdtWEJUb01fTWJjcTRWbTRCUmhGdFZkV0RzNzdPRzlxcGJsVmY3WTN6em5vUWRiYTNjbNIBgAJBVV95cUxQWjJzWTlkd0JhTDBkcWtlV0c5WkNiQ1ZOeFdUY2duNGF4OFA1MmNIaDZDeXpWRmh5Z1pEcDJWVTlrVmJKenBMbkN6R1V0WURLUF85QWpsZTZ4dXgtdmpDWHF2ZGM3Uk1ZVl9XZi0yVWF2NGJVX0I5ZjgzbFNnRjRucmFCXzE4REhoS2gxT3RLUHRfQ1cwRi1FQlNtZjZGTG53Vmc0QXhDdTVMcFdKcjltbXFPS3c1T0lfTUtsZVN5eHQ1VVlOdFVwRF9CekxaXzFpMnJBejI0QUl3YTZySFRMTTdUbTJHenN3eGdiandYWlNpaDJQeFFWeXVXSFRHQVhw?oc=5\" target=\"_blank\" rel=\"nofollow noopener\">\u2018Kimetsu no Yaiba\u2019 y su decepcionante participaci\u00f3n en el evento de manga y anime m\u00e1s importante del mundo<\/a>&nbsp;&nbsp;Diario AS<\/li>\n<li><a href=\"https:\/\/news.google.com\/rss\/articles\/CBMigAFBVV95cUxNSm03YVJSR1lVRWJLZTkwRjkzWjVGMkZ3dXA4blV4Ulkxdk9fd3A3RzN0ZkppN2N0YzJncl9zWDlWM0dUMXY4YXBaT0xiR3UtTXkzTC1HYnNvQ21IdHpvYXFVSHZqYTBrTDZIZ0I3d0JXc3VKZy0xVTM0bzRSRndyeA?oc=5\" target=\"_blank\" rel=\"nofollow noopener\">Demon Slayer superar\u00e1 la expectativas de todo el mundo<\/a>&nbsp;&nbsp;Cinemascomics.com<\/li>\n<li><a href=\"https:\/\/news.google.com\/rss\/articles\/CBMiuAFBVV95cUxQSEtEdUU2TEVxdEh5bERNSnQzY3pDbU9ybVZRVERsUWhWWUQyR1ZiYk5hQUdMLXlnQUxyWnRzNGludUhxVi13UW1JcWVTRWNnN2VlczQ1TWNYWW5oczY5WGZtOERKOTJtUHo3eF9RdjFhWndaUUxELXNaRldBcVlCQmx1ZHlLVkIzLUQyb2FXalhQVGtEMk9QX3JFSks2Z2RaZlRwRlhCMWZ4eDRUcktxdElxMEpZejk4?oc=5\" target=\"_blank\" rel=\"nofollow noopener\">\u00bfQu\u00e9 pas\u00f3 con la pel\u00edcula de \u00abKimetsu no Yaiba\u00bb? Del estrellato a terminar estrell\u00e1ndose<\/a>&nbsp;&nbsp;Kotaku en Espa\u00f1ol<\/li>\n<li><a href=\"https:\/\/news.google.com\/rss\/articles\/CBMikwJBVV95cUxOUnVabWVGMUhqWjBueVhoZ2VfUEJrbmVHaElBdXFZY21YQWRiYUhLajVxd3Y5bW9vUmhvc3BsNUVNQlgzZUdVeC0zd184MEFweC1SVWMxb1d3UHplUjJCbG9yVW9CdDRXdDNmWXdoMXFHSjVKRDRGRVVhWGRhM0FGVTUzOUdtQ3Rwd2thY19lNkRtYnd2WkIzbU5Zcm90ODhSV20wbE5IQnE3TktWQ1NCMzBQQ1A2SFI4ZGZqTGxXUWpTQjdFTTRJY0ZNRF9MU3U4YXgyam16ODVSaUNPMTk0YjlGQWdnUE5mRTZFMnFWLTh5TG9WZ1Vac2ZQbGdQb2lSdzRLS3VQalJTMTNCcGQ3cllRaw?oc=5\" target=\"_blank\" rel=\"nofollow noopener\">\u201cDemon Slayer: Infinity Castle\u201d anuncia funciones muy especiales en los cines: permitir\u00e1 gritos de fans en salas japonesas<\/a>&nbsp;&nbsp;El Comercio Per\u00fa<\/li>\n<\/ol>\n","protected":false},"excerpt":{"rendered":"La secuela de &#8216;Kimetsu no Yaiba: La fortaleza infinita&#8217; se ausenta del mayor evento anime y temen por&hellip;\n","protected":false},"author":2,"featured_media":302923,"comment_status":"","ping_status":"","sticky":false,"template":"","format":"standard","meta":{"footnotes":""},"categories":[169],"tags":[177,146,147,25,24,2065,176,175,23],"class_list":{"0":"post-302922","1":"post","2":"type-post","3":"status-publish","4":"format-standard","5":"has-post-thumbnail","7":"category-cine","8":"tag-cine","9":"tag-entertainment","10":"tag-entretenimiento","11":"tag-es","12":"tag-espana","13":"tag-faltan-tags","14":"tag-film","15":"tag-movies","16":"tag-spain"},"share_on_mastodon":{"url":"https:\/\/pubeurope.com\/@es\/115768016618981308","error":""},"_links":{"self":[{"href":"https:\/\/www.europesays.com\/es\/wp-json\/wp\/v2\/posts\/302922","targetHints":{"allow":["GET"]}}],"collection":[{"href":"https:\/\/www.europesays.com\/es\/wp-json\/wp\/v2\/posts"}],"about":[{"href":"https:\/\/www.europesays.com\/es\/wp-json\/wp\/v2\/types\/post"}],"author":[{"embeddable":true,"href":"https:\/\/www.europesays.com\/es\/wp-json\/wp\/v2\/users\/2"}],"replies":[{"embeddable":true,"href":"https:\/\/www.europesays.com\/es\/wp-json\/wp\/v2\/comments?post=302922"}],"version-history":[{"count":0,"href":"https:\/\/www.europesays.com\/es\/wp-json\/wp\/v2\/posts\/302922\/revisions"}],"wp:featuredmedia":[{"embeddable":true,"href":"https:\/\/www.europesays.com\/es\/wp-json\/wp\/v2\/media\/302923"}],"wp:attachment":[{"href":"https:\/\/www.europesays.com\/es\/wp-json\/wp\/v2\/media?parent=302922"}],"wp:term":[{"taxonomy":"category","embeddable":true,"href":"https:\/\/www.europesays.com\/es\/wp-json\/wp\/v2\/categories?post=302922"},{"taxonomy":"post_tag","embeddable":true,"href":"https:\/\/www.europesays.com\/es\/wp-json\/wp\/v2\/tags?post=302922"}],"curies":[{"name":"wp","href":"https:\/\/api.w.org\/{rel}","templated":true}]}}