{"id":302937,"date":"2025-12-23T08:55:41","date_gmt":"2025-12-23T08:55:41","guid":{"rendered":"https:\/\/www.europesays.com\/es\/302937\/"},"modified":"2025-12-23T08:55:41","modified_gmt":"2025-12-23T08:55:41","slug":"el-ayuntamiento-pide-a-los-vecinos-que-utilicen-el-punto-limpio-para-depositar-los-residuos-generados-en-la-navidad","status":"publish","type":"post","link":"https:\/\/www.europesays.com\/es\/302937\/","title":{"rendered":"El Ayuntamiento pide a los vecinos que utilicen el Punto Limpio para depositar los residuos generados en la Navidad"},"content":{"rendered":"<p>El Ayuntamiento de Boadilla del Monte ha hecho un llamamiento a los vecinos para que utilicen el Punto Limpio municipal en estas fechas navide\u00f1as, con el fin de favorecer la gesti\u00f3n adecuada del elevado n\u00famero de residuos que se generan.<\/p>\n<p>El Punto Limpio se encuentra en la calle Miguel \u00c1ngel Cantero Oliva s\/n y tendr\u00e1, durante las fiestas, los siguientes horarios:\u00a0<\/p>\n<p>\u00a0&#8211;\u00a0\u00a0\u00a0\u00a0\u00a0\u00a0\u00a024 de diciembre: de 8:30 a 15:00 horas.<\/p>\n<p>\u00a0&#8211;\u00a0\u00a0\u00a0\u00a0\u00a0\u00a0 25 de diciembre: cerrado.<\/p>\n<p>&#8211;\u00a0\u00a0\u00a0\u00a0\u00a0\u00a0\u00a0\u00a026 de diciembre: de 8:30 a 15:00 horas<\/p>\n<p>&#8211;\u00a0\u00a0\u00a0\u00a0\u00a0\u00a0\u00a0\u00a031 de diciembre: de 8:30 a 15:00 horas.<\/p>\n<p>&#8211;\u00a0\u00a0\u00a0\u00a0\u00a0\u00a0\u00a0\u00a01 de enero: cerrado.<\/p>\n<p>El horario habitual del Punto Limpio durante el invierno es de 8:30 a 19:30 horas, de lunes a domingo.\u00a0<\/p>\n<p>Los vecinos tienen tambi\u00e9n a su disposici\u00f3n el Punto Limpio M\u00f3vil, donde pueden depositarse, entre otros residuos, radiograf\u00edas, fluorescentes, pilas, aerosoles, aceite vegetal, aparatos el\u00e9ctricos y electr\u00f3nicos, pinturas y disolventes. Los puntos y horarios generales est\u00e1n disponibles\u00a0en\u00a0<a href=\"https:\/\/www.ayuntamientoboadilladelmonte.org\/punto-limpio-movil\" rel=\"nofollow noopener\" target=\"_blank\">este enlace.<\/a> El Punto Limpio M\u00f3vil no estar\u00e1 disponible los d\u00edas 24, 25 y 31 de diciembre, y 1 de enero.<\/p>\n<p>El servicio de recogida de basuras, por su parte, no se ofrecer\u00e1 en las urbanizaciones hist\u00f3ricas los d\u00edas 25 de diciembre y 1 de enero, por lo que los d\u00edas 26 de diciembre y 2 de enero dicho servicio se ver\u00e1 reforzado. En el resto del municipio, la recogida se realizar\u00e1 con normalidad, incidiendo especialmente en la retirada de papel y cart\u00f3n.<\/p>\n","protected":false},"excerpt":{"rendered":"El Ayuntamiento de Boadilla del Monte ha hecho un llamamiento a los vecinos para que utilicen el Punto&hellip;\n","protected":false},"author":2,"featured_media":302938,"comment_status":"","ping_status":"","sticky":false,"template":"","format":"standard","meta":{"footnotes":""},"categories":[5],"tags":[17,18,25,24,13,14,11,19,20,9,10,15,16,23,12,21,22],"class_list":{"0":"post-302937","1":"post","2":"type-post","3":"status-publish","4":"format-standard","5":"has-post-thumbnail","7":"category-titulares","8":"tag-breaking-news","9":"tag-breakingnews","10":"tag-es","11":"tag-espana","12":"tag-featured-news","13":"tag-featurednews","14":"tag-headlines","15":"tag-latest-news","16":"tag-latestnews","17":"tag-news","18":"tag-noticias","19":"tag-noticias-destacadas","20":"tag-noticiasdestacadas","21":"tag-spain","22":"tag-titulares","23":"tag-ultimas-noticias","24":"tag-ultimasnoticias"},"share_on_mastodon":{"url":"https:\/\/pubeurope.com\/@es\/115768047885535872","error":""},"_links":{"self":[{"href":"https:\/\/www.europesays.com\/es\/wp-json\/wp\/v2\/posts\/302937","targetHints":{"allow":["GET"]}}],"collection":[{"href":"https:\/\/www.europesays.com\/es\/wp-json\/wp\/v2\/posts"}],"about":[{"href":"https:\/\/www.europesays.com\/es\/wp-json\/wp\/v2\/types\/post"}],"author":[{"embeddable":true,"href":"https:\/\/www.europesays.com\/es\/wp-json\/wp\/v2\/users\/2"}],"replies":[{"embeddable":true,"href":"https:\/\/www.europesays.com\/es\/wp-json\/wp\/v2\/comments?post=302937"}],"version-history":[{"count":0,"href":"https:\/\/www.europesays.com\/es\/wp-json\/wp\/v2\/posts\/302937\/revisions"}],"wp:featuredmedia":[{"embeddable":true,"href":"https:\/\/www.europesays.com\/es\/wp-json\/wp\/v2\/media\/302938"}],"wp:attachment":[{"href":"https:\/\/www.europesays.com\/es\/wp-json\/wp\/v2\/media?parent=302937"}],"wp:term":[{"taxonomy":"category","embeddable":true,"href":"https:\/\/www.europesays.com\/es\/wp-json\/wp\/v2\/categories?post=302937"},{"taxonomy":"post_tag","embeddable":true,"href":"https:\/\/www.europesays.com\/es\/wp-json\/wp\/v2\/tags?post=302937"}],"curies":[{"name":"wp","href":"https:\/\/api.w.org\/{rel}","templated":true}]}}