{"id":30298,"date":"2025-08-06T22:08:09","date_gmt":"2025-08-06T22:08:09","guid":{"rendered":"https:\/\/www.europesays.com\/es\/30298\/"},"modified":"2025-08-06T22:08:09","modified_gmt":"2025-08-06T22:08:09","slug":"exceso-de-tiempo-frente-a-pantallas-en-la-infancia-aumentaria-riesgo-de-enfermedades-cardiometabolicas","status":"publish","type":"post","link":"https:\/\/www.europesays.com\/es\/30298\/","title":{"rendered":"Exceso De Tiempo Frente A Pantallas En La Infancia Aumentar\u00eda Riesgo De Enfermedades Cardiometab\u00f3licas"},"content":{"rendered":"<p data-type=\"paragraph\">Pasar demasiado tiempo frente a una pantalla \u2014ya sea una tableta, un tel\u00e9fono o un televisor\u2014 puede aumentar el riesgo de enfermedades card\u00edacas y metab\u00f3licas en los ni\u00f1os, seg\u00fan un estudio realizado en Dinamarca y publicado el mi\u00e9rcoles.<\/p>\n<p data-type=\"paragraph\" class=\"emotion-k3zb6l-Paragraph e1e4oisd0\">\u00abLos ni\u00f1os y j\u00f3venes que pasan demasiadas horas pegados a las pantallas y dispositivos electr\u00f3nicos pueden presentar un mayor riesgo de enfermedades cardiometab\u00f3licas, como hipertensi\u00f3n arterial, colesterol alto y resistencia a la insulina\u00bb, indica el estudio publicado en la revista Journal of the American Heart Association, seg\u00fan un comunicado de esta \u00faltima.<\/p>\n<p data-type=\"paragraph\" class=\"emotion-k3zb6l-Paragraph e1e4oisd0\">Estas condiciones aumentan posteriormente el riesgo de desarrollar enfermedades cardiovasculares o diabetes.<\/p>\n<p data-type=\"paragraph\" class=\"emotion-k3zb6l-Paragraph e1e4oisd0\">Utilizando datos de cohortes de ni\u00f1os de 10 y 18 a\u00f1os \u2014m\u00e1s de 1.000 en total\u2014 sobre sus h\u00e1bitos de uso de pantallas y de sue\u00f1o, los investigadores analizaron la relaci\u00f3n entre el tiempo de pantalla y los llamados factores de riesgo cardiometab\u00f3licos.<\/p>\n<p data-type=\"paragraph\" class=\"emotion-k3zb6l-Paragraph e1e4oisd0\">El an\u00e1lisis revel\u00f3 que cada hora adicional frente a una pantalla aumentaba el riesgo, siendo este incremento m\u00e1s significativo en los j\u00f3venes de 18 a\u00f1os que en los de 10.<\/p>\n<p data-type=\"paragraph\" class=\"emotion-k3zb6l-Paragraph e1e4oisd0\">Adem\u00e1s el riesgo se agrava cuando disminuye el tiempo de sue\u00f1o.<\/p>\n<p data-type=\"paragraph\" class=\"emotion-k3zb6l-Paragraph e1e4oisd0\">\u00abEsto significa que un ni\u00f1o que pasa tres horas al d\u00eda frente a una pantalla tendr\u00eda un riesgo global de entre un cuarto y medio de desviaci\u00f3n est\u00e1ndar superior al de sus compa\u00f1eros\u00bb, estim\u00f3 David Horner, autor principal del estudio e investigador en la universidad de Copenhague, citado en el comunicado.<\/p>\n<p data-type=\"paragraph\" class=\"emotion-k3zb6l-Paragraph e1e4oisd0\">\u00abMultiplique eso a nivel de toda una poblaci\u00f3n infantil, y se observa una evoluci\u00f3n significativa del riesgo cardiometab\u00f3lico temprano que podr\u00eda persistir hasta la edad adulta\u00bb, advirti\u00f3.<\/p>\n<p data-type=\"paragraph\" class=\"emotion-k3zb6l-Paragraph e1e4oisd0\">Aunque los efectos negativos de las pantallas sobre ni\u00f1os y adolescentes a\u00fan no generan un consenso un\u00e1nime entre los investigadores, la mayor\u00eda coincide en que los m\u00e1s j\u00f3venes est\u00e1n m\u00e1s expuestos al riesgo que los adultos.<\/p>\n<p data-type=\"paragraph\" class=\"emotion-k3zb6l-Paragraph e1e4oisd0\">cbw\/nzg\/mr\/mab\/mb<\/p>\n","protected":false},"excerpt":{"rendered":"Pasar demasiado tiempo frente a una pantalla \u2014ya sea una tableta, un tel\u00e9fono o un televisor\u2014 puede aumentar&hellip;\n","protected":false},"author":2,"featured_media":70,"comment_status":"","ping_status":"","sticky":false,"template":"","format":"standard","meta":{"footnotes":""},"categories":[92],"tags":[2496,2996,25,24,16093,165,3799,4646,166,23,116],"class_list":{"0":"post-30298","1":"post","2":"type-post","3":"status-publish","4":"format-standard","5":"has-post-thumbnail","7":"category-salud","8":"tag-dinamarca","9":"tag-enfermedad","10":"tag-es","11":"tag-espana","12":"tag-hardware","13":"tag-health","14":"tag-ocio","15":"tag-pantallas","16":"tag-salud","17":"tag-spain","18":"tag-synd"},"share_on_mastodon":{"url":"","error":""},"_links":{"self":[{"href":"https:\/\/www.europesays.com\/es\/wp-json\/wp\/v2\/posts\/30298","targetHints":{"allow":["GET"]}}],"collection":[{"href":"https:\/\/www.europesays.com\/es\/wp-json\/wp\/v2\/posts"}],"about":[{"href":"https:\/\/www.europesays.com\/es\/wp-json\/wp\/v2\/types\/post"}],"author":[{"embeddable":true,"href":"https:\/\/www.europesays.com\/es\/wp-json\/wp\/v2\/users\/2"}],"replies":[{"embeddable":true,"href":"https:\/\/www.europesays.com\/es\/wp-json\/wp\/v2\/comments?post=30298"}],"version-history":[{"count":0,"href":"https:\/\/www.europesays.com\/es\/wp-json\/wp\/v2\/posts\/30298\/revisions"}],"wp:featuredmedia":[{"embeddable":true,"href":"https:\/\/www.europesays.com\/es\/wp-json\/wp\/v2\/media\/70"}],"wp:attachment":[{"href":"https:\/\/www.europesays.com\/es\/wp-json\/wp\/v2\/media?parent=30298"}],"wp:term":[{"taxonomy":"category","embeddable":true,"href":"https:\/\/www.europesays.com\/es\/wp-json\/wp\/v2\/categories?post=30298"},{"taxonomy":"post_tag","embeddable":true,"href":"https:\/\/www.europesays.com\/es\/wp-json\/wp\/v2\/tags?post=30298"}],"curies":[{"name":"wp","href":"https:\/\/api.w.org\/{rel}","templated":true}]}}