{"id":302981,"date":"2025-12-23T09:32:19","date_gmt":"2025-12-23T09:32:19","guid":{"rendered":"https:\/\/www.europesays.com\/es\/302981\/"},"modified":"2025-12-23T09:32:19","modified_gmt":"2025-12-23T09:32:19","slug":"especial-de-loteria-nacional-2025","status":"publish","type":"post","link":"https:\/\/www.europesays.com\/es\/302981\/","title":{"rendered":"Especial de Loter\u00eda Nacional 2025"},"content":{"rendered":"<p>              <strong>TP<\/strong><\/p>\n<p>El <strong>Sorteo Extraordinario de Loter\u00eda 2025<\/strong> ha repartido un total de <strong>2.772 millones de euros en premios<\/strong>, una cifra que supera en 70 millones a la repartida el a\u00f1o pasado. El deseado <strong>Gordo<\/strong> est\u00e1 dotado con 400.000 euros al d\u00e9cimo; el segundo premio, con 125.000 euros; el tercer premio, con 50.000 euros; los cuartos (hay dos), con 20.000 euros; y los quintos (hay ocho) 6.000 euros al d\u00e9cimo. Escucha el especial con Mamen Asencio y Carlos N\u00fa\u00f1ez.<\/p>\n","protected":false},"excerpt":{"rendered":"TP El Sorteo Extraordinario de Loter\u00eda 2025 ha repartido un total de 2.772 millones de euros en premios,&hellip;\n","protected":false},"author":2,"featured_media":302982,"comment_status":"","ping_status":"","sticky":false,"template":"","format":"standard","meta":{"footnotes":""},"categories":[170],"tags":[146,147,25,24,71784,33005,184,185,133,1448,1986,1987,23],"class_list":{"0":"post-302981","1":"post","2":"type-post","3":"status-publish","4":"format-standard","5":"has-post-thumbnail","7":"category-musica","8":"tag-entertainment","9":"tag-entretenimiento","10":"tag-es","11":"tag-espana","12":"tag-especial-de-loteria-nacional-2025","13":"tag-las-mananas-de-rne","14":"tag-music","15":"tag-musica","16":"tag-online","17":"tag-radio","18":"tag-rne","19":"tag-rtve-play","20":"tag-spain"},"share_on_mastodon":{"url":"https:\/\/pubeurope.com\/@es\/115768193634618260","error":""},"_links":{"self":[{"href":"https:\/\/www.europesays.com\/es\/wp-json\/wp\/v2\/posts\/302981","targetHints":{"allow":["GET"]}}],"collection":[{"href":"https:\/\/www.europesays.com\/es\/wp-json\/wp\/v2\/posts"}],"about":[{"href":"https:\/\/www.europesays.com\/es\/wp-json\/wp\/v2\/types\/post"}],"author":[{"embeddable":true,"href":"https:\/\/www.europesays.com\/es\/wp-json\/wp\/v2\/users\/2"}],"replies":[{"embeddable":true,"href":"https:\/\/www.europesays.com\/es\/wp-json\/wp\/v2\/comments?post=302981"}],"version-history":[{"count":0,"href":"https:\/\/www.europesays.com\/es\/wp-json\/wp\/v2\/posts\/302981\/revisions"}],"wp:featuredmedia":[{"embeddable":true,"href":"https:\/\/www.europesays.com\/es\/wp-json\/wp\/v2\/media\/302982"}],"wp:attachment":[{"href":"https:\/\/www.europesays.com\/es\/wp-json\/wp\/v2\/media?parent=302981"}],"wp:term":[{"taxonomy":"category","embeddable":true,"href":"https:\/\/www.europesays.com\/es\/wp-json\/wp\/v2\/categories?post=302981"},{"taxonomy":"post_tag","embeddable":true,"href":"https:\/\/www.europesays.com\/es\/wp-json\/wp\/v2\/tags?post=302981"}],"curies":[{"name":"wp","href":"https:\/\/api.w.org\/{rel}","templated":true}]}}