{"id":302994,"date":"2025-12-23T09:39:13","date_gmt":"2025-12-23T09:39:13","guid":{"rendered":"https:\/\/www.europesays.com\/es\/302994\/"},"modified":"2025-12-23T09:39:13","modified_gmt":"2025-12-23T09:39:13","slug":"practicas-de-comunicacion-y-eventos-de-eryica","status":"publish","type":"post","link":"https:\/\/www.europesays.com\/es\/302994\/","title":{"rendered":"Pr\u00e1cticas de comunicaci\u00f3n y eventos de ERYICA"},"content":{"rendered":"\n<p>\t\t\t\t\t\t<img decoding=\"async\" class=\"w-full object-cover aspect-video\" src=\"https:\/\/www.europesays.com\/es\/wp-content\/uploads\/2025\/12\/1b67d208-21f4-1e73-9ada-41116148e882\" data-fileentryid=\"296598\" alt=\"\"\/><\/p>\n<p lang=\"ES-ES\" xml:lang=\"ES-ES\"><strong>Pr\u00e1cticas remuneradas de 3 meses en Comunicaci\u00f3n y Gesti\u00f3n de Eventos en Luxemburgo.\u00a0<\/strong><\/p>\n<p lang=\"ES-ES\" xml:lang=\"ES-ES\"><strong>La Agencia Europea de Informaci\u00f3n y Asesoramiento Juvenil (ERYICA) busca un\/a becario\/a en Comunicaci\u00f3n y Gesti\u00f3n de Eventos.<\/strong><\/p>\n<p lang=\"ES-ES\" xml:lang=\"ES-ES\">Estas pr\u00e1cticas a tiempo completo (3 meses) est\u00e1n dise\u00f1adas para personas interesadas en adquirir experiencia pr\u00e1ctica en comunicaci\u00f3n, gesti\u00f3n de redes sociales y organizaci\u00f3n de eventos en un entorno europeo y multicultural.\u00a0<\/p>\n<p lang=\"ES-ES\" xml:lang=\"ES-ES\"><strong>\u00bfQui\u00e9n puede participar?\u00a0<\/strong><\/p>\n<ul>\n<li lang=\"ES-ES\" xml:lang=\"ES-ES\">Licenciatura en comunicaci\u00f3n, estudios de medios, marketing digital, periodismo, dise\u00f1o gr\u00e1fico o campo relacionado.\u00a0<\/li>\n<li lang=\"ES-ES\" xml:lang=\"ES-ES\">Fluidez en ingl\u00e9s (hablado y escrito) y competencia en al menos otro idioma europeo (preferiblemente espa\u00f1ol, franc\u00e9s o alem\u00e1n).\u00a0\u00a0<\/li>\n<li lang=\"ES-ES\" xml:lang=\"ES-ES\">Derecho a trabajar en Luxemburgo.\u00a0<\/li>\n<li lang=\"ES-ES\" xml:lang=\"ES-ES\">Buenas habilidades de redacci\u00f3n y narraci\u00f3n de historias en ingl\u00e9s.\u00a0\u00a0<\/li>\n<li lang=\"ES-ES\" xml:lang=\"ES-ES\">Familiaridad con herramientas de comunicaci\u00f3n (por ejemplo,\u00a0Squarespace,\u00a0Mailchimp,\u00a0Canva,\u00a0herramientas de Adobe, edici\u00f3n de v\u00eddeo).\u00a0\u00a0<\/li>\n<li lang=\"ES-ES\" xml:lang=\"ES-ES\">Inter\u00e9s y alguna experiencia en organizaci\u00f3n de eventos.\u00a0\u00a0<\/li>\n<li lang=\"ES-ES\" xml:lang=\"ES-ES\">Curioso, proactivo, bien organizado y c\u00f3modo trabajando en un peque\u00f1o equipo internacional.\u00a0\u00a0<\/li>\n<li lang=\"ES-ES\" xml:lang=\"ES-ES\">Disposici\u00f3n a viajar ocasionalmente por Europa.\u00a0<\/li>\n<\/ul>\n<p lang=\"ES-ES\" xml:lang=\"ES-ES\"><strong>Beneficios\u00a0<\/strong><\/p>\n<p lang=\"ES-ES\" xml:lang=\"ES-ES\">Subvenci\u00f3n mensual: 1.297,80 EUR\u00a0\u00a0<\/p>\n<p lang=\"ES-ES\" xml:lang=\"ES-ES\"><strong>C\u00f3mo participar\u00a0<\/strong><\/p>\n<p lang=\"ES-ES\" xml:lang=\"ES-ES\">Las solicitudes deber\u00e1n enviarse a\u00a0<a href=\"https:\/\/juventud.asturias.es\/-\/mailto:jobs@eryica.org\" rel=\"noreferrer noopener nofollow\" target=\"_blank\">jobs@eryica.org<\/a>\u00a0con el asunto del correo electr\u00f3nico \u201cSolicitud\u00a0<\/p>\n<p lang=\"ES-ES\" xml:lang=\"ES-ES\">Comunicaciones y Gesti\u00f3n de Eventos\u00a0Trainee\u00a02026\u201d.\u00a0<\/p>\n<p lang=\"ES-ES\" xml:lang=\"ES-ES\"><strong>Fecha l\u00edmite\u00a0: 9 de enero de 2026, 9:00 (CET)\u00a0<\/strong><\/p>\n<p lang=\"ES-ES\" xml:lang=\"ES-ES\"><strong>Lee m\u00e1s\u00a0<a href=\"https:\/\/www.eryica.org\/news\/eryica-is-hiring-communications-events-trainee\" rel=\"noreferrer noopener nofollow\" target=\"_blank\">aqu\u00ed<\/a>\u00a0.\u00a0<\/strong><\/p>\n<p lang=\"ES-ES\" xml:lang=\"ES-ES\">Oportunidad ofrecida por:\u00a0Agencia Europea de Informaci\u00f3n y Asesoramiento Juvenil\u00a0<\/p>\n<p lang=\"ES-ES\" xml:lang=\"ES-ES\"><strong><a href=\"https:\/\/www.eryica.org\/news\/eryica-is-hiring-communications-events-trainee\" rel=\"noreferrer noopener nofollow\" target=\"_blank\">Descubre m\u00e1s<\/a>.<\/strong><\/p>\n","protected":false},"excerpt":{"rendered":"Pr\u00e1cticas remuneradas de 3 meses en Comunicaci\u00f3n y Gesti\u00f3n de Eventos en Luxemburgo.\u00a0 La Agencia Europea de Informaci\u00f3n&hellip;\n","protected":false},"author":2,"featured_media":302995,"comment_status":"","ping_status":"","sticky":false,"template":"","format":"standard","meta":{"footnotes":""},"categories":[42],"tags":[56097,17,18,13,14,11,61,62,63,64,19,20,9,10,15,16,12,10351,21,22,65,66,67],"class_list":{"0":"post-302994","1":"post","2":"type-post","3":"status-publish","4":"format-standard","5":"has-post-thumbnail","7":"category-internacional","8":"tag-becas-y-ayudas-al-estudio","9":"tag-breaking-news","10":"tag-breakingnews","11":"tag-featured-news","12":"tag-featurednews","13":"tag-headlines","14":"tag-internacional","15":"tag-international","16":"tag-international-news","17":"tag-internationalnews","18":"tag-latest-news","19":"tag-latestnews","20":"tag-news","21":"tag-noticias","22":"tag-noticias-destacadas","23":"tag-noticiasdestacadas","24":"tag-titulares","25":"tag-todos-los-temas","26":"tag-ultimas-noticias","27":"tag-ultimasnoticias","28":"tag-world","29":"tag-world-news","30":"tag-worldnews"},"share_on_mastodon":{"url":"https:\/\/pubeurope.com\/@es\/115768221874498156","error":""},"_links":{"self":[{"href":"https:\/\/www.europesays.com\/es\/wp-json\/wp\/v2\/posts\/302994","targetHints":{"allow":["GET"]}}],"collection":[{"href":"https:\/\/www.europesays.com\/es\/wp-json\/wp\/v2\/posts"}],"about":[{"href":"https:\/\/www.europesays.com\/es\/wp-json\/wp\/v2\/types\/post"}],"author":[{"embeddable":true,"href":"https:\/\/www.europesays.com\/es\/wp-json\/wp\/v2\/users\/2"}],"replies":[{"embeddable":true,"href":"https:\/\/www.europesays.com\/es\/wp-json\/wp\/v2\/comments?post=302994"}],"version-history":[{"count":0,"href":"https:\/\/www.europesays.com\/es\/wp-json\/wp\/v2\/posts\/302994\/revisions"}],"wp:featuredmedia":[{"embeddable":true,"href":"https:\/\/www.europesays.com\/es\/wp-json\/wp\/v2\/media\/302995"}],"wp:attachment":[{"href":"https:\/\/www.europesays.com\/es\/wp-json\/wp\/v2\/media?parent=302994"}],"wp:term":[{"taxonomy":"category","embeddable":true,"href":"https:\/\/www.europesays.com\/es\/wp-json\/wp\/v2\/categories?post=302994"},{"taxonomy":"post_tag","embeddable":true,"href":"https:\/\/www.europesays.com\/es\/wp-json\/wp\/v2\/tags?post=302994"}],"curies":[{"name":"wp","href":"https:\/\/api.w.org\/{rel}","templated":true}]}}