{"id":303006,"date":"2025-12-23T09:51:18","date_gmt":"2025-12-23T09:51:18","guid":{"rendered":"https:\/\/www.europesays.com\/es\/303006\/"},"modified":"2025-12-23T09:51:18","modified_gmt":"2025-12-23T09:51:18","slug":"alvaro-morata-y-alice-campello-vidas-separadas","status":"publish","type":"post","link":"https:\/\/www.europesays.com\/es\/303006\/","title":{"rendered":"\u00c1lvaro Morata y Alice Campello, vidas separadas"},"content":{"rendered":"<p><strong>\u00c1lvaro Morata<\/strong> y <strong>Alice Campello<\/strong> se encuentran en el centro del foco medi\u00e1tico a ra\u00edz de su nueva crisis sentimental, que llega un a\u00f1o despu\u00e9s de que anunciaran su separaci\u00f3n mediante un comunicado conjunto. <strong>Seg\u00fan ha podido saber SEMANA, esta segunda oportunidad parece que no ha sido suficiente para salvar su matrimonio<\/strong>. En nuestro nuevo n\u00famero, ya disponible en todos los kioscos del territorio nacional,<strong> te mostramos las im\u00e1genes m\u00e1s significativas del futbolista y la influencer haciendo vida por separado.<\/strong><\/p>\n<p><a href=\"https:\/\/www.semana.es\/medio\/2025\/12\/22\/semana-portada-lydia-lozano_7f1dfcd1_251222163227_800x1060.webp\" class=\"open\" title=\"Semana portada Lydia Lozano\" rel=\"nofollow noopener\" target=\"_blank\"><img loading=\"lazy\" decoding=\"async\"   src=\"https:\/\/www.europesays.com\/es\/wp-content\/uploads\/2025\/12\/semana-portada-lydia-lozano_7f1dfcd1_251222163227_800x1060.webp.webp\" alt=\"Semana portada Lydia Lozano\" class=\"lazyload\" width=\"800\" height=\"1060\" data-aspectratio=\"800\/1060\"\/>&#13;<\/p>\n<p>En el nuevo n\u00famero de SEMANA te ofrecemos las im\u00e1genes en exclusiva que confirman las vidas separadas de Morata y Alice Campello<\/p>\n<p class=\"by\">REVISTA SEMANA<\/p>\n<p>Decid\u00edan darse una segunda oportunidad y volvieron a gritar su amor a los cuatro vientos a trav\u00e9s de las redes sociales, como ven\u00eda siendo habitual. Sin embargo, de la noche a la ma\u00f1ana, esos arrebatos rom\u00e1nticos desaparecieron. <strong>Seg\u00fan ha podido saber SEMANA, y como se observa en las fotograf\u00edas que te mostramos en el nuevo n\u00famero, la pareja ya hace vidas completamente separadas.<\/strong><\/p>\n<p>&#13;<img decoding=\"async\" src=\"https:\/\/www.europesays.com\/es\/wp-content\/uploads\/2025\/12\/alice-campello-mujer-de-alvaro-morata-en-la-uci-tras-dar-a-luz-a-su-cuarto-hijo-una-nina-llamada-bel.webp\" alt=\"Alice Campello, mujer de \u00c1lvaro Morata, en la UCI tras dar a luz a su cuarto hijo, una ni\u00f1a llamada Bella\" class=\"widget-article-image image lazyload\"\/><\/p>\n<p>En las fotograf\u00edas que te mostramos, podemos ver a ambos entrando en su casa de Mil\u00e1n, aunque por separado. Hace semanas que no se le ve al madrile\u00f1o y a la italiana entrando y saliendo juntos del domicilio. <strong>Llevan vidas separadas, cumplen con sus respectivos trabajos, salen de compras y recogen a los ni\u00f1os del colegio, pero cada uno por su lado.<\/strong><\/p>\n<p>Al cierre de nuestro nuevo n\u00famero, ni Alice ni \u00c1lvaro hab\u00edan confirmado su ruptura de manera oficial. Pero hay muchas pruebas que lo confirman. M\u00e1s all\u00e1 de que hacen vidas por separado, <strong>esta revista suma el testimonio de personas cercanas a la pareja, que insisten en que podr\u00eda ser la crisis definitiva del matrimonio.<\/strong><\/p>\n<p>Adem\u00e1s, tal y como te mostramos en las fotograf\u00edas exclusivas del nuevo n\u00famero de SEMANA, <strong>Alice Campello ya no lleva la alianza de casada<\/strong>. \u201cSe quieren mucho, pero hay cosas del uno y del otro que no comparten. Cosas que no entienden\u201d, dicen a nuestra revista. Esto y mucho m\u00e1s podr\u00e1s encontrarlo en nuestro nuevo n\u00famero, ya disponible en todos los quioscos. Adem\u00e1s, tambi\u00e9n te contamos el milagro de Navidad que ha recibido Lydia Lozano al poder tener, por fin, en su casa a su marido, Charly, que recib\u00eda el alta tras semanas de ingreso en el hospital por una bacteria.<\/p>\n<p>No ha habido terceras personas<a href=\"https:\/\/www.semana.es\/medio\/2025\/12\/22\/morata-y-alice-campello-en-una-boda_063ef299_251222163308_800x949.webp\" class=\"open\" title=\"Morata y Alice Campello en una boda\" rel=\"nofollow noopener\" target=\"_blank\"><img loading=\"lazy\" decoding=\"async\"   src=\"https:\/\/www.europesays.com\/es\/wp-content\/uploads\/2025\/12\/morata-y-alice-campello-en-una-boda_063ef299_251222163308_800x949.webp.webp\" alt=\"Morata y Alice Campello en una boda\" class=\"lazyload\" width=\"800\" height=\"949\" data-aspectratio=\"800\/949\"\/>&#13;<\/p>\n<p>Morata y Alice Campello en una boda<\/p>\n<p class=\"by\">Foto: @alicecampello<\/p>\n<p>Los movimientos de \u00c1lvaro Morata y Alice Campello hicieron saltar todas las alarmas sobre una nueva crisis en el matrimonio. Durante d\u00edas, <strong>han sido los protagonistas de la cr\u00f3nica social, aunque ellos no se pronunciaban<\/strong>. Hasta que se comenz\u00f3 a hablar de la posibilidad de que existiera una tercera persona.<\/p>\n<p>&#13;<img decoding=\"async\" src=\"https:\/\/www.europesays.com\/es\/wp-content\/uploads\/2025\/12\/alvaro-morata-y-alice-campello-en-un-evento-solidario_240bf9d6_251202110512_600x600.webp.webp\" alt=\"\u00c1lvaro Morata y Alice Campello en un evento solidario\" class=\"widget-article-image image lazyload\"\/><\/p>\n<p>\u201c<strong>Me ratifican que hay una tercera persona<\/strong> que pertenece al c\u00edrculo profesional actual en Como de \u00c1lvaro Morata. Ha encontrado un refuerzo emocional en mitad del caos de su aventura profesional. Eso a ella le ha desencajado. <strong>No entiende el papel que ha tomado la mujer de la nueva vida de \u00e9l<\/strong>. Han estado intent\u00e1ndolo porque son padres de cuatro hijos, pero que esa relaci\u00f3n se va a terminar\u201d, dec\u00eda Kike Quintana en \u2018El tiempo justo\u2019.<\/p>\n<p>Ante esto, el futbolista se pon\u00eda en contacto con Alexia Rivas para desmentir la informaci\u00f3n del sobrino de Ana Rosa Quintana. El tambi\u00e9n jugador de La Roja insist\u00eda en que <strong>no hab\u00eda terceras personas<\/strong>. \u201cMe lo jura casi por sus hijos\u201d, insist\u00eda la periodista. Eso s\u00ed, no desment\u00eda la ruptura, pero hac\u00eda hincapi\u00e9 en que estaba bien y que no le importaba lo que pudieran decir.<\/p>\n<p>As\u00ed hablaron Alice Campello y \u00c1lvaro Morata de su anterior ruptura<a href=\"https:\/\/www.semana.es\/medio\/2025\/12\/22\/alvaro-morata-y-alice-campello-en-un-evento-solidario_240bf9d6_251222164301_800x542.webp\" class=\"open\" title=\"\u00c1lvaro Morata y Alice Campello en un evento solidario\" rel=\"nofollow noopener\" target=\"_blank\"><img loading=\"lazy\" decoding=\"async\"   src=\"https:\/\/www.europesays.com\/es\/wp-content\/uploads\/2025\/12\/alvaro-morata-y-alice-campello-en-un-evento-solidario_240bf9d6_251222164301_800x542.webp.webp\" alt=\"\u00c1lvaro Morata y Alice Campello en un evento solidario\" class=\"lazyload\" width=\"800\" height=\"542\" data-aspectratio=\"800\/542\"\/>&#13;<\/p>\n<p>\u00c1lvaro Morata y Alice Campello en un evento solidario<\/p>\n<p class=\"by\">Gtres<\/p>\n<p>En su documental, \u201cMorata: No sab\u00e9is qui\u00e9n soy\u201d, el jugador se abr\u00eda en canal sobre algunos de los aspectos m\u00e1s dif\u00edciles de su vida. Entre ellos, su depresi\u00f3n y su ruptura con Alice Campello. <strong>El deportista toc\u00f3 fondo y pens\u00f3 en dejar la Selecci\u00f3n<\/strong> porque no le compensaba el mal trago que ten\u00eda que pasar siempre que jugaba.<\/p>\n<p>Sin embargo, encontr\u00f3 en Alice Campello su particular refugio, aunque no todo fue de color de rosas. Para ella era fundamental no dejarle solo, a pesar de que tuvieron una fuerte crisis de pareja. \u00ab\u00bfC\u00f3mo vas a estar bien junto a alguien si no puedes dar lo mejor de ti? Solo puedes dar cosas negativas, es normal que cualquier persona choque, no es sano. <strong>No siento que ha habido una crisis de falta de amor, sino simplemente dos personas que no estaban bien<\/strong>\u201d, coment\u00f3 la italiana.<\/p>\n<p>Fue Alice Campello quien tuvo que tomar las riendas de la casa. Lo hizo porque no estaba dispuesta a \u00abseguir fingiendo\u00bb que su marido y padre de sus cuatro hijos estaba bien. \u00abEs duro ir a un estadio y que haya mucha gente que te insulta o ir por la calle y que te insulten o decir a los ni\u00f1os cosas. <strong>Me dec\u00eda que solo con tocar la pelota le entraba ansiedad. Ya hab\u00eda pasado por eso y le llev\u00e9 a la psiquiatra que me ayud\u00f3<\/strong>\u00ab, confirmaba.\u00a0<\/p>\n","protected":false},"excerpt":{"rendered":"\u00c1lvaro Morata y Alice Campello se encuentran en el centro del foco medi\u00e1tico a ra\u00edz de su nueva&hellip;\n","protected":false},"author":2,"featured_media":303007,"comment_status":"","ping_status":"","sticky":false,"template":"","format":"standard","meta":{"footnotes":""},"categories":[174],"tags":[255,146,147,25,24,256,23],"class_list":{"0":"post-303006","1":"post","2":"type-post","3":"status-publish","4":"format-standard","5":"has-post-thumbnail","7":"category-famosos","8":"tag-celebrities","9":"tag-entertainment","10":"tag-entretenimiento","11":"tag-es","12":"tag-espana","13":"tag-famosos","14":"tag-spain"},"share_on_mastodon":{"url":"https:\/\/pubeurope.com\/@es\/115768268990752832","error":""},"_links":{"self":[{"href":"https:\/\/www.europesays.com\/es\/wp-json\/wp\/v2\/posts\/303006","targetHints":{"allow":["GET"]}}],"collection":[{"href":"https:\/\/www.europesays.com\/es\/wp-json\/wp\/v2\/posts"}],"about":[{"href":"https:\/\/www.europesays.com\/es\/wp-json\/wp\/v2\/types\/post"}],"author":[{"embeddable":true,"href":"https:\/\/www.europesays.com\/es\/wp-json\/wp\/v2\/users\/2"}],"replies":[{"embeddable":true,"href":"https:\/\/www.europesays.com\/es\/wp-json\/wp\/v2\/comments?post=303006"}],"version-history":[{"count":0,"href":"https:\/\/www.europesays.com\/es\/wp-json\/wp\/v2\/posts\/303006\/revisions"}],"wp:featuredmedia":[{"embeddable":true,"href":"https:\/\/www.europesays.com\/es\/wp-json\/wp\/v2\/media\/303007"}],"wp:attachment":[{"href":"https:\/\/www.europesays.com\/es\/wp-json\/wp\/v2\/media?parent=303006"}],"wp:term":[{"taxonomy":"category","embeddable":true,"href":"https:\/\/www.europesays.com\/es\/wp-json\/wp\/v2\/categories?post=303006"},{"taxonomy":"post_tag","embeddable":true,"href":"https:\/\/www.europesays.com\/es\/wp-json\/wp\/v2\/tags?post=303006"}],"curies":[{"name":"wp","href":"https:\/\/api.w.org\/{rel}","templated":true}]}}