{"id":303029,"date":"2025-12-23T10:05:16","date_gmt":"2025-12-23T10:05:16","guid":{"rendered":"https:\/\/www.europesays.com\/es\/303029\/"},"modified":"2025-12-23T10:05:16","modified_gmt":"2025-12-23T10:05:16","slug":"jordi-sevilla-lanza-un-manifiesto-para-construir-la-alternativa","status":"publish","type":"post","link":"https:\/\/www.europesays.com\/es\/303029\/","title":{"rendered":"Jordi Sevilla lanza un manifiesto para construir la alternativa"},"content":{"rendered":"\n<p> Algo se mueve en el PSOE contra el liderazgo de <strong>Pedro S\u00e1nchez<\/strong>, con m\u00e1s raz\u00f3n tras el <a href=\"https:\/\/www.elconfidencial.com\/espana\/2025-12-22\/feijoo-golpe-sanchez-vox-imprescindible-extremadura_4271135\/\" target=\"_self\" rel=\"nofollow noopener\">batacazo electoral del domingo 21<\/a> de diciembre. El otrora partido hegem\u00f3nico en Extremadura no s\u00f3lo ha sido desplazado a segunda fuerza, sino que el PP de <strong>Mar\u00eda Guardiola<\/strong> le aventaj\u00f3 en 18 puntos y 11 esca\u00f1os. Es m\u00e1s, Podemos est\u00e1 m\u00e1s cerca de los socialistas que estos del Partido Popular. Tales resultados, y el cierre de filas de la actual direcci\u00f3n as\u00ed como su falta de autocr\u00edtica, est\u00e1n provocando que cada vez sean m\u00e1s las voces que, en privado, exigen al PSOE un debate sobre la estrategia a seguir por el partido, tal y como ha podido constatar este peri\u00f3dico tras el 21D. <\/p>\n<p> En este contexto, y ante la previsible traslaci\u00f3n del resultado extreme\u00f1o al resto de citas electorales en autonom\u00edas (Arag\u00f3n, Castilla y Le\u00f3n y Andaluc\u00eda), el exministro de Administraciones P\u00fablicas <strong>Jordi Sevilla<\/strong> ha anunciado a El Confidencial que el pr\u00f3ximo mes de enero <strong>se publicar\u00e1 un manifiesto p\u00fablico <\/strong>para poner en marcha la <a href=\"https:\/\/www.elconfidencial.com\/espana\/2025-12-20\/psoe-sanchez-sucesion-postsanchismo-estrategia_4270308\/\" target=\"_self\" rel=\"nofollow noopener\">construcci\u00f3n de una alternativa interna <\/a>al liderazgo de S\u00e1nchez en el PSOE cuando este deje la Presidencia del Gobierno. <\/p>\n<p> Se trata, seg\u00fan explica el exministro de <strong>Jos\u00e9 Luis Rodr\u00edguez Zapatero<\/strong>, de ir construyendo una estructura que permita <strong>canalizar el creciente descontento<\/strong> existente en el partido con el modelo construido por S\u00e1nchez, tanto en lo org\u00e1nico como <a href=\"https:\/\/www.elconfidencial.com\/espana\/2024-11-30\/el-psoe-solventa-la-guerra-de-la-financiacion-con-un-texto-aceptable-desde_4014646\/\" target=\"_self\" rel=\"nofollow noopener\">en lo ideol\u00f3gico<\/a>: una organizaci\u00f3n en cuyos \u00f3rganos de direcci\u00f3n no existe la discrepancia interna y un posicionamiento que los aleja cada vez m\u00e1s de los tradicionales postulados socialdem\u00f3cratas. No se trata de proclamarse \u00absanchista ni antisanchista\u00bb, sino de construir una \u00abalternativa s\u00f3lida\u00bb. <\/p>\n<p> Sevilla sostiene que el proyecto actual del PSOE est\u00e1 <strong>\u00abdesnaturalizado\u00bb por las cesiones a otras fuerzas<\/strong> como consecuencia del pacto con los partidos que conforman la mayor\u00eda que desaloj\u00f3 a <strong>Mariano Rajoy<\/strong> del poder y que<strong> Alfredo P\u00e9rez Rubalcaba<\/strong> <a href=\"https:\/\/blogs.elconfidencial.com\/espana\/matacan\/2023-08-17\/existencia-espana-frankenstein_3719343\/\" target=\"_self\" rel=\"nofollow noopener\">bautiz\u00f3 como Frankenstein<\/a>. En su opini\u00f3n, los pactos con ERC, Bildu, Junts o Sumar impiden poner en marcha un \u00abproyecto de pa\u00eds\u00bb para abordar los problemas existentes en cuestiones estructurales, como la sanidad, la educaci\u00f3n o la econom\u00eda. <\/p>\n<p>              <img decoding=\"async\" class=\"inTextNews__img\" alt=\"Foto: psoe-sanchez-sucesion-postsanchismo-estrategia\" src=\"https:\/\/www.europesays.com\/es\/wp-content\/uploads\/2025\/12\/f.elconfidencial.com\/original\/45e\/700\/e39\/45e700e390aff65fe2ade76677d7d90a.jpg\"  \/>     <\/p>\n<p>TE PUEDE INTERESAR<\/p>\n<p>      <a class=\"inTextNews__title\" href=\"https:\/\/www.elconfidencial.com\/espana\/2025-12-20\/psoe-sanchez-sucesion-postsanchismo-estrategia_4270308\/\" onclick=\"window.ECCO.emit(&#039;amplitude&#039;, { dataEventName: &#039;click_related_article_module&#039;, data: { related_article_url: &#039;https:\/\/www.elconfidencial.com\/espana\/2025-12-20\/psoe-sanchez-sucesion-postsanchismo-estrategia_4270308\/&#039;, related_article_author: &#039;Juan Fern\u00e1ndez-Miranda&#039;, related_article_section: &#039;espana&#039; } })\" rel=\"nofollow noopener\" target=\"_blank\"> El PSOE se mueve para la sucesi\u00f3n de S\u00e1nchez: las dos estrategias del postsanchismo <\/a>   <\/p>\n<p>    Juan Fern\u00e1ndez-Miranda   <\/p>\n<p> La idea es lanzar el manifiesto <strong>despu\u00e9s de Reyes y antes de la campa\u00f1a electoral <\/strong>de los <a href=\"https:\/\/www.elconfidencial.com\/espana\/2025-12-12\/aragon-ira-a-elecciones-el-proximo-8-de-febrero-tras-naufragar-el-pacto-del-pp-con-vox_4265168\/\" target=\"_self\" rel=\"nofollow noopener\">comicios auton\u00f3micos de Arag\u00f3n<\/a>, donde seg\u00fan los sondeos, el PSOE volver\u00e1 a cosechar un mal resultado. Las \u00faltimas encuestas sit\u00faan al partido en el entorno de los 15 esca\u00f1os, el peor resultado de las \u00faltimas d\u00e9cadas. En este caso se suma <a href=\"https:\/\/www.elconfidencial.com\/espana\/2025-12-14\/pilar-alegria-susanismo-lambanismo-ultimo-sacrificio-sanchez_4265835\/\" target=\"_self\" rel=\"nofollow noopener\">el agravante de que la l\u00edder <\/a>de la formaci\u00f3n en la regi\u00f3n es <strong>Pilar Alegr\u00eda<\/strong>, hasta la semana pasada ministra de Educaci\u00f3n, portavoz del Gobierno de S\u00e1nchez y adversaria de uno de los l\u00edderes socialistas cr\u00edticos, <strong>Javier Lamb\u00e1n<\/strong>. <\/p>\n<p> La publicaci\u00f3n de este manifiesto llegar\u00e1 despu\u00e9s de que en las \u00faltimas semanas<strong> Jordi Sevilla <\/strong>haya <a href=\"https:\/\/www.elconfidencial.com\/empresas\/2025-12-05\/exministro-jordi-sevilla-llyc-distancia-sanchez_4260656\/\" target=\"_self\" rel=\"nofollow noopener\">incrementado su presencia p\u00fablica<\/a> para ir abriendo el debate. \u00abNo se trata de lanzar de inmediato <strong>un pulso org\u00e1nico para cargarse al secretario general<\/strong>, sino de estar preparados para el ma\u00f1ana\u00bb, subraya, se\u00f1alando que la oportunidad surgir\u00e1 cuando el PSOE abandone la Moncloa y se abra un proceso de primarias a la Secretar\u00eda General del partido. Es decir, a lo m\u00e1s tardar, tras el verano de 2027. <\/p>\n<p>              <img decoding=\"async\" class=\"inTextNews__img\" alt=\"Foto: antisanchismo-socialista-feijoo-dia-negro-sanchez\" src=\"https:\/\/www.europesays.com\/es\/wp-content\/uploads\/2025\/12\/f.elconfidencial.com\/original\/563\/64f\/d5c\/56364fd5c76545efcfa7b766f7336288.jpg\"  \/>     <\/p>\n<p>TE PUEDE INTERESAR<\/p>\n<p>      <a class=\"inTextNews__title\" href=\"https:\/\/www.elconfidencial.com\/espana\/2025-11-28\/antisanchismo-socialista-feijoo-dia-negro-sanchez_4256198\/\" onclick=\"window.ECCO.emit(&#039;amplitude&#039;, { dataEventName: &#039;click_related_article_module&#039;, data: { related_article_url: &#039;https:\/\/www.elconfidencial.com\/espana\/2025-11-28\/antisanchismo-socialista-feijoo-dia-negro-sanchez_4256198\/&#039;, related_article_author: &#039;Juan Fern\u00e1ndez-Miranda&#039;, related_article_section: &#039;espana&#039; } })\" rel=\"nofollow noopener\" target=\"_blank\"> El antisanchismo socialista, con Feij\u00f3o en el d\u00eda negro de S\u00e1nchez: \u00abEntre la melancol\u00eda y la esperanza\u00bb <\/a>   <\/p>\n<p>    Juan Fern\u00e1ndez-Miranda   <\/p>\n<p> Para entonces, Sevilla conf\u00eda en haber establecido las <strong>bases para construir una alternativa<\/strong>, as\u00ed como una estructura que permita a la persona que vaya a liderar ese movimiento competir en igualdad de condiciones. Dado que <a href=\"https:\/\/www.elconfidencial.com\/espana\/2024-12-01\/sanchez-se-protege-en-el-psoe-con-su-nucleo-duro-y-conserva-a-cerdan-y-montero_4014693\/\" target=\"_self\" rel=\"nofollow noopener\">S\u00e1nchez tiene en este momento un control casi absoluto del PSOE<\/a>, tanto en los \u00f3rganos federales como en la mayor\u00eda de las federaciones, el objetivo es que las personas que son cr\u00edticas en privado <strong>se atrevan a serlo en p\u00fablico<\/strong> y as\u00ed visualizar que otro modelo es posible. <\/p>\n<p> El manifiesto ver\u00e1 la luz con la firma de<strong> \u00abdiez o quince\u00bb promotores de distintas generaciones<\/strong> que sirvan como punto de partida para incorporar a las nuevas generaciones de socialistas que entienden que el partido tiene que recuperar los posicionamientos socialdem\u00f3cratas donde el partido se situ\u00f3 despu\u00e9s de la Transici\u00f3n. \u00abHay un temor enorme a expresar cr\u00edticas p\u00fablicamente desde dentro del partido\u00bb, explica. La idea es que a los hist\u00f3ricos que ya se han posicionado en contra de Pedro S\u00e1nchez, como <a href=\"https:\/\/www.elconfidencial.com\/tags\/personajes\/felipe-gonzalez-3749\/\" target=\"_self\" rel=\"nofollow noopener\">Felipe Gonz\u00e1lez<\/a>, <strong>Alfonso Guerra<\/strong> o varias decenas de exdirigentes socialistas, se sumen caras nuevas de otras generaciones. <\/p>\n<p> \u00abEn ese grupo promotor habr\u00e1 nombres lo suficientemente relevantes, porqu<strong>e hay un grupo de personas que tenemos que tirar del carro<\/strong>. Pero tambi\u00e9n gente joven que est\u00e9 dispuesta a dar el paso, y a los que <a href=\"https:\/\/www.elconfidencial.com\/espana\/2025-07-12\/caso-cerdan-desangra-graneros-psoe-cada-jovenes-mujeres_4170909\/\" target=\"_self\" rel=\"nofollow noopener\">no podemos dejar en la estacada<\/a> llegado el momento\u00bb, concluye Sevilla. <\/p>\n<p> El manifiesto es un primer paso. Muy probablemente trate de ser ridiculizado desde Ferraz y con toda seguridad se escuchar\u00e1 que contra el partido de Pedro S\u00e1nchez no tiene nada que hacer. El tiempo dar\u00e1 y quitar\u00e1 razones, pero de momento es la primera vez que los cr\u00edticos del PSOE dan un paso real para construir una alternativa. Tiempo habr\u00e1 para hablar de nombres. <\/p>\n<p> Algo se mueve en el PSOE contra el liderazgo de <strong>Pedro S\u00e1nchez<\/strong>, con m\u00e1s raz\u00f3n tras el <a href=\"https:\/\/www.elconfidencial.com\/espana\/2025-12-22\/feijoo-golpe-sanchez-vox-imprescindible-extremadura_4271135\/\" target=\"_self\" rel=\"nofollow noopener\">batacazo electoral del domingo 21<\/a> de diciembre. El otrora partido hegem\u00f3nico en Extremadura no s\u00f3lo ha sido desplazado a segunda fuerza, sino que el PP de <strong>Mar\u00eda Guardiola<\/strong> le aventaj\u00f3 en 18 puntos y 11 esca\u00f1os. Es m\u00e1s, Podemos est\u00e1 m\u00e1s cerca de los socialistas que estos del Partido Popular. Tales resultados, y el cierre de filas de la actual direcci\u00f3n as\u00ed como su falta de autocr\u00edtica, est\u00e1n provocando que cada vez sean m\u00e1s las voces que, en privado, exigen al PSOE un debate sobre la estrategia a seguir por el partido, tal y como ha podido constatar este peri\u00f3dico tras el 21D. <\/p>\n","protected":false},"excerpt":{"rendered":"Algo se mueve en el PSOE contra el liderazgo de Pedro S\u00e1nchez, con m\u00e1s raz\u00f3n tras el batacazo&hellip;\n","protected":false},"author":2,"featured_media":303030,"comment_status":"","ping_status":"","sticky":false,"template":"","format":"standard","meta":{"footnotes":""},"categories":[5],"tags":[17,18,25,24,13,14,11,19,20,9,10,15,16,23,12,21,22],"class_list":{"0":"post-303029","1":"post","2":"type-post","3":"status-publish","4":"format-standard","5":"has-post-thumbnail","7":"category-titulares","8":"tag-breaking-news","9":"tag-breakingnews","10":"tag-es","11":"tag-espana","12":"tag-featured-news","13":"tag-featurednews","14":"tag-headlines","15":"tag-latest-news","16":"tag-latestnews","17":"tag-news","18":"tag-noticias","19":"tag-noticias-destacadas","20":"tag-noticiasdestacadas","21":"tag-spain","22":"tag-titulares","23":"tag-ultimas-noticias","24":"tag-ultimasnoticias"},"share_on_mastodon":{"url":"https:\/\/pubeurope.com\/@es\/115768323518840619","error":""},"_links":{"self":[{"href":"https:\/\/www.europesays.com\/es\/wp-json\/wp\/v2\/posts\/303029","targetHints":{"allow":["GET"]}}],"collection":[{"href":"https:\/\/www.europesays.com\/es\/wp-json\/wp\/v2\/posts"}],"about":[{"href":"https:\/\/www.europesays.com\/es\/wp-json\/wp\/v2\/types\/post"}],"author":[{"embeddable":true,"href":"https:\/\/www.europesays.com\/es\/wp-json\/wp\/v2\/users\/2"}],"replies":[{"embeddable":true,"href":"https:\/\/www.europesays.com\/es\/wp-json\/wp\/v2\/comments?post=303029"}],"version-history":[{"count":0,"href":"https:\/\/www.europesays.com\/es\/wp-json\/wp\/v2\/posts\/303029\/revisions"}],"wp:featuredmedia":[{"embeddable":true,"href":"https:\/\/www.europesays.com\/es\/wp-json\/wp\/v2\/media\/303030"}],"wp:attachment":[{"href":"https:\/\/www.europesays.com\/es\/wp-json\/wp\/v2\/media?parent=303029"}],"wp:term":[{"taxonomy":"category","embeddable":true,"href":"https:\/\/www.europesays.com\/es\/wp-json\/wp\/v2\/categories?post=303029"},{"taxonomy":"post_tag","embeddable":true,"href":"https:\/\/www.europesays.com\/es\/wp-json\/wp\/v2\/tags?post=303029"}],"curies":[{"name":"wp","href":"https:\/\/api.w.org\/{rel}","templated":true}]}}