{"id":303088,"date":"2025-12-23T10:49:12","date_gmt":"2025-12-23T10:49:12","guid":{"rendered":"https:\/\/www.europesays.com\/es\/303088\/"},"modified":"2025-12-23T10:49:12","modified_gmt":"2025-12-23T10:49:12","slug":"petro-decreta-la-emergencia-economica-en-colombia-ante-una-inminente-crisis-fiscal","status":"publish","type":"post","link":"https:\/\/www.europesays.com\/es\/303088\/","title":{"rendered":"Petro decreta la emergencia econ\u00f3mica en Colombia ante una \u00abinminente crisis fiscal\u00bb"},"content":{"rendered":"<p>    <img src=\"https:\/\/www.europesays.com\/es\/wp-content\/uploads\/2025\/12\/2025-12-23T083A483A12Z-90681229.jpg\" width=\"1024\" height=\"681\" alt=\"\" loading=\"eager\" decoding=\"sync\" fetchpriority=\"high\"\/><\/p>\n<p>            afp_tickers        <\/p>\n<p>        Este contenido fue publicado en    <\/p>\n<p>        23 diciembre 2025 &#8211; 09:48\n<\/p>\n<p>El presidente de Colombia, Gustavo Petro, declar\u00f3 el lunes al pa\u00eds en emergencia econ\u00f3mica por 30 d\u00edas ante una \u00abinminente crisis fiscal\u00bb, luego de que el Congreso archivara una reforma tributaria con la que buscaba obtener recursos adicionales para el presupuesto de 2026.<\/p>\n<p>El decreto\u00a0permitir\u00e1 al gobierno del izquierdista adoptar impuestos especiales para alcanzar la meta de 41.000 millones de d\u00f3lares que, seg\u00fan Petro, se necesitan para manejar las finanzas del pa\u00eds el pr\u00f3ximo a\u00f1o.\u00a0Todav\u00eda no se conocen los alcances espec\u00edficos que tendr\u00e1 la medida ni los tributos que se implementar\u00e1n.<\/p>\n<p>La econom\u00eda colombiana se fortalece y supera las proyecciones de los analistas, que esperan una subida en el PIB de entre 2,6 y 2,7% hacia el final del a\u00f1o.<\/p>\n<p>Pero el gasto p\u00fablico crece de la mano del endeudamiento, sin un aumento sustancial de la recaudaci\u00f3n. Entre 2023 y 2024, el d\u00e9ficit fiscal subi\u00f3 2,5 puntos porcentuales y analistas esperan que el indicador cierre por encima del 7% en 2025.<\/p>\n<p>Para cerrar esa brecha, Petro apost\u00f3 por una nueva reforma tributaria que aspiraba recaudar, mediante nuevos impuestos, unos 4.000 millones de d\u00f3lares para a\u00f1adir al presupuesto nacional del pr\u00f3ximo a\u00f1o.<\/p>\n<p>Pero el Congreso archiv\u00f3 el proyecto a inicios de este mes en medio de advertencias del mandatario sobre recortes a la inversi\u00f3n p\u00fablica.<\/p>\n<p>Seg\u00fan el decreto firmado por Petro, Colombia se encuentra ante una \u00abinminente crisis fiscal\u00bb que podr\u00eda ocasionar \u00abun ajuste dr\u00e1stico\u00bb en las finanzas del Estado y afectar el \u00abbienestar de la poblaci\u00f3n\u00bb.<\/p>\n<p>\u00abEl gobierno no va a dejar que se desate una crisis\u00bb, afirm\u00f3 el mandatario en la red social X luego de que el legislativo hundiera su paquete tributario.\u00a0\u00abSi no hay emergencia (econ\u00f3mica), hay recorte\u00bb, adelant\u00f3.<\/p>\n<p>Petro, el primer presidente de izquierda en la historia de Colombia, impuls\u00f3 desde el inicio de su mandato en 2022 varias reformas emblem\u00e1ticas al sistema tributario, la salud y el trabajo.\u00a0<\/p>\n<p>Pero a ocho meses de dejar el poder, solo la laboral y pensional llegaron a ser ley.<\/p>\n<p>Con el decreto de emergencia, el gobierno espera \u00abgarantizar la recuperaci\u00f3n de los recursos que el Congreso dej\u00f3 desfinanciado\u00bb tras el archivo de la reforma tributaria, dijo el ministro de Hacienda Germ\u00e1n \u00c1vila, que adelant\u00f3 el anuncio el viernes en una rueda de prensa.<\/p>\n<p>vd\/mas<\/p>\n","protected":false},"excerpt":{"rendered":"afp_tickers Este contenido fue publicado en 23 diciembre 2025 &#8211; 09:48 El presidente de Colombia, Gustavo Petro, declar\u00f3&hellip;\n","protected":false},"author":2,"featured_media":303089,"comment_status":"","ping_status":"","sticky":false,"template":"","format":"standard","meta":{"footnotes":""},"categories":[42],"tags":[17,18,36596,82,84,13,14,4437,11,61,62,63,64,19,20,87,9,10,15,16,88,29931,90,12,21,22,65,66,67],"class_list":{"0":"post-303088","1":"post","2":"type-post","3":"status-publish","4":"format-standard","5":"has-post-thumbnail","7":"category-internacional","8":"tag-breaking-news","9":"tag-breakingnews","10":"tag-budgets-and-budgeting","11":"tag-business","12":"tag-economy-general","13":"tag-featured-news","14":"tag-featurednews","15":"tag-government","16":"tag-headlines","17":"tag-internacional","18":"tag-international","19":"tag-international-news","20":"tag-internationalnews","21":"tag-latest-news","22":"tag-latestnews","23":"tag-macro-economics","24":"tag-news","25":"tag-noticias","26":"tag-noticias-destacadas","27":"tag-noticiasdestacadas","28":"tag-politics","29":"tag-state-budget-and-tax","30":"tag-ticker","31":"tag-titulares","32":"tag-ultimas-noticias","33":"tag-ultimasnoticias","34":"tag-world","35":"tag-world-news","36":"tag-worldnews"},"share_on_mastodon":{"url":"","error":"Validation failed: Text character limit of 500 exceeded"},"_links":{"self":[{"href":"https:\/\/www.europesays.com\/es\/wp-json\/wp\/v2\/posts\/303088","targetHints":{"allow":["GET"]}}],"collection":[{"href":"https:\/\/www.europesays.com\/es\/wp-json\/wp\/v2\/posts"}],"about":[{"href":"https:\/\/www.europesays.com\/es\/wp-json\/wp\/v2\/types\/post"}],"author":[{"embeddable":true,"href":"https:\/\/www.europesays.com\/es\/wp-json\/wp\/v2\/users\/2"}],"replies":[{"embeddable":true,"href":"https:\/\/www.europesays.com\/es\/wp-json\/wp\/v2\/comments?post=303088"}],"version-history":[{"count":0,"href":"https:\/\/www.europesays.com\/es\/wp-json\/wp\/v2\/posts\/303088\/revisions"}],"wp:featuredmedia":[{"embeddable":true,"href":"https:\/\/www.europesays.com\/es\/wp-json\/wp\/v2\/media\/303089"}],"wp:attachment":[{"href":"https:\/\/www.europesays.com\/es\/wp-json\/wp\/v2\/media?parent=303088"}],"wp:term":[{"taxonomy":"category","embeddable":true,"href":"https:\/\/www.europesays.com\/es\/wp-json\/wp\/v2\/categories?post=303088"},{"taxonomy":"post_tag","embeddable":true,"href":"https:\/\/www.europesays.com\/es\/wp-json\/wp\/v2\/tags?post=303088"}],"curies":[{"name":"wp","href":"https:\/\/api.w.org\/{rel}","templated":true}]}}